{"id":1112561,"date":"2026-02-16T03:59:31","date_gmt":"2026-02-16T03:59:31","guid":{"rendered":"https:\/\/dimensionturistica.com\/es\/?p=1112561"},"modified":"2026-02-16T03:59:31","modified_gmt":"2026-02-16T03:59:31","slug":"el-estilo-veraniego-de-dirx-en-su-viral-caminata-chica-caliente-de-los-2000-en-la-semana-de-la-moda-de-nueva-york","status":"publish","type":"post","link":"https:\/\/dimensionturistica.com\/es\/el-estilo-veraniego-de-dirx-en-su-viral-caminata-chica-caliente-de-los-2000-en-la-semana-de-la-moda-de-nueva-york\/","title":{"rendered":"El Estilo Veraniego de Dirx en Su Viral Caminata &#8220;Chica Caliente de los 2000&#8221; en la Semana de la Moda de Nueva York"},"content":{"rendered":"<h3>La Revoluci\u00f3n del Estilo Veraniego: 7 For All Mankind y la Nueva Era del Denim<\/h3>\n<p>El verano se perfila como la temporada m\u00e1s esperada por los amantes de la moda, y este a\u00f1o, una marca ic\u00f3nica ha encontrado la manera de capitalizar esa energ\u00eda vibrante con una innovadora propuesta. 7 For All Mankind ha lanzado una campa\u00f1a que no solo se centra en sus productos, sino que tambi\u00e9n celebra la cultura digital y la conectividad en la que estamos inmersos.<\/p>\n<p><strong>Una Pasarela Virtual<\/strong><\/p>\n<p>A medida que el mundo se adapta a nuevos formatos, la pasarela tradicional se reinventa en el \u00e1mbito digital. La marca ha lanzado un video que no solo presenta su colecci\u00f3n de verano, sino que lo hace de una manera interactiva y envolvente. La propuesta se ha vuelto viral, y esto no es casualidad: la combinaci\u00f3n de estilo, innovaci\u00f3n y tecnolog\u00eda ha capturado la atenci\u00f3n de seguidores y cr\u00edticos por igual. En este nuevo formato, se desaf\u00edan las convenciones, y los espectadores son transportados a un universo donde el denim adquiere una nueva dimensi\u00f3n.<\/p>\n<p><strong>Denim Como Estilo de Vida<\/strong><\/p>\n<p>El denim, conocido por su versatilidad y resistencia, se convierte en el protagonista de esta narrativa. Desde los cl\u00e1sicos jeans hasta las chaquetas m\u00e1s atrevidas, la colecci\u00f3n de 7 For All Mankind explora diferentes siluetas y cortes que se alinean con las tendencias actuales. Las prendas son dise\u00f1adas para adaptarse a cualquier figura y ocasi\u00f3n, lo que permite a cada individualidad brillar a trav\u00e9s de su estilo personal.<\/p>\n<p><strong>La Influencia del Contexto Digital<\/strong><\/p>\n<p>Las redes sociales han cambiado la forma en que consumimos moda, y 7 For All Mankind parece entender este fen\u00f3meno a la perfecci\u00f3n. Con la campa\u00f1a, la marca invita a la audiencia a compartir su propia interpretaci\u00f3n del estilo veraniego, creando un di\u00e1logo activo entre la marca y sus seguidores. Esta estrategia no solo amplifica el alcance de su mensaje, sino que tambi\u00e9n fomenta un sentido de comunidad y pertenencia entre los aficionados del denim.<\/p>\n<p><strong>Impacto Visual<\/strong><\/p>\n<p>Una producci\u00f3n de alto nivel y est\u00e9tica cuidadosamente elaborada es clave para captar la atenci\u00f3n del p\u00fablico. Las im\u00e1genes v\u00edvidas y din\u00e1micas que acompa\u00f1an al video son un fest\u00edn visual, donde el color y la textura del denim se muestran en su m\u00e1xima expresi\u00f3n. Esto no solo atrae a los espectadores, sino que tambi\u00e9n los hace querer formar parte de esa experiencia sensorial.<\/p>\n<p><strong>Una Invitaci\u00f3n a la Creatividad<\/strong><\/p>\n<p>La propuesta de 7 For All Mankind no solo se queda en la presentaci\u00f3n de un producto; es una invitaci\u00f3n a la creatividad. A trav\u00e9s del hashtag de la campa\u00f1a, la audiencia es animada a experimentar con sus propios looks, compartiendo su sello personal en un formato visual. Esta conexi\u00f3n aut\u00e9ntica con los consumidores eleva la percepci\u00f3n de la marca, convirti\u00e9ndola en un referente no solo en moda, sino tambi\u00e9n en cultura contempor\u00e1nea.<\/p>\n<p><strong>El Futuro es Brillante<\/strong><\/p>\n<p>A medida que la campa\u00f1a se expande, es evidente que 7 For All Mankind ha encontrado la f\u00f3rmula para mantenerse relevante en un mundo en constante cambio. Con su enfoque innovador y su celebraci\u00f3n del esp\u00edritu veraniego, la marca establece nuevos est\u00e1ndares en la industria de la moda. La sinergia entre la creatividad y la conectividad digital promete un futuro donde el estilo y la comunidad contin\u00faan interrelacionados.<\/p>\n<p>La moda ya no es solo un escaparate; es una experiencia compartida, y 7 For All Mankind est\u00e1 en la vanguardia de este emocionante viaje.<\/p>\n<p><em> &#8221; Fuentes www.vogue.com &#8221; <\/em><\/p>\n","protected":false},"excerpt":{"rendered":"<p>La Revoluci\u00f3n del Estilo Veraniego: 7 For All Mankind y la Nueva Era del Denim El verano se perfila como la temporada m\u00e1s esperada por los amantes de la moda, y este a\u00f1o, una marca ic\u00f3nica ha encontrado la manera de capitalizar esa energ\u00eda vibrante con una innovadora propuesta. 7 For All Mankind ha lanzado [&hellip;]<\/p>\n","protected":false},"author":14,"featured_media":1112562,"comment_status":"open","ping_status":"closed","sticky":false,"template":"","format":"standard","meta":{"om_disable_all_campaigns":false,"jnews-multi-image_gallery":[],"jnews_single_post":[],"jnews_primary_category":[],"jnews_social_meta":[],"footnotes":""},"categories":[144872],"tags":[166,267945,267944,202829,203799,94447,357,198622,217323,372,267943,6194,2462,373],"class_list":["post-1112561","post","type-post","status-publish","format-standard","has-post-thumbnail","hentry","category-fashion","tag-fashion","tag-hot-girl-walk","tag-messy-2000s","tag-models","tag-nyfw","tag-runway","tag-social-media","tag-splitscreenimagerightinset","tag-storytypeinterview","tag-style","tag-summer-dirx","tag-trends","tag-viral","tag-web"],"_links":{"self":[{"href":"https:\/\/dimensionturistica.com\/es\/wp-json\/wp\/v2\/posts\/1112561","targetHints":{"allow":["GET"]}}],"collection":[{"href":"https:\/\/dimensionturistica.com\/es\/wp-json\/wp\/v2\/posts"}],"about":[{"href":"https:\/\/dimensionturistica.com\/es\/wp-json\/wp\/v2\/types\/post"}],"author":[{"embeddable":true,"href":"https:\/\/dimensionturistica.com\/es\/wp-json\/wp\/v2\/users\/14"}],"replies":[{"embeddable":true,"href":"https:\/\/dimensionturistica.com\/es\/wp-json\/wp\/v2\/comments?post=1112561"}],"version-history":[{"count":1,"href":"https:\/\/dimensionturistica.com\/es\/wp-json\/wp\/v2\/posts\/1112561\/revisions"}],"predecessor-version":[{"id":1112563,"href":"https:\/\/dimensionturistica.com\/es\/wp-json\/wp\/v2\/posts\/1112561\/revisions\/1112563"}],"wp:featuredmedia":[{"embeddable":true,"href":"https:\/\/dimensionturistica.com\/es\/wp-json\/wp\/v2\/media\/1112562"}],"wp:attachment":[{"href":"https:\/\/dimensionturistica.com\/es\/wp-json\/wp\/v2\/media?parent=1112561"}],"wp:term":[{"taxonomy":"category","embeddable":true,"href":"https:\/\/dimensionturistica.com\/es\/wp-json\/wp\/v2\/categories?post=1112561"},{"taxonomy":"post_tag","embeddable":true,"href":"https:\/\/dimensionturistica.com\/es\/wp-json\/wp\/v2\/tags?post=1112561"}],"curies":[{"name":"wp","href":"https:\/\/api.w.org\/{rel}","templated":true}]}}