{"id":111239,"date":"2021-04-11T06:08:10","date_gmt":"2021-04-11T06:08:10","guid":{"rendered":"https:\/\/dimensionturistica.com\/es\/?p=111239"},"modified":"2021-04-11T06:08:10","modified_gmt":"2021-04-11T06:08:10","slug":"a-poco-mas-de-siete-meses-de-la-eleccion-presidencial-el-libero","status":"publish","type":"post","link":"https:\/\/dimensionturistica.com\/es\/a-poco-mas-de-siete-meses-de-la-eleccion-presidencial-el-libero\/","title":{"rendered":"A poco m\u00e1s de siete meses de la elecci\u00f3n presidencial \u2013 El L\u00edbero"},"content":{"rendered":"<p> <br \/>\n<\/p>\n<div>\n<p style=\"font-weight: 400;\">Es un hecho del todo in\u00e9dito. A poco m\u00e1s de siete meses de la elecci\u00f3n presidencial no sabemos a\u00fan qui\u00e9n tiene las mejores posibilidades de ser electo c\u00f3mo el primer presidente que suceder\u00e1 a la dupla -Michelle Bachelet y Sebasti\u00e1n Pi\u00f1era- que ha gobernado el pa\u00eds durante 16 a\u00f1os. Consid\u00e9rese que en la trayectoria de vida de un joven de veinte a\u00f1os \u00e9ste habr\u00e1 visto solo a dos personas dirigiendo los destinos del pa\u00eds desde La Moneda. Por lo tanto, quien sea elegido al fin de este a\u00f1o para asumir la m\u00e1s alta magistratura en marzo de 2022 ser\u00e1 toda una novedad para muchos, y quiz\u00e1s lo sea en otras dimensiones relevantes a las que ser\u00e1 importante prestar atenci\u00f3n.<\/p>\n<p style=\"font-weight: 400;\">\u00bfSer\u00e1 un pol\u00edtico experimentado o un joven debutando en estas lides? \u00bfSer\u00e1 un hombre o la segunda mujer en ocupar el sill\u00f3n de O\u00b4Higgins? \u00bfSer\u00e1 el primer alcalde en elevarse al m\u00e1s alto cargo al que puede aspirar un chileno? Y la pregunta m\u00e1s acuciante: \u00bfSer\u00e1 alguien que continuar\u00e1 la saga de presidentes elegidos desde 1990, pol\u00edticos destacados salidos de partidos tradicionales (dos de la DC, dos del PS y uno de RN), o un independiente con rasgos populistas? No queda mucho tiempo para el acto electoral del 21 de noviembre y, sin embargo, no lo sabemos a\u00fan.<\/p>\n<p style=\"font-weight: 400;\"><strong>A estas alturas, en las siete elecciones anteriores ya se conoc\u00edan los dos nombres en carrera que ten\u00edan las mejores posibilidades de ser finalmente el elegido.<\/strong> Tambi\u00e9n ya sab\u00edamos que las candidaturas populistas no ten\u00edan posibilidades de prosperar. Pero en esta ocasi\u00f3n una s\u00f3lida mayor\u00eda no tiene todav\u00eda una preferencia declarada. Como afirmaba Pedro G\u00fcell en una entrevista reciente, \u201clas encuestas muestran que nadie est\u00e1 bien posicionado [y que] la sociedad no se siente interpretada por los liderazgos en vitrina\u201d.<\/p>\n<p style=\"font-weight: 400;\">Lo que est\u00e1 en juego esta vez no es tanto la opci\u00f3n entre la continuidad de la centro-derecha o el regreso de la centro-izquierda, c\u00f3mo la posibilidad de una candidatura abiertamente populista que, ahora s\u00ed, pudiera ser competitiva. Que no sea posible descartar del todo esa posibilidad es a no dudarlo la principal novedad de esta elecci\u00f3n presidencial. Lo que s\u00ed se puede pronosticar con razonable certeza es que una candidatura populista, para hacerse competitiva, s\u00f3lo podr\u00eda hacerlo desde la izquierda del espectro pol\u00edtico, donde el discurso en contra de la \u00e9lite y de las instituciones que han dado forma al Chile de los \u00faltimos 30 a\u00f1os tiene fuerte arraigo. Es el \u00fanico dato \u201cduro\u201d del que podemos estar seguros en medio de la in\u00e9dita incertidumbre que rodea una elecci\u00f3n presidencial que podr\u00eda ser essential para el devenir del pa\u00eds en los pr\u00f3ximos a\u00f1os.<\/p>\n<\/p><\/div>\n<p><script>\n  !function(f,b,e,v,n,t,s)\n  {if(f.fbq)return;n=f.fbq=function(){n.callMethod?\n  n.callMethod.apply(n,arguments):n.queue.push(arguments)};\n  if(!f._fbq)f._fbq=n;n.push=n;n.loaded=!0;n.version='2.0';\n  n.queue=[];t=b.createElement(e);t.async=!0;\n  t.src=v;s=b.getElementsByTagName(e)[0];\n  s.parentNode.insertBefore(t,s)}(window, document,'script',\n  'https:\/\/connect.facebook.net\/en_US\/fbevents.js');\n  fbq('init', '1144355728955241');\n  fbq('track', 'PageView');\n<\/script><br \/>\n<br \/><\/p>\n<p><em> &#8221; Fuentes ellibero.cl &#8221; <\/em><\/p>\n","protected":false},"excerpt":{"rendered":"<p>Es un hecho del todo in\u00e9dito. A poco m\u00e1s de siete meses de la elecci\u00f3n presidencial no sabemos a\u00fan qui\u00e9n tiene las mejores posibilidades de ser electo c\u00f3mo el primer presidente que suceder\u00e1 a la dupla -Michelle Bachelet y Sebasti\u00e1n Pi\u00f1era- que ha gobernado el pa\u00eds durante 16 a\u00f1os. Consid\u00e9rese que en la trayectoria de [&hellip;]<\/p>\n","protected":false},"author":4,"featured_media":111240,"comment_status":"open","ping_status":"closed","sticky":false,"template":"","format":"standard","meta":{"om_disable_all_campaigns":false,"jnews-multi-image_gallery":[],"jnews_single_post":[],"jnews_primary_category":[],"jnews_social_meta":[],"footnotes":""},"categories":[39],"tags":[21916,2142,2234],"class_list":["post-111239","post","type-post","status-publish","format-standard","has-post-thumbnail","hentry","category-viajes","tag-claudio-hohmann","tag-elecciones","tag-presidente"],"_links":{"self":[{"href":"https:\/\/dimensionturistica.com\/es\/wp-json\/wp\/v2\/posts\/111239","targetHints":{"allow":["GET"]}}],"collection":[{"href":"https:\/\/dimensionturistica.com\/es\/wp-json\/wp\/v2\/posts"}],"about":[{"href":"https:\/\/dimensionturistica.com\/es\/wp-json\/wp\/v2\/types\/post"}],"author":[{"embeddable":true,"href":"https:\/\/dimensionturistica.com\/es\/wp-json\/wp\/v2\/users\/4"}],"replies":[{"embeddable":true,"href":"https:\/\/dimensionturistica.com\/es\/wp-json\/wp\/v2\/comments?post=111239"}],"version-history":[{"count":0,"href":"https:\/\/dimensionturistica.com\/es\/wp-json\/wp\/v2\/posts\/111239\/revisions"}],"wp:featuredmedia":[{"embeddable":true,"href":"https:\/\/dimensionturistica.com\/es\/wp-json\/wp\/v2\/media\/111240"}],"wp:attachment":[{"href":"https:\/\/dimensionturistica.com\/es\/wp-json\/wp\/v2\/media?parent=111239"}],"wp:term":[{"taxonomy":"category","embeddable":true,"href":"https:\/\/dimensionturistica.com\/es\/wp-json\/wp\/v2\/categories?post=111239"},{"taxonomy":"post_tag","embeddable":true,"href":"https:\/\/dimensionturistica.com\/es\/wp-json\/wp\/v2\/tags?post=111239"}],"curies":[{"name":"wp","href":"https:\/\/api.w.org\/{rel}","templated":true}]}}