{"id":1112263,"date":"2026-02-15T11:26:41","date_gmt":"2026-02-15T11:26:41","guid":{"rendered":"https:\/\/dimensionturistica.com\/es\/?p=1112263"},"modified":"2026-02-15T11:26:41","modified_gmt":"2026-02-15T11:26:41","slug":"los-argentinos-encabezan-las-reservas-mientras-aumentan-las-excursiones-grupales","status":"publish","type":"post","link":"https:\/\/dimensionturistica.com\/es\/los-argentinos-encabezan-las-reservas-mientras-aumentan-las-excursiones-grupales\/","title":{"rendered":"Los argentinos encabezan las reservas mientras aumentan las excursiones grupales"},"content":{"rendered":"<h3>El Carnaval en Brasil: Un \u00c9xito de Reservas y Viajeros Argentinos<\/h3>\n<p>El Carnaval de Brasil se ha convertido en una de las festividades m\u00e1s esperadas no solo a nivel local, sino tambi\u00e9n internacional. En los \u00faltimos a\u00f1os, ha capturado la atenci\u00f3n de miles de turistas, especialmente de Argentina, donde la pasi\u00f3n por la m\u00fasica, el baile y la alegr\u00eda se mezcla con el fervor del carnaval brasile\u00f1o. Este a\u00f1o, los datos revelan que los argentinos lideran las reservas para vivir esta experiencia \u00fanica en la tierra de la samba.<\/p>\n<h4>El Atractivo del Carnaval<\/h4>\n<p>El Carnaval de Brasil no es solo una celebraci\u00f3n; es una explosi\u00f3n de colores, ritmos y tradiciones que atrae a visitantes de todo el mundo. Desde el famoso desfile en el Samb\u00f3dromo de R\u00edo de Janeiro hasta las fiestas callejeras en Salvador de Bah\u00eda, cada rinc\u00f3n del pa\u00eds tiene algo especial que ofrecer. La energ\u00eda de los desfiles, las comparsas vibrantes y la hospitalidad de los brasile\u00f1os crean un ambiente irresistible que llama a los viajeros a sumarse a la fiesta.<\/p>\n<h4>Argentinos: Los Reyes del Carnaval<\/h4>\n<p>El turismo argentino ha demostrado ser un pilar fundamental en el desarrollo de esta festividad. Seg\u00fan las estad\u00edsticas recientes, un porcentaje sorprendente de las reservas hoteleras y de paquetes tur\u00edsticos para el Carnaval ha sido realizado por argentinos, quienes muestran un inter\u00e9s creciente en vivir una de las fiestas m\u00e1s emblem\u00e1ticas de Sudam\u00e9rica. Este fen\u00f3meno no solo refleja la cercan\u00eda cultural entre ambos pa\u00edses, sino tambi\u00e9n un deseo genuino de experimentar el carnaval en su m\u00e1ximo esplendor.<\/p>\n<h4>Un Fen\u00f3meno que Crece<\/h4>\n<p>El entusiasmo por el Carnaval se ha mantenido en aumento, impulsado por una pandemia que limit\u00f3 los viajes y dej\u00f3 a muchos con ganas de celebrar. Con las restricciones de viaje casi en su punto m\u00e1s bajo, los argentinos han inundado las plataformas de reserva, asegurando su lugar en este fest\u00edn de m\u00fasica y alegr\u00eda. Las ofertas de vuelos y hoteles, junto a la creciente conectividad entre Argentina y Brasil, han facilitado este proceso, haciendo del viaje una opci\u00f3n cada vez m\u00e1s accesible.<\/p>\n<h4>M\u00e1s All\u00e1 del Carnaval: Otras Joyas Tur\u00edsticas<\/h4>\n<p>Si bien el Carnaval acapara la atenci\u00f3n, Brasil ofrece mucho m\u00e1s que una celebraci\u00f3n ef\u00edmera. Desde las playas paradis\u00edacas de B\u00fazios hasta la exuberante Amazon\u00eda, el pa\u00eds es un mosaico de paisajes y experiencias. Los viajeros argentinos, emocionados por el carnaval, a menudo aprovechan estas visitas para explorar m\u00e1s all\u00e1 de las festividades. Las excursiones a las cataratas del Iguaz\u00fa o a la vibrante S\u00e3o Paulo se han convertido en extensiones naturales del viaje.<\/p>\n<h4>Consejos para Disfrutar al M\u00e1ximo<\/h4>\n<p>Para quienes planean asistir al Carnaval, es esencial prepararse adecuadamente. Reservar con antelaci\u00f3n es clave, no solo para asegurar el alojamiento, sino tambi\u00e9n para obtener los mejores precios y opciones de paquetes tur\u00edsticos. Adem\u00e1s, comprender la cultura local y unirse a las tradiciones puede enriquecer la experiencia, transformando un simple viaje en un recuerdo imborrable.<\/p>\n<h4>Conclusi\u00f3n<\/h4>\n<p>El Carnaval en Brasil es mucho m\u00e1s que una festividad; es una celebraci\u00f3n que une culturas, tradiciones y personas. Con el creciente inter\u00e9s de los argentinos por esta celebraci\u00f3n, es evidente que el pa\u00eds vecino se ha convertido en un destino impulsado por las ganas de compartir, disfrutar y celebrar juntos. As\u00ed que, si a\u00fan no has planeado tu viaje para este a\u00f1o, \u00a1no esperes m\u00e1s! El Carnaval te est\u00e1 esperando, y con \u00e9l, la oportunidad de ser parte de una de las fiestas m\u00e1s memorables de tu vida.<\/p>\n<p><em> &#8221; Fuentes www.bloomberglinea.com &#8221; <\/em><\/p>\n","protected":false},"excerpt":{"rendered":"<p>El Carnaval en Brasil: Un \u00c9xito de Reservas y Viajeros Argentinos El Carnaval de Brasil se ha convertido en una de las festividades m\u00e1s esperadas no solo a nivel local, sino tambi\u00e9n internacional. En los \u00faltimos a\u00f1os, ha capturado la atenci\u00f3n de miles de turistas, especialmente de Argentina, donde la pasi\u00f3n por la m\u00fasica, el [&hellip;]<\/p>\n","protected":false},"author":4,"featured_media":1112264,"comment_status":"open","ping_status":"closed","sticky":false,"template":"","format":"standard","meta":{"om_disable_all_campaigns":false,"jnews-multi-image_gallery":[],"jnews_single_post":[],"jnews_primary_category":[],"jnews_social_meta":[],"footnotes":""},"categories":[39],"tags":[1236,4599,5780,9545,133960,238935,267881,55,267882,510,4073,7315,105908,106454,3748,530,89306,528,1834,4741,481,1865,171742,2182,544,545,2462,1490],"class_list":["post-1112263","post","type-post","status-publish","format-standard","has-post-thumbnail","hentry","category-viajes","tag-america-latina","tag-americas","tag-argentinos","tag-brazil","tag-brazilian","tag-bric-countries","tag-communicable-diseases","tag-coronavirus","tag-coronavirus2020","tag-covid-19","tag-covid19","tag-crecimiento","tag-disease","tag-epidemic","tag-grupo","tag-health","tag-illness","tag-infectious-diseases","tag-latam","tag-latin","tag-pandemic","tag-reservas","tag-south-american","tag-tendencias","tag-turismo","tag-viajes","tag-viral","tag-virus"],"_links":{"self":[{"href":"https:\/\/dimensionturistica.com\/es\/wp-json\/wp\/v2\/posts\/1112263","targetHints":{"allow":["GET"]}}],"collection":[{"href":"https:\/\/dimensionturistica.com\/es\/wp-json\/wp\/v2\/posts"}],"about":[{"href":"https:\/\/dimensionturistica.com\/es\/wp-json\/wp\/v2\/types\/post"}],"author":[{"embeddable":true,"href":"https:\/\/dimensionturistica.com\/es\/wp-json\/wp\/v2\/users\/4"}],"replies":[{"embeddable":true,"href":"https:\/\/dimensionturistica.com\/es\/wp-json\/wp\/v2\/comments?post=1112263"}],"version-history":[{"count":1,"href":"https:\/\/dimensionturistica.com\/es\/wp-json\/wp\/v2\/posts\/1112263\/revisions"}],"predecessor-version":[{"id":1112265,"href":"https:\/\/dimensionturistica.com\/es\/wp-json\/wp\/v2\/posts\/1112263\/revisions\/1112265"}],"wp:featuredmedia":[{"embeddable":true,"href":"https:\/\/dimensionturistica.com\/es\/wp-json\/wp\/v2\/media\/1112264"}],"wp:attachment":[{"href":"https:\/\/dimensionturistica.com\/es\/wp-json\/wp\/v2\/media?parent=1112263"}],"wp:term":[{"taxonomy":"category","embeddable":true,"href":"https:\/\/dimensionturistica.com\/es\/wp-json\/wp\/v2\/categories?post=1112263"},{"taxonomy":"post_tag","embeddable":true,"href":"https:\/\/dimensionturistica.com\/es\/wp-json\/wp\/v2\/tags?post=1112263"}],"curies":[{"name":"wp","href":"https:\/\/api.w.org\/{rel}","templated":true}]}}