{"id":1112242,"date":"2026-02-15T09:52:35","date_gmt":"2026-02-15T09:52:35","guid":{"rendered":"https:\/\/dimensionturistica.com\/es\/?p=1112242"},"modified":"2026-02-15T09:52:35","modified_gmt":"2026-02-15T09:52:35","slug":"dua-lipa-deslumbra-en-san-valentin-con-un-sofisticado-vestido-semitransparente-de-chanel","status":"publish","type":"post","link":"https:\/\/dimensionturistica.com\/es\/dua-lipa-deslumbra-en-san-valentin-con-un-sofisticado-vestido-semitransparente-de-chanel\/","title":{"rendered":"Dua Lipa deslumbra en San Valent\u00edn con un sofisticado vestido semitransparente de Chanel."},"content":{"rendered":"<h3>Dua Lipa Brilla con un Vestido Transparente en el Festival de Cine de Berl\u00edn<\/h3>\n<p>El Festival de Cine de Berl\u00edn se convirti\u00f3 en un escenario de moda palpitable con la aparici\u00f3n deslumbrante de Dua Lipa. La artista, conocida no solo por su m\u00fasica, sino tambi\u00e9n por su estilo audaz, eligi\u00f3 un vestido de Chanel que dej\u00f3 una impresi\u00f3n imborrable en todos los asistentes. Este espectacular dise\u00f1o, compuesto por una malla fina que dejaba entrever su figura, llev\u00f3 la elegancia a nuevas alturas y reafirm\u00f3 el estatus de Dua Lipa como un \u00edcono de la moda contempor\u00e1nea.<\/p>\n<p>El look fue complementado con detalles exquisitamente elaborados, que reflejaban el savoir-faire de la casa Chanel. El color negro cl\u00e1sico del vestido, combinado con su transparencias estrat\u00e9gicas, evocaba un aire de sofisticaci\u00f3n modernista, perfecto para el ambiente del festival. Cada elemento del conjunto reson\u00f3 con la est\u00e9tica sublime de la marca, destacando la versatilidad y la innovaci\u00f3n caracter\u00edstica de Chanel.<\/p>\n<p>La elecci\u00f3n de Dua Lipa de llevar un dise\u00f1o tan arriesgado no es casual: este tipo de estilo desaf\u00eda las convenciones y demuestra la confianza y el poder de la autoexpresi\u00f3n. La artista no solo asisti\u00f3 al evento como una figura de la m\u00fasica; tambi\u00e9n se posicion\u00f3 como un referente de tendencias, marcando la pauta para futuras apariciones en la alfombra roja. Cada flash de las c\u00e1maras se convert\u00eda en un tributo a la audacia y al glamour.<\/p>\n<p>Adem\u00e1s, su elecci\u00f3n de accesorios fue meticulosamente pensada, con un enfoque en piezas minimalistas que acentuaban el impacto visual del vestido. El cabello, recogido en un estilo chic y elegante, y el maquillaje sobrio, permitieron que el vestido se convirtiera en el protagonista absoluto, mostrando c\u00f3mo a veces menos es m\u00e1s en el mundo de la moda.<\/p>\n<p>Las redes sociales estallaron en reacciones, con miles de comentarios y publicaciones que resaltaban la asombrosa elecci\u00f3n de Dua Lipa. Sin duda, su presencia en Berl\u00edn fue una mezcla magistral de arte y moda, dejando claro que cada aparici\u00f3n p\u00fablica no es solo un acto de promoci\u00f3n, sino una declaraci\u00f3n de estilo que resuena en un p\u00fablico amplio.<\/p>\n<p>El evento se transform\u00f3 en una celebraci\u00f3n del cine, pero tambi\u00e9n de la moda, reafirmando que cada a\u00f1o, el Festival de Cine de Berl\u00edn no solo es una plataforma para las obras cinematogr\u00e1ficas, sino tambi\u00e9n un escaparate de los m\u00e1s recientes desarrollos en el mundo de la indumentaria. Dua Lipa, con su vestido Chanel, supo capturar la esencia de ese equilibrio perfecto entre el arte y la moda, asegurando que su paso por la alfombra roja ser\u00e1 recordado por mucho tiempo.<\/p>\n<p>La combinaci\u00f3n de una artista en la cima de su carrera y un dise\u00f1o rompedor de Chanel establece un nuevo est\u00e1ndar para futuras citas en el mundo de la moda. \u00bfQui\u00e9n sabe qu\u00e9 sorpresas nos deparar\u00e1 el pr\u00f3ximo evento? Sin duda, la expectativa est\u00e1 en aumento, y las tendencias est\u00e1n m\u00e1s que listas para ser marcadas por figuras que, como Dua Lipa, se atreven a desafiar lo convencional.<\/p>\n<p><em> &#8221; Fuentes www.vogue.mx &#8221; <\/em><\/p>\n","protected":false},"excerpt":{"rendered":"<p>Dua Lipa Brilla con un Vestido Transparente en el Festival de Cine de Berl\u00edn El Festival de Cine de Berl\u00edn se convirti\u00f3 en un escenario de moda palpitable con la aparici\u00f3n deslumbrante de Dua Lipa. La artista, conocida no solo por su m\u00fasica, sino tambi\u00e9n por su estilo audaz, eligi\u00f3 un vestido de Chanel que [&hellip;]<\/p>\n","protected":false},"author":14,"featured_media":1112243,"comment_status":"open","ping_status":"closed","sticky":false,"template":"","format":"standard","meta":{"om_disable_all_campaigns":false,"jnews-multi-image_gallery":[],"jnews_single_post":[],"jnews_primary_category":[],"jnews_social_meta":[],"footnotes":""},"categories":[144872],"tags":[10387,4664,20497,7758,2096,659,16220,2182,75793,208823],"class_list":["post-1112242","post","type-post","status-publish","format-standard","has-post-thumbnail","hentry","category-fashion","tag-celebraciones","tag-chanel","tag-dua-lipa","tag-estilo","tag-lujo","tag-moda","tag-san-valentin","tag-tendencias","tag-transparente","tag-vestido-elegante"],"_links":{"self":[{"href":"https:\/\/dimensionturistica.com\/es\/wp-json\/wp\/v2\/posts\/1112242","targetHints":{"allow":["GET"]}}],"collection":[{"href":"https:\/\/dimensionturistica.com\/es\/wp-json\/wp\/v2\/posts"}],"about":[{"href":"https:\/\/dimensionturistica.com\/es\/wp-json\/wp\/v2\/types\/post"}],"author":[{"embeddable":true,"href":"https:\/\/dimensionturistica.com\/es\/wp-json\/wp\/v2\/users\/14"}],"replies":[{"embeddable":true,"href":"https:\/\/dimensionturistica.com\/es\/wp-json\/wp\/v2\/comments?post=1112242"}],"version-history":[{"count":1,"href":"https:\/\/dimensionturistica.com\/es\/wp-json\/wp\/v2\/posts\/1112242\/revisions"}],"predecessor-version":[{"id":1112244,"href":"https:\/\/dimensionturistica.com\/es\/wp-json\/wp\/v2\/posts\/1112242\/revisions\/1112244"}],"wp:featuredmedia":[{"embeddable":true,"href":"https:\/\/dimensionturistica.com\/es\/wp-json\/wp\/v2\/media\/1112243"}],"wp:attachment":[{"href":"https:\/\/dimensionturistica.com\/es\/wp-json\/wp\/v2\/media?parent=1112242"}],"wp:term":[{"taxonomy":"category","embeddable":true,"href":"https:\/\/dimensionturistica.com\/es\/wp-json\/wp\/v2\/categories?post=1112242"},{"taxonomy":"post_tag","embeddable":true,"href":"https:\/\/dimensionturistica.com\/es\/wp-json\/wp\/v2\/tags?post=1112242"}],"curies":[{"name":"wp","href":"https:\/\/api.w.org\/{rel}","templated":true}]}}