{"id":1112003,"date":"2026-02-14T18:40:59","date_gmt":"2026-02-14T18:40:59","guid":{"rendered":"https:\/\/dimensionturistica.com\/es\/?p=1112003"},"modified":"2026-02-14T18:40:59","modified_gmt":"2026-02-14T18:40:59","slug":"bad-bunny-y-lo-que-deja-a-los-profesionales-del-marketing-y-la-publicidad-despues-del-super-bowl","status":"publish","type":"post","link":"https:\/\/dimensionturistica.com\/es\/bad-bunny-y-lo-que-deja-a-los-profesionales-del-marketing-y-la-publicidad-despues-del-super-bowl\/","title":{"rendered":"Bad Bunny y lo que deja a los profesionales del marketing y la publicidad despu\u00e9s del Super Bowl"},"content":{"rendered":"\n<p><\/p>\n\n\n\n<figure class=\"wp-block-gallery has-nested-images columns-default is-cropped wp-block-gallery-1 is-layout-flex wp-block-gallery-is-layout-flex\">\n<figure class=\"wp-block-image size-large\"><img decoding=\"async\" width=\"500\" height=\"183\" data-id=\"1112004\" src=\"https:\/\/dimensionturistica.com\/es\/wp-content\/uploads\/2026\/02\/1BOMBAY.jpg\" alt=\"\" class=\"wp-image-1112004\" srcset=\"https:\/\/dimensionturistica.com\/es\/wp-content\/uploads\/2026\/02\/1BOMBAY.jpg 500w, https:\/\/dimensionturistica.com\/es\/wp-content\/uploads\/2026\/02\/1BOMBAY-300x110.jpg 300w\" sizes=\"(max-width: 500px) 100vw, 500px\" \/><\/figure>\n<\/figure>\n\n\n\n<p>La m\u00fasica de Bad Bunny no me gusta y lejos est\u00e1 de representarme. De hecho, traducir algunas de sus letras a un extranjero me causar\u00eda un tema. Hasta el pasado domingo del Super Bowl estaba convencido de que, por m\u00e1s fama que tuviera, su trascendencia ser\u00eda escasa con el paso de los a\u00f1os. Pero ese d\u00eda cambiaron algunas cosas. No todas.<\/p>\n\n\n\n<p>Ser\u00eda tremendamente obtuso no reconocer que lo hecho por Bad Bunny fue poes\u00eda pura para el mundo de habla en espa\u00f1ol. Ese mundo que se levanta de madrugada a trabajar en los campos de California, ese mundo escondido en las cocinas de cientos de restaurantes en Nueva York, ese mundo que todos los d\u00edas hace que las l\u00edneas de producci\u00f3n en Chicago no se detengan. Ese gran mundo que hoy representa unos 70 millones de personas que viven en \u201cAm\u00e9rica\u201d como le hacen llamar algunos ignorantes a Estados Unidos, porque muchos ni el nombre de su pa\u00eds conocen.<\/p>\n\n\n\n<figure class=\"wp-block-gallery has-nested-images columns-default is-cropped wp-block-gallery-2 is-layout-flex wp-block-gallery-is-layout-flex\">\n<figure class=\"wp-block-image size-large\"><img decoding=\"async\" width=\"500\" height=\"279\" data-id=\"1112005\" src=\"https:\/\/dimensionturistica.com\/es\/wp-content\/uploads\/2026\/02\/4BOMBAY.jpg\" alt=\"\" class=\"wp-image-1112005\" srcset=\"https:\/\/dimensionturistica.com\/es\/wp-content\/uploads\/2026\/02\/4BOMBAY.jpg 500w, https:\/\/dimensionturistica.com\/es\/wp-content\/uploads\/2026\/02\/4BOMBAY-300x167.jpg 300w\" sizes=\"(max-width: 500px) 100vw, 500px\" \/><\/figure>\n<\/figure>\n\n\n\n<p>Para que nos demos una idea de la dimensi\u00f3n del tama\u00f1o de la poblaci\u00f3n latina en Estados Unidos, s\u00f3lo Brasil y M\u00e9xico tienen m\u00e1s habitantes, todos los dem\u00e1s pa\u00edses de nuestra regi\u00f3n tienen menos. De los casi 200 pa\u00edses que hay en este planeta, tan solo 20 de ellos tienen 70 millones de habitantes o m\u00e1s. As\u00ed de grande y de importante es ese mundo que hoy, lamentablemente vive con miedo de salir a las calles porque no hay garant\u00eda de volver. Viven arrinconados por un discurso de odio implantado por quienes se supone que tienen como tarea gobernar para todos.<\/p>\n\n\n\n<p>Por eso y otras muchas razones, el discurso orquestado por Bad Bunny es simplemente espectacular y relevante, no s\u00f3lo para esos 70 millones de latinos sino para todo el mundo que pudimos verlo. Porque llen\u00f3 uno de los espacios m\u00e1s gringos que existen con una cantidad de s\u00edmbolos latinos como nunca. Porque todos nos vimos retratados de alguna manera en alg\u00fan momento del espect\u00e1culo, porque todos vimos un pedazo de nuestros pa\u00edses en uno o varios momentos de la puesta en escena. Porque la gran mayor\u00eda de lo que se dijo fue en espa\u00f1ol, porque para que no quedara duda hubo una pantalla que subtitulaba todo en espa\u00f1ol tambi\u00e9n. Porque nadie les tradujo nada a los gringos, el que entendi\u00f3, entendi\u00f3 y el que no, ni modo.<\/p>\n\n\n\n<p>Pero sobre todas las cosas, Bad Bunny actu\u00f3 sin miedo. Y eso posiblemente sea lo que a ojos de la mayor\u00eda lo hace ser casi un superh\u00e9roe. Actuar sin miedo es lo que todos queremos, vivamos donde vivamos, creamos en lo que creamos o seamos del color de piel que seamos.<\/p>\n\n\n\n<p>Y ya s\u00e9 que a estas alturas muchos est\u00e1n pensado cosas como \u201cNo seas ingenuo, a ese wey lo usaron y ni cuenta se dio\u201d, \u201cNos quieren dar atole con el dedo\u201d, \u201cLo usaron los adversarios del presidente para molestarlo\u201d o \u201cS\u00f3lo es un acto pol\u00edtico\u201d. \u00bfY sabes qu\u00e9? S\u00ed, es posible que algo de eso sea cierto, pero el punto es que Bad Bunny tom\u00f3 su oportunidad y dijo lo que muchos quisieran poder decir y lo dijo bien, claro y fuerte.<\/p>\n\n\n\n<figure class=\"wp-block-gallery has-nested-images columns-default is-cropped wp-block-gallery-3 is-layout-flex wp-block-gallery-is-layout-flex\">\n<figure class=\"wp-block-image size-large\"><img decoding=\"async\" width=\"500\" height=\"310\" data-id=\"1112006\" src=\"https:\/\/dimensionturistica.com\/es\/wp-content\/uploads\/2026\/02\/3BOMBAY.jpg\" alt=\"\" class=\"wp-image-1112006\" srcset=\"https:\/\/dimensionturistica.com\/es\/wp-content\/uploads\/2026\/02\/3BOMBAY.jpg 500w, https:\/\/dimensionturistica.com\/es\/wp-content\/uploads\/2026\/02\/3BOMBAY-300x186.jpg 300w\" sizes=\"(max-width: 500px) 100vw, 500px\" \/><\/figure>\n<\/figure>\n\n\n\n<p>Consciente o inconscientemente, el Conejo Malo asumi\u00f3 lo que se le puso enfrente y consum\u00f3 un acto que retrata a todo un pueblo, y lo hizo usando el amor como instrumento de precisi\u00f3n y eso \u2013me parece- es m\u00e1s ching\u00f3n que sentarse en el ba\u00f1o a escribir en Instagram cr\u00edticas vac\u00edas por el simple hecho de que su m\u00fasica no te guste.<\/p>\n\n\n\n<p>Al final del acto, es una lecci\u00f3n excepcionalmente did\u00e1ctica, usando una frase emblema del pueblo estadounidense. Les ense\u00f1\u00f3 que Am\u00e9rica no es un pa\u00eds sino un continente entero. God Bless America, dijo Benito, para despu\u00e9s enumerar uno a uno cada pa\u00eds de Latinoam\u00e9rica. Fant\u00e1stico.<\/p>\n\n\n\n<figure class=\"wp-block-gallery has-nested-images columns-default is-cropped wp-block-gallery-4 is-layout-flex wp-block-gallery-is-layout-flex\">\n<figure class=\"wp-block-image size-large\"><img decoding=\"async\" width=\"500\" height=\"336\" data-id=\"1112007\" src=\"https:\/\/dimensionturistica.com\/es\/wp-content\/uploads\/2026\/02\/6BOMBAY.jpg\" alt=\"\" class=\"wp-image-1112007\" srcset=\"https:\/\/dimensionturistica.com\/es\/wp-content\/uploads\/2026\/02\/6BOMBAY.jpg 500w, https:\/\/dimensionturistica.com\/es\/wp-content\/uploads\/2026\/02\/6BOMBAY-300x202.jpg 300w\" sizes=\"(max-width: 500px) 100vw, 500px\" \/><\/figure>\n<\/figure>\n\n\n\n<p>Terminar\u00e9 diciendo que ahora tengo expectativa de qu\u00e9 sigue. Para empezar y hablando desde mi profesi\u00f3n, \u00bfcu\u00e1ntas marcas se subir\u00e1n a este tren?, \u00bfcu\u00e1ntas lo har\u00e1n con inteligencia y cu\u00e1ntas sin entender del todo lo que est\u00e1n haciendo? Si te dedicas a la mercadotecnia, piensa bien antes de actuar.<\/p>\n","protected":false},"excerpt":{"rendered":"<p>La m\u00fasica de Bad Bunny no me gusta y lejos est\u00e1 de representarme. De hecho, traducir algunas de sus letras a un extranjero me causar\u00eda un tema. Hasta el pasado domingo del Super Bowl estaba convencido de que, por m\u00e1s fama que tuviera, su trascendencia ser\u00eda escasa con el paso de los a\u00f1os. Pero ese [&hellip;]<\/p>\n","protected":false},"author":1,"featured_media":0,"comment_status":"open","ping_status":"closed","sticky":false,"template":"","format":"standard","meta":{"om_disable_all_campaigns":false,"jnews-multi-image_gallery":[],"jnews_single_post":[],"jnews_primary_category":[],"jnews_social_meta":[],"footnotes":""},"categories":[40],"tags":[],"class_list":["post-1112003","post","type-post","status-publish","format-standard","hentry","category-industria"],"_links":{"self":[{"href":"https:\/\/dimensionturistica.com\/es\/wp-json\/wp\/v2\/posts\/1112003","targetHints":{"allow":["GET"]}}],"collection":[{"href":"https:\/\/dimensionturistica.com\/es\/wp-json\/wp\/v2\/posts"}],"about":[{"href":"https:\/\/dimensionturistica.com\/es\/wp-json\/wp\/v2\/types\/post"}],"author":[{"embeddable":true,"href":"https:\/\/dimensionturistica.com\/es\/wp-json\/wp\/v2\/users\/1"}],"replies":[{"embeddable":true,"href":"https:\/\/dimensionturistica.com\/es\/wp-json\/wp\/v2\/comments?post=1112003"}],"version-history":[{"count":1,"href":"https:\/\/dimensionturistica.com\/es\/wp-json\/wp\/v2\/posts\/1112003\/revisions"}],"predecessor-version":[{"id":1112008,"href":"https:\/\/dimensionturistica.com\/es\/wp-json\/wp\/v2\/posts\/1112003\/revisions\/1112008"}],"wp:attachment":[{"href":"https:\/\/dimensionturistica.com\/es\/wp-json\/wp\/v2\/media?parent=1112003"}],"wp:term":[{"taxonomy":"category","embeddable":true,"href":"https:\/\/dimensionturistica.com\/es\/wp-json\/wp\/v2\/categories?post=1112003"},{"taxonomy":"post_tag","embeddable":true,"href":"https:\/\/dimensionturistica.com\/es\/wp-json\/wp\/v2\/tags?post=1112003"}],"curies":[{"name":"wp","href":"https:\/\/api.w.org\/{rel}","templated":true}]}}