{"id":1111977,"date":"2026-02-14T17:41:41","date_gmt":"2026-02-14T17:41:41","guid":{"rendered":"https:\/\/dimensionturistica.com\/es\/?p=1111977"},"modified":"2026-02-14T17:41:41","modified_gmt":"2026-02-14T17:41:41","slug":"impulsa-jalisco-la-modernizacion-y-competitividad-turistica-con-el-programa-avanzamos-por-mexico","status":"publish","type":"post","link":"https:\/\/dimensionturistica.com\/es\/impulsa-jalisco-la-modernizacion-y-competitividad-turistica-con-el-programa-avanzamos-por-mexico\/","title":{"rendered":"Impulsa Jalisco la modernizaci\u00f3n y competitividad tur\u00edstica con el programa \u2018Avanzamos por M\u00e9xico\u2019"},"content":{"rendered":"\n<p><\/p>\n\n\n\n<figure class=\"wp-block-gallery has-nested-images columns-default is-cropped wp-block-gallery-1 is-layout-flex wp-block-gallery-is-layout-flex\">\n<figure class=\"wp-block-image size-large\"><img decoding=\"async\" width=\"500\" height=\"225\" data-id=\"1111978\" src=\"https:\/\/dimensionturistica.com\/es\/wp-content\/uploads\/2026\/02\/1JALISCO.jpg\" alt=\"\" class=\"wp-image-1111978\" srcset=\"https:\/\/dimensionturistica.com\/es\/wp-content\/uploads\/2026\/02\/1JALISCO.jpg 500w, https:\/\/dimensionturistica.com\/es\/wp-content\/uploads\/2026\/02\/1JALISCO-300x135.jpg 300w\" sizes=\"(max-width: 500px) 100vw, 500px\" \/><\/figure>\n<\/figure>\n\n\n\n<p>Con el objetivo de fortalecer y dinamizar el turismo tanto a nivel nacional como estatal, Jalisco se integra a la estrategia nacional \u201cAvanzamos por M\u00e9xico\u201d, una iniciativa de colaboraci\u00f3n p\u00fablico-privada impulsada por la Secretar\u00eda de Turismo (SECTUR), en alianza con BBVA M\u00e9xico y BANCOMEXT, orientada a fomentar el crecimiento, la modernizaci\u00f3n y la competitividad del sector.<\/p>\n\n\n\n<p>El programa tiene como objetivo impulsar el sector tur\u00edstico en Jalisco mediante el acceso al financiamiento, digitalizaci\u00f3n de servicios, la promoci\u00f3n de destinos y educaci\u00f3n financiera; apuesta en generar bienestar econ\u00f3mico, inclusi\u00f3n financiera y desarrollo sostenible en los territorios.<\/p>\n\n\n\n<figure class=\"wp-block-gallery has-nested-images columns-default is-cropped wp-block-gallery-2 is-layout-flex wp-block-gallery-is-layout-flex\">\n<figure class=\"wp-block-image size-large\"><img decoding=\"async\" width=\"500\" height=\"172\" data-id=\"1111979\" src=\"https:\/\/dimensionturistica.com\/es\/wp-content\/uploads\/2026\/02\/8JALISCO.jpg\" alt=\"\" class=\"wp-image-1111979\" srcset=\"https:\/\/dimensionturistica.com\/es\/wp-content\/uploads\/2026\/02\/8JALISCO.jpg 500w, https:\/\/dimensionturistica.com\/es\/wp-content\/uploads\/2026\/02\/8JALISCO-300x103.jpg 300w\" sizes=\"(max-width: 500px) 100vw, 500px\" \/><\/figure>\n<\/figure>\n\n\n\n<p>Como parte de los instrumentos clave para Jalisco, el programa ofrece cr\u00e9ditos preferenciales de hasta 5 millones de pesos para empresas ubicadas en Pueblos M\u00e1gicos, y de hasta 25 millones de pesos para localidades tur\u00edsticas.<\/p>\n\n\n\n<p>Los financiamientos incluyen beneficios como cero comisi\u00f3n por apertura y plazos de hasta 60 meses. Se fomenta la bancarizaci\u00f3n mediante terminales punto de venta sin costo inicial y esquemas preferenciales de cobro electr\u00f3nico.<\/p>\n\n\n\n<p>\u201cAvanzamos por M\u00e9xico\u201d, est\u00e1 dirigido a micro, peque\u00f1as y medianas empresas tur\u00edsticas, prestadores de servicios, as\u00ed como emprendedores locales y comunitarios.<\/p>\n\n\n\n<p>Pone especial \u00e9nfasis en Pueblos M\u00e1gicos, localidades con vocaci\u00f3n tur\u00edstica y rutas gastron\u00f3micas, culturales y de turismo rural; y contempla incentivos para turistas nacionales que visiten Jalisco, con el fin de estimular el consumo interno.<\/p>\n\n\n\n<p>Michelle Fridman Hirsch, Secretaria de Turismo de Jalisco, afirm\u00f3 que fomentar e incentivar el sector debe ser un trabajo en conjunto.<\/p>\n\n\n\n<p>\u201cEl turismo tiene que ser integral, tiene que ser un trabajo coordinado, en donde la iniciativa privada, que es el motor que mueve las cosas y que hace que las cosas sucedan, tenga la facilitaci\u00f3n y la coordinaci\u00f3n con el gobierno de los tres niveles federal, estatal, municipales, y por supuesto, de la sociedad\u201d, se\u00f1al\u00f3.<\/p>\n\n\n\n<p>Fridman Hirsch a\u00f1adi\u00f3 que el programa es un paso importante hacia la inclusi\u00f3n.<\/p>\n\n\n\n<figure class=\"wp-block-gallery has-nested-images columns-default is-cropped wp-block-gallery-3 is-layout-flex wp-block-gallery-is-layout-flex\">\n<figure class=\"wp-block-image size-large\"><img decoding=\"async\" width=\"500\" height=\"333\" data-id=\"1111980\" src=\"https:\/\/dimensionturistica.com\/es\/wp-content\/uploads\/2026\/02\/3JALISCO.jpg\" alt=\"\" class=\"wp-image-1111980\" srcset=\"https:\/\/dimensionturistica.com\/es\/wp-content\/uploads\/2026\/02\/3JALISCO.jpg 500w, https:\/\/dimensionturistica.com\/es\/wp-content\/uploads\/2026\/02\/3JALISCO-300x200.jpg 300w\" sizes=\"(max-width: 500px) 100vw, 500px\" \/><\/figure>\n<\/figure>\n\n\n\n<p>\u201cQue todos puedan trabajar del turismo, siendo la principal fuente de ingresos aqu\u00ed en Puerto Vallarta, pero en el caso de Jalisco representa m\u00e1s del 9 por ciento del Producto Interno Bruto. Imag\u00ednense lo que eso representa, somos el tercer lugar en aportaci\u00f3n al Producto Interno Bruto del pa\u00eds tur\u00edstico, por encima incluso, lo tengo que decir, que Quintana Roo aportamos m\u00e1s y recibimos m\u00e1s turistas tambi\u00e9n\u201d, expres\u00f3 la Secretaria Michelle Fridman.<\/p>\n\n\n\n<p>Entre los ejes estrat\u00e9gicos que se aplicar\u00e1n en el estado, destacan las promociones para viajeros, la difusi\u00f3n y posicionamiento de Jalisco y sus productos tur\u00edsticos en canales f\u00edsicos y digitales de BBVA, as\u00ed como la digitalizaci\u00f3n del sector mediante la adopci\u00f3n de pagos electr\u00f3nicos y servicios digitales.<\/p>\n\n\n\n<p>Tambi\u00e9n se impulsar\u00e1 el desarrollo econ\u00f3mico comunitario con impacto directo en las cadenas de valor regionales y se promover\u00e1 la educaci\u00f3n financiera y tecnol\u00f3gica para fortalecer las capacidades de las MIPyMES.<\/p>\n\n\n\n<p>En Jalisco, las MiPyMEs constituyen la base de la econom\u00eda estatal. De acuerdo con la Secretar\u00eda de Desarrollo Econ\u00f3mico, existen m\u00e1s de 398 mil 185 unidades econ\u00f3micas en la entidad, de las cuales la gran mayor\u00eda corresponden a este segmento.<\/p>\n\n\n\n<p>Del total, 350 mil 172 son microempresas, 23 mil 370 son peque\u00f1as empresas y 4 mil 230 son medianas empresas.<\/p>\n\n\n\n<p>La relevancia de las MiPyMEs en el desarrollo econ\u00f3mico del estado es significativa, dado que representan 99 por ciento de las unidades econ\u00f3micas de Jalisco, aportan cerca de 52 por ciento del Producto Interno Bruto estatal y generan 72 por ciento del empleo formal.&nbsp;<\/p>\n\n\n\n<figure class=\"wp-block-gallery has-nested-images columns-default is-cropped wp-block-gallery-4 is-layout-flex wp-block-gallery-is-layout-flex\">\n<figure class=\"wp-block-image size-large\"><img decoding=\"async\" width=\"500\" height=\"333\" data-id=\"1111981\" src=\"https:\/\/dimensionturistica.com\/es\/wp-content\/uploads\/2026\/02\/4JALISCO.jpg\" alt=\"\" class=\"wp-image-1111981\" srcset=\"https:\/\/dimensionturistica.com\/es\/wp-content\/uploads\/2026\/02\/4JALISCO.jpg 500w, https:\/\/dimensionturistica.com\/es\/wp-content\/uploads\/2026\/02\/4JALISCO-300x200.jpg 300w\" sizes=\"(max-width: 500px) 100vw, 500px\" \/><\/figure>\n<\/figure>\n\n\n\n<p>El programa atiende desaf\u00edos estructurales del turismo en Jalisco, como la baja bancarizaci\u00f3n de microempresas, la necesidad de modernizar la experiencia tur\u00edstica y el fortalecimiento de las econom\u00edas locales. Adem\u00e1s, complementa las pol\u00edticas estatales enfocadas en el desarrollo de producto tur\u00edstico, la competitividad y la prosperidad compartida.<\/p>\n\n\n\n<p>\u201cEste programa nos ayuda a regular, nos ayuda a certificar y nos ayuda a hacer un mejor turismo, yo quiero nada m\u00e1s compartir que el a\u00f1o pasado, 2025 (\u2026) Integramos un Consejo Consultivo Estatal de Turismo del Estado, en donde ya no solamente est\u00e1 Guadalajara y Puerto Vallarta, est\u00e1n todos los Pueblos M\u00e1gicos y todos los cl\u00fasteres de segmentos tur\u00edsticos con una voz para poder trabajar por todos los que integran el turismo y lo ejercen todos los d\u00edas\u201d, sentenci\u00f3 Fridman Hirsch.<\/p>\n\n\n\n<p>En la presentaci\u00f3n realizada en el Centro Internacional de Convenciones de Puerto Vallarta, tambi\u00e9n estuvieron presentes Marte Molina Orozco, Director General de Gesti\u00f3n Social de Destinos de SECTUR; y Jaime Jim\u00e9nez Ur\u00edas, Director Regional de Banca de Gobierno de BBVA.<\/p>\n","protected":false},"excerpt":{"rendered":"<p>Con el objetivo de fortalecer y dinamizar el turismo tanto a nivel nacional como estatal, Jalisco se integra a la estrategia nacional \u201cAvanzamos por M\u00e9xico\u201d, una iniciativa de colaboraci\u00f3n p\u00fablico-privada impulsada por la Secretar\u00eda de Turismo (SECTUR), en alianza con BBVA M\u00e9xico y BANCOMEXT, orientada a fomentar el crecimiento, la modernizaci\u00f3n y la competitividad del [&hellip;]<\/p>\n","protected":false},"author":1,"featured_media":0,"comment_status":"open","ping_status":"closed","sticky":false,"template":"","format":"standard","meta":{"om_disable_all_campaigns":false,"jnews-multi-image_gallery":[],"jnews_single_post":[],"jnews_primary_category":[],"jnews_social_meta":[],"footnotes":""},"categories":[39],"tags":[],"class_list":["post-1111977","post","type-post","status-publish","format-standard","hentry","category-viajes"],"_links":{"self":[{"href":"https:\/\/dimensionturistica.com\/es\/wp-json\/wp\/v2\/posts\/1111977","targetHints":{"allow":["GET"]}}],"collection":[{"href":"https:\/\/dimensionturistica.com\/es\/wp-json\/wp\/v2\/posts"}],"about":[{"href":"https:\/\/dimensionturistica.com\/es\/wp-json\/wp\/v2\/types\/post"}],"author":[{"embeddable":true,"href":"https:\/\/dimensionturistica.com\/es\/wp-json\/wp\/v2\/users\/1"}],"replies":[{"embeddable":true,"href":"https:\/\/dimensionturistica.com\/es\/wp-json\/wp\/v2\/comments?post=1111977"}],"version-history":[{"count":1,"href":"https:\/\/dimensionturistica.com\/es\/wp-json\/wp\/v2\/posts\/1111977\/revisions"}],"predecessor-version":[{"id":1111982,"href":"https:\/\/dimensionturistica.com\/es\/wp-json\/wp\/v2\/posts\/1111977\/revisions\/1111982"}],"wp:attachment":[{"href":"https:\/\/dimensionturistica.com\/es\/wp-json\/wp\/v2\/media?parent=1111977"}],"wp:term":[{"taxonomy":"category","embeddable":true,"href":"https:\/\/dimensionturistica.com\/es\/wp-json\/wp\/v2\/categories?post=1111977"},{"taxonomy":"post_tag","embeddable":true,"href":"https:\/\/dimensionturistica.com\/es\/wp-json\/wp\/v2\/tags?post=1111977"}],"curies":[{"name":"wp","href":"https:\/\/api.w.org\/{rel}","templated":true}]}}