{"id":1111833,"date":"2026-02-14T10:32:35","date_gmt":"2026-02-14T10:32:35","guid":{"rendered":"https:\/\/dimensionturistica.com\/es\/?p=1111833"},"modified":"2026-02-14T10:32:35","modified_gmt":"2026-02-14T10:32:35","slug":"marcas-de-belleza-los-mejores-estilos-de-la-semana-7","status":"publish","type":"post","link":"https:\/\/dimensionturistica.com\/es\/marcas-de-belleza-los-mejores-estilos-de-la-semana-7\/","title":{"rendered":"Marcas de Belleza: Los Mejores Estilos de la Semana"},"content":{"rendered":"<h3>Tendencias en Belleza: Los Looks que Marcaron la Semana<\/h3>\n<p>La industria de la moda no solo se centra en las pasarelas; la belleza tambi\u00e9n juega un papel crucial en la definici\u00f3n de tendencias. Esta semana, los mejores looks de belleza han cautivado la atenci\u00f3n, destac\u00e1ndose por su audacia y creatividad. Aqu\u00ed te presentamos una selecci\u00f3n de las propuestas m\u00e1s impactantes que est\u00e1n causando revuelo en las redes sociales.<\/p>\n<h4>Ojos que Hipnotizan<\/h4>\n<p>Una de las tendencias m\u00e1s notables ha sido el uso del eyeliner gr\u00e1fico. Esta t\u00e9cnica ha resurgido con un enfoque moderno, incorporando colores vibrantes y formas geom\u00e9tricas que transforman la mirada. Desde l\u00edneas audaces que se extienden m\u00e1s all\u00e1 del p\u00e1rpado hasta detalles sutiles que a\u00f1aden un toque de sofisticaci\u00f3n, estos looks demuestran que los ojos pueden ser el verdadero protagonistas de cualquier atuendo.<\/p>\n<h4>Labios que Deslumbran<\/h4>\n<p>Los labios, sin duda, han jugado un papel estelar. Desde los tonos nude que aportan frescura hasta los cl\u00e1sicos rojos, cada elecci\u00f3n refleja personalidad y estilo. No obstante, el rouge mate ha llamado especialmente la atenci\u00f3n, ofreciendo un acabado impecable que complementa a la perfecci\u00f3n cualquier look. La combinaci\u00f3n de labios audaces con un maquillaje minimalista en los ojos ha resultado ser un acierto seguro para muchas celebridades.<\/p>\n<h4>Piel Radiante<\/h4>\n<p>La piel radiante y saludable contin\u00faa siendo un objetivo primordial. El enfoque en el &#8220;glow&#8221; natural ha influido en la elecci\u00f3n de productos, priorizando texturas ligeras y f\u00f3rmulas hidratantes. Esta semana, la tendencia se ha centrado en la luminosidad, con un acabado hidratante que resalta la belleza natural. La aplicaci\u00f3n de iluminador ha sido sutil pero efectiva, proporcionando ese toque de frescura que tantas buscan.<\/p>\n<h4>Peinados Innovadores<\/h4>\n<p>El cabello tambi\u00e9n se ha convertido en un lienzo para la artesan\u00eda. Los peinados de esta semana han variado desde trenzas intricadas que evocan estilos bohemios hasta coletas pulidas que aportan un aire chic y contempor\u00e1neo. Las texturas deshechas siguen siendo populares, mostrando que el aspecto &#8216;effortless&#8217; est\u00e1 aqu\u00ed para quedarse. La combinaci\u00f3n de accesorios como diademas y clips brillantes ha a\u00f1adido una nueva dimensi\u00f3n a estos estilos.<\/p>\n<h4>Colores que Cautivan<\/h4>\n<p>La paleta de colores presentada es otra faceta que no puede pasarse por alto. Se han visto tonalidades atrevidas, desde los pasteles suaves hasta tonos ne\u00f3n, que han marcado un contraste vibrante. Esto sugiere que la diversidad en las elecciones se est\u00e1 ampliando, permitiendo a cada individuo encontrar su propio estilo dentro de esta propuesta.<\/p>\n<h3>La Revoluci\u00f3n de la Belleza<\/h3>\n<p>Cada uno de estos looks no solo ha demostrado la versatilidad de la belleza contempor\u00e1nea, sino que tambi\u00e9n ha acercado a los amantes de la moda a participar y experimentar con su propia est\u00e9tica. Con las redes sociales como plataforma, estas tendencias est\u00e1n alcanzando un p\u00fablico m\u00e1s amplio, permitiendo que cada persona adapte estas innovaciones a su propio estilo.<\/p>\n<p>\u00a1La belleza est\u00e1 en constante evoluci\u00f3n! Mantente atento a las pr\u00f3ximas semanas, donde nuevas tendencias seguir\u00e1n emergiendo y redefiniendo lo que significa expresarse a trav\u00e9s de la moda y el maquillaje.<\/p>\n<p><em> &#8221; Fuentes www.vogue.com &#8221; <\/em><\/p>\n","protected":false},"excerpt":{"rendered":"<p>Tendencias en Belleza: Los Looks que Marcaron la Semana La industria de la moda no solo se centra en las pasarelas; la belleza tambi\u00e9n juega un papel crucial en la definici\u00f3n de tendencias. Esta semana, los mejores looks de belleza han cautivado la atenci\u00f3n, destac\u00e1ndose por su audacia y creatividad. Aqu\u00ed te presentamos una selecci\u00f3n [&hellip;]<\/p>\n","protected":false},"author":14,"featured_media":1111834,"comment_status":"open","ping_status":"closed","sticky":false,"template":"","format":"standard","meta":{"om_disable_all_campaigns":false,"jnews-multi-image_gallery":[],"jnews_single_post":[],"jnews_primary_category":[],"jnews_social_meta":[],"footnotes":""},"categories":[144872],"tags":[208639,72867,201306,166,88749,198593,120189,217117,372,6194,373,198563],"class_list":["post-1111833","post","type-post","status-publish","format-standard","has-post-thumbnail","hentry","category-fashion","tag-_votingservice_app","tag-beauty","tag-beauty-looks","tag-fashion","tag-highlights","tag-makeup","tag-skincare","tag-storytypenews-trending","tag-style","tag-trends","tag-web","tag-weekly-roundup"],"_links":{"self":[{"href":"https:\/\/dimensionturistica.com\/es\/wp-json\/wp\/v2\/posts\/1111833","targetHints":{"allow":["GET"]}}],"collection":[{"href":"https:\/\/dimensionturistica.com\/es\/wp-json\/wp\/v2\/posts"}],"about":[{"href":"https:\/\/dimensionturistica.com\/es\/wp-json\/wp\/v2\/types\/post"}],"author":[{"embeddable":true,"href":"https:\/\/dimensionturistica.com\/es\/wp-json\/wp\/v2\/users\/14"}],"replies":[{"embeddable":true,"href":"https:\/\/dimensionturistica.com\/es\/wp-json\/wp\/v2\/comments?post=1111833"}],"version-history":[{"count":1,"href":"https:\/\/dimensionturistica.com\/es\/wp-json\/wp\/v2\/posts\/1111833\/revisions"}],"predecessor-version":[{"id":1111835,"href":"https:\/\/dimensionturistica.com\/es\/wp-json\/wp\/v2\/posts\/1111833\/revisions\/1111835"}],"wp:featuredmedia":[{"embeddable":true,"href":"https:\/\/dimensionturistica.com\/es\/wp-json\/wp\/v2\/media\/1111834"}],"wp:attachment":[{"href":"https:\/\/dimensionturistica.com\/es\/wp-json\/wp\/v2\/media?parent=1111833"}],"wp:term":[{"taxonomy":"category","embeddable":true,"href":"https:\/\/dimensionturistica.com\/es\/wp-json\/wp\/v2\/categories?post=1111833"},{"taxonomy":"post_tag","embeddable":true,"href":"https:\/\/dimensionturistica.com\/es\/wp-json\/wp\/v2\/tags?post=1111833"}],"curies":[{"name":"wp","href":"https:\/\/api.w.org\/{rel}","templated":true}]}}