{"id":1111813,"date":"2026-02-14T09:06:42","date_gmt":"2026-02-14T09:06:42","guid":{"rendered":"https:\/\/dimensionturistica.com\/es\/?p=1111813"},"modified":"2026-02-14T09:06:42","modified_gmt":"2026-02-14T09:06:42","slug":"turismo-en-auge-por-el-carnaval-de-mazatlan-2026-arriban-mas-de-4000-turistas-en-el-crucero-norwegian","status":"publish","type":"post","link":"https:\/\/dimensionturistica.com\/es\/turismo-en-auge-por-el-carnaval-de-mazatlan-2026-arriban-mas-de-4000-turistas-en-el-crucero-norwegian\/","title":{"rendered":"Turismo en auge por el Carnaval de Mazatl\u00e1n 2026: Arriban m\u00e1s de 4,000 turistas en el crucero Norwegian"},"content":{"rendered":"<p><strong>Descubre el Carnaval de Mazatl\u00e1n: Una Fiesta que Impulsa el Turismo en el Pac\u00edfico Mexicano<\/strong><\/p>\n<p>El Carnaval de Mazatl\u00e1n es una de las celebraciones m\u00e1s vibrantes e ic\u00f3nicas de M\u00e9xico, un evento que no solo enriquece la cultura del pa\u00eds, sino que tambi\u00e9n se ha convertido en un poderoso motor de turismo. Cada a\u00f1o, miles de visitantes se dejan seducir por el color, la m\u00fasica y la alegr\u00eda que llenan las calles de esta hermosa ciudad costera. En 2026, este espect\u00e1culo promete ser a\u00fan m\u00e1s grandioso, impulsando la llegada de cruceros y el inter\u00e9s de turistas de todo el mundo.<\/p>\n<p>En un reciente evento, la llegada de m\u00e1s de mil pasajeros a bordo del crucero Norwegian evidenci\u00f3 la importancia de Mazatl\u00e1n como un destino clave en la ruta del turismo mar\u00edtimo. La llegada de estos cruceristas coincide con el per\u00edodo m\u00e1s festivo de la ciudad, donde el ambiente se transforma en una explosi\u00f3n de colores, danzas y tradiciones que celebran la herencia cultural de la regi\u00f3n.<\/p>\n<p>El Carnaval, que se celebra cada a\u00f1o con un tema diferente, ofrece un desfile espectacular que incluye comparsas, carrozas y artistas. Este evento no solo es un fest\u00edn para los sentidos, sino que tambi\u00e9n brinda la oportunidad de experimentar la calidez y hospitalidad del pueblo mazatleco. Restaurantes, bares y hoteles se preparan durante meses para recibir a los visitantes, ofreciendo promociones especiales y men\u00fas inspirados en la gastronom\u00eda local.<\/p>\n<p>Durante estos d\u00edas de celebraci\u00f3n, Mazatl\u00e1n se transforma en un destino donde disfrutar no solo de las festividades, sino tambi\u00e9n de su rica oferta tur\u00edstica. Playas de arena dorada, una vibrante vida nocturna y la belleza arquitect\u00f3nica del centro hist\u00f3rico son solo algunas de las atracciones que complementan la experiencia del Carnaval. El emblem\u00e1tico malec\u00f3n, con su impresionante vista al oc\u00e9ano, se convierte en el escenario perfecto para admirar los fuegos artificiales que marcan el cierre de las jornadas festivas.<\/p>\n<p>El impacto econ\u00f3mico del Carnaval en Mazatl\u00e1n es notable. Las cifras indican que la afluencia de turistas porta un importante incremento en la ocupaci\u00f3n hotelera y en la demanda de servicios de transporte, entretenimiento y gastronom\u00eda. Adem\u00e1s, el evento abre nuevas oportunidades para emprendedores locales que buscan dar a conocer su arte y sus productos.<\/p>\n<p>Sin duda, el Carnaval de Mazatl\u00e1n se ha consolidado como un evento internacional que no solo refleja la identidad cultural de M\u00e9xico, sino que tambi\u00e9n impulsa el desarrollo del turismo en la regi\u00f3n. Si est\u00e1s buscando una escapada llena de energ\u00eda, alegr\u00eda y tradici\u00f3n, planifica tu visita para disfrutar de esta celebraci\u00f3n \u00fanica. La mezcla de mar, m\u00fasica y magia te espera en el coraz\u00f3n del Pac\u00edfico, donde cada rinc\u00f3n cuenta una historia y cada celebraci\u00f3n es un viaje en s\u00ed mismo. \u00a1No te lo pierdas!<\/p>\n<p><em> &#8221; Fuentes mvsnoticias.com &#8221; <\/em><\/p>\n","protected":false},"excerpt":{"rendered":"<p>Descubre el Carnaval de Mazatl\u00e1n: Una Fiesta que Impulsa el Turismo en el Pac\u00edfico Mexicano El Carnaval de Mazatl\u00e1n es una de las celebraciones m\u00e1s vibrantes e ic\u00f3nicas de M\u00e9xico, un evento que no solo enriquece la cultura del pa\u00eds, sino que tambi\u00e9n se ha convertido en un poderoso motor de turismo. Cada a\u00f1o, miles [&hellip;]<\/p>\n","protected":false},"author":4,"featured_media":1111814,"comment_status":"open","ping_status":"closed","sticky":false,"template":"","format":"standard","meta":{"om_disable_all_campaigns":false,"jnews-multi-image_gallery":[],"jnews_single_post":[],"jnews_primary_category":[],"jnews_social_meta":[],"footnotes":""},"categories":[41],"tags":[55723,62012,267781,267780,1280,724,6105,1099,8351,3134,544,14298],"class_list":["post-1111813","post","type-post","status-publish","format-standard","has-post-thumbnail","hentry","category-cruceros","tag-55723","tag-carnaval-de-mazatlan","tag-carnaval-de-mazatlan-2026","tag-carnaval-internacional-2026","tag-crucero","tag-eventos","tag-festividades","tag-mazatlan","tag-norwegian","tag-pasajeros","tag-turismo","tag-turismo-cultural"],"_links":{"self":[{"href":"https:\/\/dimensionturistica.com\/es\/wp-json\/wp\/v2\/posts\/1111813","targetHints":{"allow":["GET"]}}],"collection":[{"href":"https:\/\/dimensionturistica.com\/es\/wp-json\/wp\/v2\/posts"}],"about":[{"href":"https:\/\/dimensionturistica.com\/es\/wp-json\/wp\/v2\/types\/post"}],"author":[{"embeddable":true,"href":"https:\/\/dimensionturistica.com\/es\/wp-json\/wp\/v2\/users\/4"}],"replies":[{"embeddable":true,"href":"https:\/\/dimensionturistica.com\/es\/wp-json\/wp\/v2\/comments?post=1111813"}],"version-history":[{"count":1,"href":"https:\/\/dimensionturistica.com\/es\/wp-json\/wp\/v2\/posts\/1111813\/revisions"}],"predecessor-version":[{"id":1111815,"href":"https:\/\/dimensionturistica.com\/es\/wp-json\/wp\/v2\/posts\/1111813\/revisions\/1111815"}],"wp:featuredmedia":[{"embeddable":true,"href":"https:\/\/dimensionturistica.com\/es\/wp-json\/wp\/v2\/media\/1111814"}],"wp:attachment":[{"href":"https:\/\/dimensionturistica.com\/es\/wp-json\/wp\/v2\/media?parent=1111813"}],"wp:term":[{"taxonomy":"category","embeddable":true,"href":"https:\/\/dimensionturistica.com\/es\/wp-json\/wp\/v2\/categories?post=1111813"},{"taxonomy":"post_tag","embeddable":true,"href":"https:\/\/dimensionturistica.com\/es\/wp-json\/wp\/v2\/tags?post=1111813"}],"curies":[{"name":"wp","href":"https:\/\/api.w.org\/{rel}","templated":true}]}}