{"id":1111637,"date":"2026-02-13T23:06:11","date_gmt":"2026-02-13T23:06:11","guid":{"rendered":"https:\/\/dimensionturistica.com\/es\/?p=1111637"},"modified":"2026-02-13T23:06:11","modified_gmt":"2026-02-13T23:06:11","slug":"al-buen-entendedor-por-que-la-necesidad-de-legislar-para-el-turismo","status":"publish","type":"post","link":"https:\/\/dimensionturistica.com\/es\/al-buen-entendedor-por-que-la-necesidad-de-legislar-para-el-turismo\/","title":{"rendered":"Al Buen Entendedor&#8230; \u00bfPor qu\u00e9 la necesidad de legislar para el Turismo?&#8230;"},"content":{"rendered":"\n<figure class=\"wp-block-gallery has-nested-images columns-default is-cropped wp-block-gallery-1 is-layout-flex wp-block-gallery-is-layout-flex\">\n<figure class=\"wp-block-image size-large\"><img decoding=\"async\" width=\"500\" height=\"536\" data-id=\"1111536\" src=\"https:\/\/dimensionturistica.com\/es\/wp-content\/uploads\/2026\/02\/1SERGIO-1.jpg\" alt=\"\" class=\"wp-image-1111536\" srcset=\"https:\/\/dimensionturistica.com\/es\/wp-content\/uploads\/2026\/02\/1SERGIO-1.jpg 500w, https:\/\/dimensionturistica.com\/es\/wp-content\/uploads\/2026\/02\/1SERGIO-1-280x300.jpg 280w\" sizes=\"(max-width: 500px) 100vw, 500px\" \/><\/figure>\n<\/figure>\n\n\n\n<p><strong>Por: Sergio E. Gonz\u00e1lez Rubiera<\/strong><\/p>\n\n\n\n<p>\ufeff Mucho se ha insistido a lo largo de los a\u00f1os, en la necesidad de que existan leyes de fomento para la actividad tur\u00edstica, escenarios legislativos que privilegien a este sector y en consecuencia est\u00edmulos fiscales, que adem\u00e1s de alentar, faciliten la puesta en marcha de negocios tur\u00edsticos, el avance y progresi\u00f3n de los existentes y con ello, la generaci\u00f3n de empleos, la derrama econ\u00f3mica a partir de captar a m\u00e1s y mejores turistas y con ello, lograr mejor calidad de vida para la poblaci\u00f3n, y especialmente en aquellas comunidades receptoras de turismo en el pa\u00eds.<\/p>\n\n\n\n<figure class=\"wp-block-gallery has-nested-images columns-default is-cropped wp-block-gallery-2 is-layout-flex wp-block-gallery-is-layout-flex\">\n<figure class=\"wp-block-image size-large\"><img decoding=\"async\" width=\"500\" height=\"281\" data-id=\"1111638\" src=\"https:\/\/dimensionturistica.com\/es\/wp-content\/uploads\/2026\/02\/6CERO.jpg\" alt=\"\" class=\"wp-image-1111638\" srcset=\"https:\/\/dimensionturistica.com\/es\/wp-content\/uploads\/2026\/02\/6CERO.jpg 500w, https:\/\/dimensionturistica.com\/es\/wp-content\/uploads\/2026\/02\/6CERO-300x169.jpg 300w\" sizes=\"(max-width: 500px) 100vw, 500px\" \/><\/figure>\n<\/figure>\n\n\n\n<p>Incentivar a la industria tur\u00edstica, implica por una parte derribar barreras y obst\u00e1culos para la operaci\u00f3n de las empresas, agilizar y facilitar la tramitolog\u00eda, y por otra, de manera importante, reducir la carga tributaria, y por decirlo simple y llanamente, hacerlo m\u00e1s f\u00e1cil tanto para los emprendedores, como para quienes ya establecidos, sean micro, peque\u00f1as, medianas o grandes empresas, puedan ser m\u00e1s competitivos, generen y mantengan empleos y en suma, con ello, poder generarle m\u00e1s turistas, m\u00e1s divisas y m\u00e1s ingresos a sus empresas, a su regi\u00f3n y al pa\u00eds.<\/p>\n\n\n\n<figure class=\"wp-block-gallery has-nested-images columns-default is-cropped wp-block-gallery-3 is-layout-flex wp-block-gallery-is-layout-flex\">\n<figure class=\"wp-block-image size-large\"><img decoding=\"async\" width=\"500\" height=\"239\" data-id=\"1111639\" src=\"https:\/\/dimensionturistica.com\/es\/wp-content\/uploads\/2026\/02\/2C1CERO.jpg\" alt=\"\" class=\"wp-image-1111639\" srcset=\"https:\/\/dimensionturistica.com\/es\/wp-content\/uploads\/2026\/02\/2C1CERO.jpg 500w, https:\/\/dimensionturistica.com\/es\/wp-content\/uploads\/2026\/02\/2C1CERO-300x143.jpg 300w\" sizes=\"(max-width: 500px) 100vw, 500px\" \/><\/figure>\n<\/figure>\n\n\n\n<p>Incentivar a las empresas tur\u00edsticas, reduciendo la carga tributaria, es decir con est\u00edmulos y beneficios fiscales, significa, por una parte, desde una \u00f3ptica, una afrenta contra la recaudaci\u00f3n y en una teor\u00eda simplista una merma contra los ingresos del estado. Quitarle o reducirle impuestos en pocas palabras, a los empresarios tur\u00edsticos, implica una reducci\u00f3n en la recaudaci\u00f3n para las arcas de los gobiernos, pero visto desde otra \u00f3ptica y con visi\u00f3n de largo plazo significa la posibilidad de incrementar los flujos tur\u00edsticos y con ello, el gasto, la derrama y el pago, al tiempo, de otros muchos impuestos.<\/p>\n\n\n\n<figure class=\"wp-block-gallery has-nested-images columns-default is-cropped wp-block-gallery-4 is-layout-flex wp-block-gallery-is-layout-flex\">\n<figure class=\"wp-block-image size-large\"><img decoding=\"async\" width=\"500\" height=\"306\" data-id=\"1111640\" src=\"https:\/\/dimensionturistica.com\/es\/wp-content\/uploads\/2026\/02\/1CERO.jpg\" alt=\"\" class=\"wp-image-1111640\" srcset=\"https:\/\/dimensionturistica.com\/es\/wp-content\/uploads\/2026\/02\/1CERO.jpg 500w, https:\/\/dimensionturistica.com\/es\/wp-content\/uploads\/2026\/02\/1CERO-300x184.jpg 300w\" sizes=\"(max-width: 500px) 100vw, 500px\" \/><\/figure>\n<\/figure>\n\n\n\n<p>Por citar un ejemplo, de implementarse la TASA CERO, a grupos, convenciones, incentivos y congresos en TODA su extensi\u00f3n, sin cortapisas ni restricciones, aplic\u00e1ndola de manera amplia a todos cuantos servicios se ocupan en la industria de reuniones, podr\u00eda derivar en un importante incremento en el flujo de turismo por este segmento, significando adem\u00e1s de mayores ocupaciones hoteleras y a mejores tarifas, la posibilidad de dar empleos a un sinf\u00edn de actores y actividades asociadas, como especialistas en la conducci\u00f3n de grupos (free lances), marinas, floristas, m\u00fasicos, proveedores de producci\u00f3n de espect\u00e1culos, transportistas diversos, vendedores y productores de artesan\u00edas, y un sinf\u00edn de etc\u00e9teras, que a su vez habr\u00edan de generar y contribuir con pagos de impuestos, adem\u00e1s de empleos.<\/p>\n\n\n\n<p>La industria de reuniones, en el caso del Caribe Mexicano, puede significar de manera estimada solo un 20% del mercado anual, a tarifas hoteleras por dem\u00e1s atractivas, que adem\u00e1s viene a compensar meses de temporada baja, pero que de contar con los incentivos adecuados podr\u00eda incrementarse de manera significativa.<\/p>\n\n\n\n<figure class=\"wp-block-gallery has-nested-images columns-default is-cropped wp-block-gallery-5 is-layout-flex wp-block-gallery-is-layout-flex\">\n<figure class=\"wp-block-image size-large\"><img decoding=\"async\" width=\"500\" height=\"261\" data-id=\"1111641\" src=\"https:\/\/dimensionturistica.com\/es\/wp-content\/uploads\/2026\/02\/2CERO.jpg\" alt=\"\" class=\"wp-image-1111641\" srcset=\"https:\/\/dimensionturistica.com\/es\/wp-content\/uploads\/2026\/02\/2CERO.jpg 500w, https:\/\/dimensionturistica.com\/es\/wp-content\/uploads\/2026\/02\/2CERO-300x157.jpg 300w\" sizes=\"(max-width: 500px) 100vw, 500px\" \/><\/figure>\n<\/figure>\n\n\n\n<p>El turismo es una cadena infinita de producci\u00f3n y si se le incentiva y fomenta de forma adecuada, puede significar para M\u00e9xico, una derrama inconmensurable de ingresos, debe ser la palanca que nos impulse como potencia a nivel mundial y puede ser sin duda la plataforma de lanzamiento para que M\u00e9xico pueda sin lugar a dudas ser l\u00edder en turismo mundial, al tiempo que va complementando y eventualmente sustituyendo al petr\u00f3leo, sin duda en decadencia.<\/p>\n\n\n\n<p>A continuaci\u00f3n, los asuntos a legislar:<\/p>\n\n\n\n<figure class=\"wp-block-gallery has-nested-images columns-default is-cropped wp-block-gallery-6 is-layout-flex wp-block-gallery-is-layout-flex\">\n<figure class=\"wp-block-image size-large\"><img decoding=\"async\" width=\"500\" height=\"375\" data-id=\"1111642\" src=\"https:\/\/dimensionturistica.com\/es\/wp-content\/uploads\/2026\/02\/4CERO.jpg\" alt=\"\" class=\"wp-image-1111642\" srcset=\"https:\/\/dimensionturistica.com\/es\/wp-content\/uploads\/2026\/02\/4CERO.jpg 500w, https:\/\/dimensionturistica.com\/es\/wp-content\/uploads\/2026\/02\/4CERO-300x225.jpg 300w\" sizes=\"(max-width: 500px) 100vw, 500px\" \/><\/figure>\n<\/figure>\n\n\n\n<p>A nivel Federal:<\/p>\n\n\n\n<p>Exentar del pago de ISR por cinco a\u00f1os a los empresarios que remodelen hoteles, parques tem\u00e1ticos, restaurantes y marinas.<\/p>\n\n\n\n<p>Exentar del pago de ISR por cinco a\u00f1os a quienes establezcan o inicien un negocio tur\u00edstico de cualquier \u00edndole que sea micro o peque\u00f1a empresa, exentar el 50% trat\u00e1ndose de medianas y grandes empresas.<\/p>\n\n\n\n<figure class=\"wp-block-gallery has-nested-images columns-default is-cropped wp-block-gallery-7 is-layout-flex wp-block-gallery-is-layout-flex\">\n<figure class=\"wp-block-image size-large\"><img decoding=\"async\" width=\"500\" height=\"281\" data-id=\"1111643\" src=\"https:\/\/dimensionturistica.com\/es\/wp-content\/uploads\/2026\/02\/9CERO.jpg\" alt=\"\" class=\"wp-image-1111643\" srcset=\"https:\/\/dimensionturistica.com\/es\/wp-content\/uploads\/2026\/02\/9CERO.jpg 500w, https:\/\/dimensionturistica.com\/es\/wp-content\/uploads\/2026\/02\/9CERO-300x169.jpg 300w\" sizes=\"(max-width: 500px) 100vw, 500px\" \/><\/figure>\n<\/figure>\n\n\n\n<p>Exentar de ISR, a las empresas transportistas de nueva creaci\u00f3n, por cinco a\u00f1os, y por tres a\u00f1os a quienes renueven flotilla.<\/p>\n\n\n\n<p>Incorporar la deducibilidad de impuestos al 100% por consumos en restaurantes.<\/p>\n\n\n\n<p>Lograr de manera efectiva la devoluci\u00f3n parcial de impuestos a los turistas extranjeros que hagan compras en los destinos tur\u00edsticos de M\u00e9xico, incorporando m\u00f3dulos eficaces y visibles en aeropuertos, grandes tiendas y almacenes. Revisar el caso de Espa\u00f1a.<\/p>\n\n\n\n<p>Tasa Cero para Grupos, Convenciones e incentivos, deber\u00eda ampliarse para que sea aplicada a grupos extranjeros y mexicanos; as\u00ed mismo que aplique para la contrataci\u00f3n de recintos, transportaci\u00f3n, restaurantes y marinas, adem\u00e1s de los hoteles. Aplicable tambi\u00e9n para todos los congresistas que de manera individual y por su cuenta, asisten a un Congreso, de manera que todo el IVA, que pagan durante sus estancias les sea devuelto. La tasa CERO, debe ser amplia, f\u00e1cil y sencilla de aplicar y de comunicar a los mercados emisores y a los organizadores del segmento de Reuniones.<\/p>\n\n\n\n<p>Eliminar el IVA, en la venta de excursiones tur\u00edsticas.<\/p>\n\n\n\n<p>Turismo M\u00e9dico:<\/p>\n\n\n\n<figure class=\"wp-block-gallery has-nested-images columns-default is-cropped wp-block-gallery-8 is-layout-flex wp-block-gallery-is-layout-flex\">\n<figure class=\"wp-block-image size-large\"><img decoding=\"async\" width=\"500\" height=\"261\" data-id=\"1111644\" src=\"https:\/\/dimensionturistica.com\/es\/wp-content\/uploads\/2026\/02\/7CERO.jpg\" alt=\"\" class=\"wp-image-1111644\" srcset=\"https:\/\/dimensionturistica.com\/es\/wp-content\/uploads\/2026\/02\/7CERO.jpg 500w, https:\/\/dimensionturistica.com\/es\/wp-content\/uploads\/2026\/02\/7CERO-300x157.jpg 300w\" sizes=\"(max-width: 500px) 100vw, 500px\" \/><\/figure>\n<\/figure>\n\n\n\n<p>Que se reconozca el turismo m\u00e9dico como actividad prioritaria en la Ley General de Turismo.<\/p>\n\n\n\n<p>Deducci\u00f3n acelerada del 100% para inversi\u00f3n en infraestructura m\u00e9dica enfocada a extranjeros.<\/p>\n\n\n\n<p>Facilitar importaci\u00f3n temporal sin aranceles de equipo m\u00e9dico especializado.<\/p>\n\n\n\n<p>Al Buen Entendedor\u2026<\/p>\n\n\n\n<p>\ufeff\ufeffsgrubiera@acticonsultores.com<\/p>\n","protected":false},"excerpt":{"rendered":"<p>Por: Sergio E. Gonz\u00e1lez Rubiera \ufeff Mucho se ha insistido a lo largo de los a\u00f1os, en la necesidad de que existan leyes de fomento para la actividad tur\u00edstica, escenarios legislativos que privilegien a este sector y en consecuencia est\u00edmulos fiscales, que adem\u00e1s de alentar, faciliten la puesta en marcha de negocios tur\u00edsticos, el avance [&hellip;]<\/p>\n","protected":false},"author":1,"featured_media":0,"comment_status":"open","ping_status":"closed","sticky":false,"template":"","format":"standard","meta":{"om_disable_all_campaigns":false,"jnews-multi-image_gallery":[],"jnews_single_post":[],"jnews_primary_category":[],"jnews_social_meta":[],"footnotes":""},"categories":[39],"tags":[],"class_list":["post-1111637","post","type-post","status-publish","format-standard","hentry","category-viajes"],"_links":{"self":[{"href":"https:\/\/dimensionturistica.com\/es\/wp-json\/wp\/v2\/posts\/1111637","targetHints":{"allow":["GET"]}}],"collection":[{"href":"https:\/\/dimensionturistica.com\/es\/wp-json\/wp\/v2\/posts"}],"about":[{"href":"https:\/\/dimensionturistica.com\/es\/wp-json\/wp\/v2\/types\/post"}],"author":[{"embeddable":true,"href":"https:\/\/dimensionturistica.com\/es\/wp-json\/wp\/v2\/users\/1"}],"replies":[{"embeddable":true,"href":"https:\/\/dimensionturistica.com\/es\/wp-json\/wp\/v2\/comments?post=1111637"}],"version-history":[{"count":1,"href":"https:\/\/dimensionturistica.com\/es\/wp-json\/wp\/v2\/posts\/1111637\/revisions"}],"predecessor-version":[{"id":1111645,"href":"https:\/\/dimensionturistica.com\/es\/wp-json\/wp\/v2\/posts\/1111637\/revisions\/1111645"}],"wp:attachment":[{"href":"https:\/\/dimensionturistica.com\/es\/wp-json\/wp\/v2\/media?parent=1111637"}],"wp:term":[{"taxonomy":"category","embeddable":true,"href":"https:\/\/dimensionturistica.com\/es\/wp-json\/wp\/v2\/categories?post=1111637"},{"taxonomy":"post_tag","embeddable":true,"href":"https:\/\/dimensionturistica.com\/es\/wp-json\/wp\/v2\/tags?post=1111637"}],"curies":[{"name":"wp","href":"https:\/\/api.w.org\/{rel}","templated":true}]}}