{"id":1111573,"date":"2026-02-13T21:35:45","date_gmt":"2026-02-13T21:35:45","guid":{"rendered":"https:\/\/dimensionturistica.com\/es\/?p=1111573"},"modified":"2026-02-13T21:35:45","modified_gmt":"2026-02-13T21:35:45","slug":"la-muestra-de-cine-de-quebec-regresa-del-26-de-febrero-al-8-de-marzo-del-2026-a-la-cineteca-nacional-con-una-seleccion-de-11-largometrajes","status":"publish","type":"post","link":"https:\/\/dimensionturistica.com\/es\/la-muestra-de-cine-de-quebec-regresa-del-26-de-febrero-al-8-de-marzo-del-2026-a-la-cineteca-nacional-con-una-seleccion-de-11-largometrajes\/","title":{"rendered":"La Muestra de Cine de Quebec regresa del 26 de febrero al 8 de marzo del 2026 a la Cineteca Nacional, con una selecci\u00f3n de 11 largometrajes."},"content":{"rendered":"\n<figure class=\"wp-block-gallery has-nested-images columns-default is-cropped wp-block-gallery-1 is-layout-flex wp-block-gallery-is-layout-flex\">\n<figure class=\"wp-block-image size-large\"><img decoding=\"async\" width=\"500\" height=\"155\" data-id=\"1111575\" src=\"https:\/\/dimensionturistica.com\/es\/wp-content\/uploads\/2026\/02\/1CANDA.jpg\" alt=\"\" class=\"wp-image-1111575\" srcset=\"https:\/\/dimensionturistica.com\/es\/wp-content\/uploads\/2026\/02\/1CANDA.jpg 500w, https:\/\/dimensionturistica.com\/es\/wp-content\/uploads\/2026\/02\/1CANDA-300x93.jpg 300w\" sizes=\"(max-width: 500px) 100vw, 500px\" \/><\/figure>\n<\/figure>\n\n\n\n<p>Del 26 de febrero al 8 de marzo del 2026, la Cineteca Nacional ser\u00e1 sede de la 11.\u00aa edici\u00f3n de la Muestra de Cine de Quebec (Quebecine MX), que presentar\u00e1 una selecci\u00f3n de 11 largometrajes del cine quebequense contempor\u00e1neo. A lo largo de esta edici\u00f3n, tres cineastas de Quebec participar\u00e1n en encuentros con el p\u00fablico mexicano, lo que permitir\u00e1 ofrecer espacios de di\u00e1logo para profundizar los temas evocados y explorar los lazos que unen Quebec a M\u00e9xico.<\/p>\n\n\n\n<p>\u201cEn su 11\u00aa edici\u00f3n, Quebecine nos da a ver una humanidad vulnerable, imperfecta y resiliente. Una humanidad cuyas debilidades revelan, parad\u00f3jicamente, su fuerza, la de crear, resistir, amar e imaginar otras formas de habitar el mundo\u201d, coment\u00f3 Jean-S\u00e9bastien Durocher, director de la programaci\u00f3n del festival.<\/p>\n\n\n\n<figure class=\"wp-block-gallery has-nested-images columns-default is-cropped wp-block-gallery-2 is-layout-flex wp-block-gallery-is-layout-flex\">\n<figure class=\"wp-block-image size-large\"><img decoding=\"async\" width=\"500\" height=\"750\" data-id=\"1111576\" src=\"https:\/\/dimensionturistica.com\/es\/wp-content\/uploads\/2026\/02\/2CANADA.jpg\" alt=\"\" class=\"wp-image-1111576\" srcset=\"https:\/\/dimensionturistica.com\/es\/wp-content\/uploads\/2026\/02\/2CANADA.jpg 500w, https:\/\/dimensionturistica.com\/es\/wp-content\/uploads\/2026\/02\/2CANADA-200x300.jpg 200w\" sizes=\"(max-width: 500px) 100vw, 500px\" \/><\/figure>\n<\/figure>\n\n\n\n<p>Proyecci\u00f3n inaugural: Amor Apocalipsis<\/p>\n\n\n\n<p>El festival se inaugurar\u00e1 el jueves 26 de febrero a las 19:00 horas con una funci\u00f3n gratuita de Amor Apocalipsis, con la presencia de la cineasta Anne \u00c9mond. Presentada en el Festival de Cannes 2025, esta comedia absurda reflexiona sobre el amor como acto de supervivencia en tiempos de crisis clim\u00e1tica.<\/p>\n\n\n\n<figure class=\"wp-block-gallery has-nested-images columns-default is-cropped wp-block-gallery-3 is-layout-flex wp-block-gallery-is-layout-flex\">\n<figure class=\"wp-block-image size-large\"><img decoding=\"async\" width=\"500\" height=\"211\" data-id=\"1111577\" src=\"https:\/\/dimensionturistica.com\/es\/wp-content\/uploads\/2026\/02\/5CANADA-1.jpg\" alt=\"\" class=\"wp-image-1111577\" srcset=\"https:\/\/dimensionturistica.com\/es\/wp-content\/uploads\/2026\/02\/5CANADA-1.jpg 500w, https:\/\/dimensionturistica.com\/es\/wp-content\/uploads\/2026\/02\/5CANADA-1-300x127.jpg 300w\" sizes=\"(max-width: 500px) 100vw, 500px\" \/><\/figure>\n<\/figure>\n\n\n\n<p>\u201cAl inicio, escrib\u00ed esta pel\u00edcula para salvarme. Como muchos, sufr\u00eda de un estr\u00e9s caracter\u00edstico de nuestra \u00e9poca, que radica entre depresi\u00f3n, ecoansiedad, sentimiento de vac\u00edo y miedo al futuro. De forma extra\u00f1a, o tal vez l\u00f3gica, surgi\u00f3 de este dif\u00edcil cap\u00edtulo de mi vida esta comedia disparatada, absurda y rom\u00e1ntica que es Amor apocalipsis\u201d, explic\u00f3 la directora Anne \u00c9mond.<\/p>\n\n\n\n<figure class=\"wp-block-gallery has-nested-images columns-default is-cropped wp-block-gallery-4 is-layout-flex wp-block-gallery-is-layout-flex\">\n<figure class=\"wp-block-image size-large\"><img decoding=\"async\" width=\"500\" height=\"714\" data-id=\"1111578\" src=\"https:\/\/dimensionturistica.com\/es\/wp-content\/uploads\/2026\/02\/3CANADA.jpg\" alt=\"\" class=\"wp-image-1111578\" srcset=\"https:\/\/dimensionturistica.com\/es\/wp-content\/uploads\/2026\/02\/3CANADA.jpg 500w, https:\/\/dimensionturistica.com\/es\/wp-content\/uploads\/2026\/02\/3CANADA-210x300.jpg 210w\" sizes=\"(max-width: 500px) 100vw, 500px\" \/><\/figure>\n<\/figure>\n\n\n\n<p>La directora estar\u00e1 presente en la conferencia de prensa de Quebecine el martes 24 de febrero.<\/p>\n\n\n\n<p>M\u00e1s cineastas invitados y funci\u00f3n especial en la UNAM<\/p>\n\n\n\n<figure class=\"wp-block-gallery has-nested-images columns-default is-cropped wp-block-gallery-5 is-layout-flex wp-block-gallery-is-layout-flex\">\n<figure class=\"wp-block-image size-large\"><img decoding=\"async\" width=\"500\" height=\"236\" data-id=\"1111579\" src=\"https:\/\/dimensionturistica.com\/es\/wp-content\/uploads\/2026\/02\/7CANADA-1.jpg\" alt=\"\" class=\"wp-image-1111579\" srcset=\"https:\/\/dimensionturistica.com\/es\/wp-content\/uploads\/2026\/02\/7CANADA-1.jpg 500w, https:\/\/dimensionturistica.com\/es\/wp-content\/uploads\/2026\/02\/7CANADA-1-300x142.jpg 300w\" sizes=\"(max-width: 500px) 100vw, 500px\" \/><\/figure>\n<\/figure>\n\n\n\n<p>Adem\u00e1s de Anne \u00c9mond, Quebecine MX contar\u00e1 con la presencia de la cineasta Xiaodan He y del documentalista Julien Elie. He presentar\u00e1 su m\u00e1s reciente largometraje, Montr\u00e9al, querida, protagonizado por Joan Chen, una historia \u00edntima que explora la identidad, el exilio y la emancipaci\u00f3n femenina a trav\u00e9s de una relaci\u00f3n l\u00e9sbica intergeneracional e intercultural.<\/p>\n\n\n\n<p>En el marco de la colaboraci\u00f3n anual entre Quebecine MX y la C\u00e1tedra Ingmar Bergman en Cine y Teatro, Montr\u00e9al, querida tendr\u00e1 una funci\u00f3n especial gratuita en la Sala Jos\u00e9 Revueltas del Centro Cultural Universitario de la UNAM, el s\u00e1bado 7 de marzo a las 17:00 horas. Esta proyecci\u00f3n se inscribe en el contexto de las actividades del 8 de marzo en la UNAM, como parte de una reflexi\u00f3n sobre las formas en que las mujeres narran sus propias historias. Al finalizar la funci\u00f3n, Xiaodan He conversar\u00e1 con Lucrecia Arcos sobre su proceso creativo.<\/p>\n\n\n\n<figure class=\"wp-block-gallery has-nested-images columns-default is-cropped wp-block-gallery-6 is-layout-flex wp-block-gallery-is-layout-flex\">\n<figure class=\"wp-block-image size-large\"><img decoding=\"async\" width=\"500\" height=\"305\" data-id=\"1111581\" src=\"https:\/\/dimensionturistica.com\/es\/wp-content\/uploads\/2026\/02\/6CANADA-1.jpg\" alt=\"\" class=\"wp-image-1111581\" srcset=\"https:\/\/dimensionturistica.com\/es\/wp-content\/uploads\/2026\/02\/6CANADA-1.jpg 500w, https:\/\/dimensionturistica.com\/es\/wp-content\/uploads\/2026\/02\/6CANADA-1-300x183.jpg 300w\" sizes=\"(max-width: 500px) 100vw, 500px\" \/><\/figure>\n<\/figure>\n\n\n\n<p>Por otro lado, el documentalista Julien Elie\u2014conocido en M\u00e9xico por Soles negros y La guardia blanca\u2014 presentar\u00e1 Shifting Baselines, una mirada cr\u00edtica a la nueva carrera espacial a partir de las instalaciones de lanzamiento de Space X en Boca Chica, Texas.<\/p>\n","protected":false},"excerpt":{"rendered":"<p>Del 26 de febrero al 8 de marzo del 2026, la Cineteca Nacional ser\u00e1 sede de la 11.\u00aa edici\u00f3n de la Muestra de Cine de Quebec (Quebecine MX), que presentar\u00e1 una selecci\u00f3n de 11 largometrajes del cine quebequense contempor\u00e1neo. A lo largo de esta edici\u00f3n, tres cineastas de Quebec participar\u00e1n en encuentros con el p\u00fablico [&hellip;]<\/p>\n","protected":false},"author":1,"featured_media":0,"comment_status":"open","ping_status":"closed","sticky":false,"template":"","format":"standard","meta":{"om_disable_all_campaigns":false,"jnews-multi-image_gallery":[],"jnews_single_post":{"format":"standard"},"jnews_primary_category":[],"jnews_social_meta":[],"footnotes":""},"categories":[39],"tags":[],"class_list":["post-1111573","post","type-post","status-publish","format-standard","hentry","category-viajes"],"_links":{"self":[{"href":"https:\/\/dimensionturistica.com\/es\/wp-json\/wp\/v2\/posts\/1111573","targetHints":{"allow":["GET"]}}],"collection":[{"href":"https:\/\/dimensionturistica.com\/es\/wp-json\/wp\/v2\/posts"}],"about":[{"href":"https:\/\/dimensionturistica.com\/es\/wp-json\/wp\/v2\/types\/post"}],"author":[{"embeddable":true,"href":"https:\/\/dimensionturistica.com\/es\/wp-json\/wp\/v2\/users\/1"}],"replies":[{"embeddable":true,"href":"https:\/\/dimensionturistica.com\/es\/wp-json\/wp\/v2\/comments?post=1111573"}],"version-history":[{"count":1,"href":"https:\/\/dimensionturistica.com\/es\/wp-json\/wp\/v2\/posts\/1111573\/revisions"}],"predecessor-version":[{"id":1111583,"href":"https:\/\/dimensionturistica.com\/es\/wp-json\/wp\/v2\/posts\/1111573\/revisions\/1111583"}],"wp:attachment":[{"href":"https:\/\/dimensionturistica.com\/es\/wp-json\/wp\/v2\/media?parent=1111573"}],"wp:term":[{"taxonomy":"category","embeddable":true,"href":"https:\/\/dimensionturistica.com\/es\/wp-json\/wp\/v2\/categories?post=1111573"},{"taxonomy":"post_tag","embeddable":true,"href":"https:\/\/dimensionturistica.com\/es\/wp-json\/wp\/v2\/tags?post=1111573"}],"curies":[{"name":"wp","href":"https:\/\/api.w.org\/{rel}","templated":true}]}}