{"id":1111535,"date":"2026-02-13T20:40:53","date_gmt":"2026-02-13T20:40:53","guid":{"rendered":"https:\/\/dimensionturistica.com\/es\/?p=1111535"},"modified":"2026-02-13T20:40:53","modified_gmt":"2026-02-13T20:40:53","slug":"al-buen-entendedor-leyendo-al-quijote-parte-ii","status":"publish","type":"post","link":"https:\/\/dimensionturistica.com\/es\/al-buen-entendedor-leyendo-al-quijote-parte-ii\/","title":{"rendered":"Al Buen Entendedor&#8230; Leyendo al Quijote.\u00a0\u00a0 Parte II."},"content":{"rendered":"\n<figure class=\"wp-block-gallery has-nested-images columns-default is-cropped wp-block-gallery-1 is-layout-flex wp-block-gallery-is-layout-flex\">\n<figure class=\"wp-block-image size-large\"><img decoding=\"async\" width=\"500\" height=\"536\" data-id=\"1111536\" src=\"https:\/\/dimensionturistica.com\/es\/wp-content\/uploads\/2026\/02\/1SERGIO-1.jpg\" alt=\"\" class=\"wp-image-1111536\" srcset=\"https:\/\/dimensionturistica.com\/es\/wp-content\/uploads\/2026\/02\/1SERGIO-1.jpg 500w, https:\/\/dimensionturistica.com\/es\/wp-content\/uploads\/2026\/02\/1SERGIO-1-280x300.jpg 280w\" sizes=\"(max-width: 500px) 100vw, 500px\" \/><\/figure>\n<\/figure>\n\n\n\n<p><strong>Por: Sergio E. Gonz\u00e1lez Rubiera<\/strong><\/p>\n\n\n\n<p><strong>El reto de leer esta obra\u2026<\/strong><\/p>\n\n\n\n<p>En la entrega anterior, anunciaba a mis ocho lectores, que, en \u00e9sta, habr\u00eda de abordar el asunto del reto que significa para muchos el poder leer al Quijote de la Mancha, y sobretodo poder terminar de leerlo.<\/p>\n\n\n\n<p>Al parecer, no obstante ser la obra por antonomasia de la literatura espa\u00f1ola y en tales condiciones ser casi obligada su lectura no solo en las edades tempranas de nuestra educaci\u00f3n literaria, sino para todos quienes nos atrevamos a asomarnos al balc\u00f3n de la cultura de las buenas letras, resulta, sin embargo, dificultosa su lectura, su comprensi\u00f3n y todo un reto el poder concluir la novela hasta su \u00faltima p\u00e1gina.<\/p>\n\n\n\n<p>Y resulta que s\u00ed, que es complicado de suyo, leer al Quijote sin perderse entre los intrincados laberintos, por una parte, del lenguaje y por otra parte de la gran cantidad de palabras ya sea en desuso o de significado distinto al de la actualidad. Por solo citar un brev\u00edsimo ejemplo, cuando en aquellos memorables textos se dice de industria, o por industria, se refiere a hacerlo a prop\u00f3sito o con el prop\u00f3sito de, lo cual es sumamente distante de lo que hoy entendemos por esa palabra. Por ejemplo \u201ca fe m\u00eda\u201d, que ser\u00eda a \u201ca decir verdad\u201d, o \u201cte aseguro que\u201d \u2026 entre otras muchas expresiones, con lo cual hemos de reconocer que leer al Quijote y pretender que los alumnos hagan an\u00e1lisis y reflexiones sobre semejante texto sin un entrenamiento previo es un tanto cuanto dif\u00edcil por decir lo menos.<\/p>\n\n\n\n<figure class=\"wp-block-gallery has-nested-images columns-default is-cropped wp-block-gallery-2 is-layout-flex wp-block-gallery-is-layout-flex\">\n<figure class=\"wp-block-image size-large\"><img decoding=\"async\" width=\"500\" height=\"309\" data-id=\"1111539\" src=\"https:\/\/dimensionturistica.com\/es\/wp-content\/uploads\/2026\/02\/4SERGIO.jpg\" alt=\"\" class=\"wp-image-1111539\" srcset=\"https:\/\/dimensionturistica.com\/es\/wp-content\/uploads\/2026\/02\/4SERGIO.jpg 500w, https:\/\/dimensionturistica.com\/es\/wp-content\/uploads\/2026\/02\/4SERGIO-300x185.jpg 300w\" sizes=\"(max-width: 500px) 100vw, 500px\" \/><\/figure>\n<\/figure>\n\n\n\n<p>Y es por ello que me reserv\u00e9 para esta segunda entrega, una an\u00e9cdota, que es casi una historia, que me ha parecido reveladora del porque me ha resultado f\u00e1cil, o menos dificultoso leer al Ingenioso Hidalgo Don Quijote de la Mancha, esperando que, con ello, al final del cuento, pudiere dejar un consejo para quienes quisieran aventurarse a este tipo de literatura.<\/p>\n\n\n\n<p>Resulta ser que cuando, quien esto escribe, contaba con unos diez y siete a\u00f1os de edad, aconteci\u00f3le de sufrir de una hepatitis, enfermedad que, como se sabe implicaba entonces, no se si ahora, a quedarse postrado en cama por un mes y eventualmente m\u00e1s. Y es en esa circunstancia, que me da por leerme la obra completa de Bernal D\u00edaz del Castillo, La Historia verdadera de la conquista de la Nueva Espa\u00f1a. La obra es genial, interesante, cautivadora, llena de emociones y por supuesto de castellano antiguo.<\/p>\n\n\n\n<p>Me la le\u00ed en algo m\u00e1s de un mes, yo creo, y me fascin\u00f3, aunque seguro estoy que me qued\u00e9 con dudas y curiosidades, aunque tambi\u00e9n con ganas de leerla de nuevo y compartir con alguien aquellos conocimientos, y fue por esa curiosidad, que me la le\u00ed de nuevo cuando ten\u00eda unos treinta y dos a\u00f1os de edad.<\/p>\n\n\n\n<p>Ese maravilloso libro no ten\u00eda notas o pies de p\u00e1gina, esas que te explicaran las palabras en desuso o los arca\u00edsmos, de manera que me lo le\u00ed todo a rengl\u00f3n seguido y no me qued\u00f3 m\u00e1s que inferir con la propia lectura seguida, lo que pretend\u00edan aquellas palabras que a la primera vista no conoc\u00eda y no comprend\u00eda. Me lo le\u00ed todo, por la curiosidad que ten\u00eda de saber como hab\u00eda sido la conquista de M\u00e9xico y de saber m\u00e1s sobre aquellos grandes personajes como Hern\u00e1n Cort\u00e9s y el Gran Emperador Moctezuma; y as\u00ed me lo le\u00ed dos veces completas en mi vida y a\u00fan estoy en la tercera, \u00e9sta con muy largas pausas, a\u00fan de a\u00f1os.<\/p>\n\n\n\n<figure class=\"wp-block-gallery has-nested-images columns-default is-cropped wp-block-gallery-3 is-layout-flex wp-block-gallery-is-layout-flex\">\n<figure class=\"wp-block-image size-large\"><img decoding=\"async\" width=\"500\" height=\"757\" data-id=\"1111541\" src=\"https:\/\/dimensionturistica.com\/es\/wp-content\/uploads\/2026\/02\/7SERGIO-2.jpg\" alt=\"\" class=\"wp-image-1111541\" srcset=\"https:\/\/dimensionturistica.com\/es\/wp-content\/uploads\/2026\/02\/7SERGIO-2.jpg 500w, https:\/\/dimensionturistica.com\/es\/wp-content\/uploads\/2026\/02\/7SERGIO-2-198x300.jpg 198w\" sizes=\"(max-width: 500px) 100vw, 500px\" \/><figcaption class=\"wp-element-caption\">Version 1.0.0<\/figcaption><\/figure>\n<\/figure>\n\n\n\n<p>Lo interesante de todo esto, es que, al leer al Quijote en mi tercera edad, me doy cuenta, que haber le\u00eddo a Bernal, result\u00f3 un entrenamiento perfecto.<\/p>\n\n\n\n<p>Si hoy te lees al Quijote, para poder enterarte de que va, tienes que recurrir si o si a las notas, pies de p\u00e1gina, que aparecen en cada una y que te van haciendo entender los arca\u00edsmos, las palabras en desuso y las referencias a personajes o insinuaciones veladas que quer\u00eda hacer Cervantes.<\/p>\n\n\n\n<p>En tales circunstancias, resulta complicado leer esta magn\u00edfica obra sin distraerte por esas notas al final de cada p\u00e1gina, que dicho sea de paso se agradecen infinitamente a los diversos editores, ya que nos han permitido aprender a\u00fan m\u00e1s y m\u00e1s, pero el hecho es que son un distractor para la lectura continuada.<\/p>\n\n\n\n<p>Ha sido maravilloso para m\u00ed, haber estado entrenado sin saberlo, al leer a Bernal, para poder leer a Cervantes, y ser capaz de comprender el castellano antiguo, no sin esfuerzo, pero si con mayor entendimiento.<\/p>\n\n\n\n<p>En conclusi\u00f3n, lo que propongo, es que pod\u00e9is leer el Quijote de manera f\u00e1cil sin detenerse en las notas al final de cada p\u00e1gina; el secreto es leer de corrido, en voz alta si es posible, pero eso si, poniendo total y perfecta atenci\u00f3n a los puntos y las comas, hacer las pausas obligadas entre p\u00e1rrafos y olvidarse por completo de las palabras incomprensibles, de momento, esas se infieren en el contexto de la lectura. As\u00ed le\u00ed a Bernal, porque no me quedaba otra, y al final result\u00f3 ser mi entrenamiento perfecto.<\/p>\n\n\n\n<p>Hoy leo a Cervantes en el Quijote y cuando leo para mi, indago sobre las notas al pie, pero si tengo la fortuna inesperada de poder leer para otros, leo de corrido sin atender a las palabras \u201craras\u201d, y al final todos entienden, y creo que disfrutan.<\/p>\n\n\n\n<figure class=\"wp-block-gallery has-nested-images columns-default is-cropped wp-block-gallery-4 is-layout-flex wp-block-gallery-is-layout-flex\">\n<figure class=\"wp-block-image size-large\"><img decoding=\"async\" width=\"500\" height=\"281\" data-id=\"1111542\" src=\"https:\/\/dimensionturistica.com\/es\/wp-content\/uploads\/2026\/02\/3SERGIO-1.jpg\" alt=\"\" class=\"wp-image-1111542\" srcset=\"https:\/\/dimensionturistica.com\/es\/wp-content\/uploads\/2026\/02\/3SERGIO-1.jpg 500w, https:\/\/dimensionturistica.com\/es\/wp-content\/uploads\/2026\/02\/3SERGIO-1-300x169.jpg 300w\" sizes=\"(max-width: 500px) 100vw, 500px\" \/><\/figure>\n<\/figure>\n\n\n\n<p>Despu\u00e9s de todo no es tan complicado, siempre que, te guste la literatura.<\/p>\n\n\n\n<p>Ir\u00f3nicamente, al tiempo de escribir esto, me fui a leer el pr\u00f3logo de el Quijote, que me hab\u00eda reservado para despu\u00e9s y descubro que Cervantes en medio de su introductorio texto se justifica y se disculpa con el lector,<\/p>\n\n\n\n<p>&nbsp;\u201c Porque \u00bfc\u00f3mo quer\u00e9is vos que no me tenga confuso el que dir\u00e1 el antiguo legislador que llaman vulgo cuando vea que, al cabo de tantos a\u00f1os como ha que duermo en el silencio del olvido, salgo ahora, con todos mis a\u00f1os a cuestas, con una leyenda seca como un esparto, ajena de invenci\u00f3n, menguada de estilo, pobre de concetos, y falta de toda erudici\u00f3n y doctrina, sin acotaciones en las m\u00e1rgenes y sin anotaciones en el fin del libro, como veo que est\u00e1n otros libros, aunque sean fabulosos y profanos, tan llenos de sentencias de Arist\u00f3teles, de Plat\u00f3n y de toda la caterva de fil\u00f3sofos, que admiran a los leyentes, y tienen a sus autores por hombres le\u00eddos, eruditos y elocuentes?<\/p>\n\n\n\n<p>Introduzco esto para los lectores, para inferir que ya el mismo Cervantes se disculpa o justifica por no incluir esos pies o notas al margen que hoy tan \u00fatiles resultan en trat\u00e1ndose de literatura culta o compleja.<\/p>\n\n\n\n<figure class=\"wp-block-gallery has-nested-images columns-default is-cropped wp-block-gallery-5 is-layout-flex wp-block-gallery-is-layout-flex\">\n<figure class=\"wp-block-image size-large\"><img decoding=\"async\" width=\"500\" height=\"333\" data-id=\"1111543\" src=\"https:\/\/dimensionturistica.com\/es\/wp-content\/uploads\/2026\/02\/6SERGIO-1.jpg\" alt=\"\" class=\"wp-image-1111543\" srcset=\"https:\/\/dimensionturistica.com\/es\/wp-content\/uploads\/2026\/02\/6SERGIO-1.jpg 500w, https:\/\/dimensionturistica.com\/es\/wp-content\/uploads\/2026\/02\/6SERGIO-1-300x200.jpg 300w\" sizes=\"(max-width: 500px) 100vw, 500px\" \/><\/figure>\n<\/figure>\n\n\n\n<p>Leer el Quijote es pues, un reto literario pero que puede y debe salvarse si se tiene voluntad, disciplina en la lectura y sobretodo tener claro que existen, a mi juicio, dos claras maneras de acometer la tarea, la una sin el distractor de las notas y pies de p\u00e1gina, y la otra atendiendo a todas ellas, que sin duda son una tentaci\u00f3n irrefrenable si eres gustoso de la historia, la cultura, la literatura y de manera especial, de aprender el significado de innumerables vocablos, expresiones e incluso intenciones. De cualquier manera, se puede acabar la obra, si se quiere.<\/p>\n\n\n\n<p>Par\u00e9ceme mi querido lector, si eres a\u00fan de los ocho que me quedan, que he de dejarme la prometida parte denominada, La Escritura de la \u00e9poca, para una siguiente entrega, toda vez que la anticipo sino luenga, s\u00ed merecedora de la atenci\u00f3n que, a este punto, la presente ya casi te ha quitado.<\/p>\n\n\n\n<p>&nbsp;<strong>Hasta la pr\u00f3xima.<\/strong><\/p>\n\n\n\n<p><strong>Al Buen Entendedor\u2026<\/strong><\/p>\n\n\n\n<p><strong>\ufeff\ufeffsgrubiera@acticonsultores.com<\/strong><strong>\ufeff<\/strong><\/p>\n\n\n\n<p><strong>Facebook&nbsp;&nbsp;&nbsp;&nbsp;&nbsp;&nbsp;&nbsp; Share This Email<\/strong><\/p>\n\n\n\n<p><strong>X&nbsp;&nbsp;&nbsp;&nbsp;&nbsp;&nbsp;&nbsp;&nbsp;&nbsp;&nbsp;&nbsp; Share This Email<\/strong><\/p>\n\n\n\n<p><strong>LinkedIn&nbsp;&nbsp;&nbsp;&nbsp;&nbsp;&nbsp;&nbsp;&nbsp;&nbsp;&nbsp; Share This Email<\/strong><\/p>\n\n\n\n<p><\/p>\n","protected":false},"excerpt":{"rendered":"<p>Por: Sergio E. Gonz\u00e1lez Rubiera El reto de leer esta obra\u2026 En la entrega anterior, anunciaba a mis ocho lectores, que, en \u00e9sta, habr\u00eda de abordar el asunto del reto que significa para muchos el poder leer al Quijote de la Mancha, y sobretodo poder terminar de leerlo. Al parecer, no obstante ser la obra [&hellip;]<\/p>\n","protected":false},"author":1,"featured_media":0,"comment_status":"open","ping_status":"closed","sticky":false,"template":"","format":"standard","meta":{"om_disable_all_campaigns":false,"jnews-multi-image_gallery":[],"jnews_single_post":[],"jnews_primary_category":[],"jnews_social_meta":[],"footnotes":""},"categories":[40],"tags":[],"class_list":["post-1111535","post","type-post","status-publish","format-standard","hentry","category-industria"],"_links":{"self":[{"href":"https:\/\/dimensionturistica.com\/es\/wp-json\/wp\/v2\/posts\/1111535","targetHints":{"allow":["GET"]}}],"collection":[{"href":"https:\/\/dimensionturistica.com\/es\/wp-json\/wp\/v2\/posts"}],"about":[{"href":"https:\/\/dimensionturistica.com\/es\/wp-json\/wp\/v2\/types\/post"}],"author":[{"embeddable":true,"href":"https:\/\/dimensionturistica.com\/es\/wp-json\/wp\/v2\/users\/1"}],"replies":[{"embeddable":true,"href":"https:\/\/dimensionturistica.com\/es\/wp-json\/wp\/v2\/comments?post=1111535"}],"version-history":[{"count":1,"href":"https:\/\/dimensionturistica.com\/es\/wp-json\/wp\/v2\/posts\/1111535\/revisions"}],"predecessor-version":[{"id":1111544,"href":"https:\/\/dimensionturistica.com\/es\/wp-json\/wp\/v2\/posts\/1111535\/revisions\/1111544"}],"wp:attachment":[{"href":"https:\/\/dimensionturistica.com\/es\/wp-json\/wp\/v2\/media?parent=1111535"}],"wp:term":[{"taxonomy":"category","embeddable":true,"href":"https:\/\/dimensionturistica.com\/es\/wp-json\/wp\/v2\/categories?post=1111535"},{"taxonomy":"post_tag","embeddable":true,"href":"https:\/\/dimensionturistica.com\/es\/wp-json\/wp\/v2\/tags?post=1111535"}],"curies":[{"name":"wp","href":"https:\/\/api.w.org\/{rel}","templated":true}]}}