{"id":1111520,"date":"2026-02-13T20:12:31","date_gmt":"2026-02-13T20:12:31","guid":{"rendered":"https:\/\/dimensionturistica.com\/es\/?p=1111520"},"modified":"2026-02-13T20:12:31","modified_gmt":"2026-02-13T20:12:31","slug":"fabricante-de-velas-incrementa-en-20-sus-pedidos-de-san-valentin-con-ayuda-de-temu","status":"publish","type":"post","link":"https:\/\/dimensionturistica.com\/es\/fabricante-de-velas-incrementa-en-20-sus-pedidos-de-san-valentin-con-ayuda-de-temu\/","title":{"rendered":"Fabricante de velas incrementa en 20% sus pedidos de San Valent\u00edn con ayuda de Temu"},"content":{"rendered":"\n<figure class=\"wp-block-gallery has-nested-images columns-default is-cropped wp-block-gallery-1 is-layout-flex wp-block-gallery-is-layout-flex\">\n<figure class=\"wp-block-image size-large\"><img decoding=\"async\" width=\"1024\" height=\"1024\" data-id=\"1111521\" src=\"https:\/\/dimensionturistica.com\/es\/wp-content\/uploads\/2026\/02\/16867355458192.jpg\" alt=\"\" class=\"wp-image-1111521\" srcset=\"https:\/\/dimensionturistica.com\/es\/wp-content\/uploads\/2026\/02\/16867355458192.jpg 1024w, https:\/\/dimensionturistica.com\/es\/wp-content\/uploads\/2026\/02\/16867355458192-300x300.jpg 300w, https:\/\/dimensionturistica.com\/es\/wp-content\/uploads\/2026\/02\/16867355458192-150x150.jpg 150w, https:\/\/dimensionturistica.com\/es\/wp-content\/uploads\/2026\/02\/16867355458192-768x768.jpg 768w, https:\/\/dimensionturistica.com\/es\/wp-content\/uploads\/2026\/02\/16867355458192-75x75.jpg 75w, https:\/\/dimensionturistica.com\/es\/wp-content\/uploads\/2026\/02\/16867355458192-350x350.jpg 350w, https:\/\/dimensionturistica.com\/es\/wp-content\/uploads\/2026\/02\/16867355458192-750x750.jpg 750w\" sizes=\"(max-width: 1024px) 100vw, 1024px\" \/><\/figure>\n<\/figure>\n\n\n\n<p>A medida que se acerca el D\u00eda de San Valent\u00edn, m\u00e1s consumidores en M\u00e9xico y Latinoam\u00e9rica est\u00e1n dejando atr\u00e1s las tradicionales rosas y chocolates para optar por regalos personalizados que se sienten m\u00e1s especiales y \u00fanicos. Este cambio est\u00e1 generando resultados reales para emprendedores como Tiffany Guerra, una fabricante de velas de 30 a\u00f1os con sede en Per\u00fa.<\/p>\n\n\n\n<figure class=\"wp-block-gallery has-nested-images columns-default is-cropped wp-block-gallery-2 is-layout-flex wp-block-gallery-is-layout-flex\">\n<figure class=\"wp-block-image size-large\"><img decoding=\"async\" width=\"500\" height=\"523\" data-id=\"1111523\" src=\"https:\/\/dimensionturistica.com\/es\/wp-content\/uploads\/2026\/02\/8TEMU.jpg\" alt=\"\" class=\"wp-image-1111523\" srcset=\"https:\/\/dimensionturistica.com\/es\/wp-content\/uploads\/2026\/02\/8TEMU.jpg 500w, https:\/\/dimensionturistica.com\/es\/wp-content\/uploads\/2026\/02\/8TEMU-287x300.jpg 287w\" sizes=\"(max-width: 500px) 100vw, 500px\" \/><\/figure>\n<\/figure>\n\n\n\n<p>La empresa de Guerra, Eterea Studio, ha registrado un aumento del 20% en los pedidos relacionados con San Valent\u00edn en comparaci\u00f3n con el a\u00f1o pasado. Este crecimiento refleja c\u00f3mo los nuevos h\u00e1bitos de regalo \u2014combinados con el acceso f\u00e1cil a insumos asequibles y en peque\u00f1as cantidades a trav\u00e9s de Temu\u2014 est\u00e1n ayudando a los emprendedores creativos a responder r\u00e1pidamente a la demanda estacional sin acumular inventarios excesivos.<\/p>\n\n\n\n<p>\u201cLas personas quieren regalos que se sientan pensados\u201d, se\u00f1al\u00f3 Guerra. \u201cYa sea para un amigo, una pareja o para ellos mismos, buscan algo que se sienta personal. Eso es lo que hace que regresen\u201d. &nbsp;<\/p>\n\n\n\n<p>Un peque\u00f1o negocio con una gran oportunidad estacional<\/p>\n\n\n\n<p>Empaques personalizados para regalos de San Valent\u00edn. Cr\u00e9dito de la foto: Eterea Studio &nbsp;<\/p>\n\n\n\n<p>Guerra comenz\u00f3 a hacer velas despu\u00e9s de tomar un breve taller y r\u00e1pidamente se enamor\u00f3 del proceso. Su marca se basa en dos valores principales: el uso de materiales naturales y la personalizaci\u00f3n. Utiliza ceras de origen vegetal y desarrolla aromas inspirados en flores y postres. Cada vela puede personalizarse con nombres, mensajes, notas escritas a mano, cajas de regalo curadas y formas hechas a pedido para ocasiones espec\u00edficas.<\/p>\n\n\n\n<figure class=\"wp-block-gallery has-nested-images columns-default is-cropped wp-block-gallery-3 is-layout-flex wp-block-gallery-is-layout-flex\">\n<figure class=\"wp-block-image size-large\"><img decoding=\"async\" width=\"500\" height=\"404\" data-id=\"1111524\" src=\"https:\/\/dimensionturistica.com\/es\/wp-content\/uploads\/2026\/02\/1TEMUU.jpg\" alt=\"\" class=\"wp-image-1111524\" srcset=\"https:\/\/dimensionturistica.com\/es\/wp-content\/uploads\/2026\/02\/1TEMUU.jpg 500w, https:\/\/dimensionturistica.com\/es\/wp-content\/uploads\/2026\/02\/1TEMUU-300x242.jpg 300w\" sizes=\"(max-width: 500px) 100vw, 500px\" \/><\/figure>\n<\/figure>\n\n\n\n<p>\u201cMuchas velas producidas en masa utilizan parafina, y eso no se sent\u00eda bien para m\u00ed\u201d, coment\u00f3. \u201cQuer\u00eda crear algo m\u00e1s consciente, algo intencional\u201d. &nbsp;<\/p>\n\n\n\n<p>Este a\u00f1o enfrent\u00f3 un reto conocido: encontrar insumos creativos \u2014como moldes en forma de coraz\u00f3n, tarjetas decorativas, listones y cajas\u2014 en cantidades lo suficientemente peque\u00f1as para mantenerse \u00e1gil sin generar exceso de stock. Temu ayud\u00f3 a cubrir esa necesidad.<\/p>\n\n\n\n<p>Usar Temu para mantenerse flexible en temporadas pico &nbsp;<\/p>\n\n\n\n<p>Empaques personalizados para regalos de San Valent\u00edn. Cr\u00e9dito de la foto: Eterea Studio<\/p>\n\n\n\n<p>A trav\u00e9s de Temu, Guerra ha podido acceder a moldes para velas y elementos de empaque a precios accesibles y en peque\u00f1os lotes, lo que le ha permitido escalar su producci\u00f3n para San Valent\u00edn sin comprometerse con grandes tirajes. &nbsp;<\/p>\n\n\n\n<p>\u201cPara un peque\u00f1o negocio, comprar materiales en bajas cantidades y a precios accesibles es fundamental\u201d, explic\u00f3. \u201cTemu me permite experimentar con ideas estacionales mientras controlo mis costos\u201d.<\/p>\n\n\n\n<p>Desde su lanzamiento en M\u00e9xico en mayo de 2023 y en Per\u00fa en junio de 2024, Temu ha ofrecido a los consumidores locales acceso a una amplia gama de productos a trav\u00e9s de una cadena de suministro optimizada. En diciembre de 2024, la plataforma present\u00f3 su Programa de Vendedores Locales para ampliar la selecci\u00f3n de productos y ofrecer entregas nacionales m\u00e1s r\u00e1pidas. &nbsp;<\/p>\n\n\n\n<p>La personalizaci\u00f3n y el prop\u00f3sito impulsan el cambio del consumidor<\/p>\n\n\n\n<figure class=\"wp-block-gallery has-nested-images columns-default is-cropped wp-block-gallery-4 is-layout-flex wp-block-gallery-is-layout-flex\">\n<figure class=\"wp-block-image size-large\"><img decoding=\"async\" width=\"500\" height=\"669\" data-id=\"1111522\" src=\"https:\/\/dimensionturistica.com\/es\/wp-content\/uploads\/2026\/02\/6TEMU.jpg\" alt=\"\" class=\"wp-image-1111522\" srcset=\"https:\/\/dimensionturistica.com\/es\/wp-content\/uploads\/2026\/02\/6TEMU.jpg 500w, https:\/\/dimensionturistica.com\/es\/wp-content\/uploads\/2026\/02\/6TEMU-224x300.jpg 224w\" sizes=\"(max-width: 500px) 100vw, 500px\" \/><\/figure>\n<\/figure>\n\n\n\n<p>Los sets de San Valent\u00edn de Guerra incluyen velas arom\u00e1ticas o wax melts, acompa\u00f1ados de accesorios como chocolates o cerillos, y presentados en cajas de regalo personalizadas. Cada vez m\u00e1s clientes tambi\u00e9n solicitan notas escritas a mano, lo que ella considera una se\u00f1al de una intenci\u00f3n de compra m\u00e1s profunda. &nbsp;<\/p>\n\n\n\n<p>Otro cambio notable es que la demanda ya no se limita a regalos rom\u00e1nticos. \u201cDos o tres de cada cinco pedidos ahora son para amigos o familiares\u201d, coment\u00f3 Guerra. \u201cTambi\u00e9n hay una tendencia creciente de personas que compran para ellas mismas, celebrando el amor propio\u201d.<\/p>\n\n\n\n<p>De cara al futuro, Guerra prev\u00e9 que la demanda de productos personalizados contin\u00fae creciendo en distintas festividades y momentos importantes. Herramientas como Temu, asegura, est\u00e1n ayudando a negocios creativos como el suyo a mantenerse \u00e1giles sin perder aquello que los hace especiales.<\/p>\n","protected":false},"excerpt":{"rendered":"<p>A medida que se acerca el D\u00eda de San Valent\u00edn, m\u00e1s consumidores en M\u00e9xico y Latinoam\u00e9rica est\u00e1n dejando atr\u00e1s las tradicionales rosas y chocolates para optar por regalos personalizados que se sienten m\u00e1s especiales y \u00fanicos. Este cambio est\u00e1 generando resultados reales para emprendedores como Tiffany Guerra, una fabricante de velas de 30 a\u00f1os con [&hellip;]<\/p>\n","protected":false},"author":1,"featured_media":0,"comment_status":"open","ping_status":"closed","sticky":false,"template":"","format":"standard","meta":{"om_disable_all_campaigns":false,"jnews-multi-image_gallery":[],"jnews_single_post":[],"jnews_primary_category":[],"jnews_social_meta":[],"footnotes":""},"categories":[144872],"tags":[],"class_list":["post-1111520","post","type-post","status-publish","format-standard","hentry","category-fashion"],"_links":{"self":[{"href":"https:\/\/dimensionturistica.com\/es\/wp-json\/wp\/v2\/posts\/1111520","targetHints":{"allow":["GET"]}}],"collection":[{"href":"https:\/\/dimensionturistica.com\/es\/wp-json\/wp\/v2\/posts"}],"about":[{"href":"https:\/\/dimensionturistica.com\/es\/wp-json\/wp\/v2\/types\/post"}],"author":[{"embeddable":true,"href":"https:\/\/dimensionturistica.com\/es\/wp-json\/wp\/v2\/users\/1"}],"replies":[{"embeddable":true,"href":"https:\/\/dimensionturistica.com\/es\/wp-json\/wp\/v2\/comments?post=1111520"}],"version-history":[{"count":1,"href":"https:\/\/dimensionturistica.com\/es\/wp-json\/wp\/v2\/posts\/1111520\/revisions"}],"predecessor-version":[{"id":1111525,"href":"https:\/\/dimensionturistica.com\/es\/wp-json\/wp\/v2\/posts\/1111520\/revisions\/1111525"}],"wp:attachment":[{"href":"https:\/\/dimensionturistica.com\/es\/wp-json\/wp\/v2\/media?parent=1111520"}],"wp:term":[{"taxonomy":"category","embeddable":true,"href":"https:\/\/dimensionturistica.com\/es\/wp-json\/wp\/v2\/categories?post=1111520"},{"taxonomy":"post_tag","embeddable":true,"href":"https:\/\/dimensionturistica.com\/es\/wp-json\/wp\/v2\/tags?post=1111520"}],"curies":[{"name":"wp","href":"https:\/\/api.w.org\/{rel}","templated":true}]}}