{"id":1111507,"date":"2026-02-13T19:48:53","date_gmt":"2026-02-13T19:48:53","guid":{"rendered":"https:\/\/dimensionturistica.com\/es\/?p=1111507"},"modified":"2026-02-13T19:48:53","modified_gmt":"2026-02-13T19:48:53","slug":"vtex-nombra-a-yuriko-huayana-como-general-manager-latam-para-impulsar-su-crecimiento-en-america-latina","status":"publish","type":"post","link":"https:\/\/dimensionturistica.com\/es\/vtex-nombra-a-yuriko-huayana-como-general-manager-latam-para-impulsar-su-crecimiento-en-america-latina\/","title":{"rendered":"VTEX nombra a Yuriko Huayana como General Manager Latam para impulsar su crecimiento en Am\u00e9rica Latina"},"content":{"rendered":"\n<figure class=\"wp-block-gallery has-nested-images columns-default is-cropped wp-block-gallery-1 is-layout-flex wp-block-gallery-is-layout-flex\">\n<figure class=\"wp-block-image size-large\"><img decoding=\"async\" width=\"500\" height=\"256\" data-id=\"1111508\" src=\"https:\/\/dimensionturistica.com\/es\/wp-content\/uploads\/2026\/02\/1VTEX.jpg\" alt=\"\" class=\"wp-image-1111508\" srcset=\"https:\/\/dimensionturistica.com\/es\/wp-content\/uploads\/2026\/02\/1VTEX.jpg 500w, https:\/\/dimensionturistica.com\/es\/wp-content\/uploads\/2026\/02\/1VTEX-300x154.jpg 300w\" sizes=\"(max-width: 500px) 100vw, 500px\" \/><\/figure>\n<\/figure>\n\n\n\n<p>VTEX anuncia la promoci\u00f3n de Yuriko Huayana al cargo de General Manager Latam, ampliando su liderazgo a partir del 2026 en M\u00e9xico y Centroam\u00e9rica, adicional a los mercados que lideraba en el Sur de Am\u00e9rica: Chile, Per\u00fa, Argentina y Colombia.<\/p>\n\n\n\n<figure class=\"wp-block-gallery has-nested-images columns-default is-cropped wp-block-gallery-2 is-layout-flex wp-block-gallery-is-layout-flex\">\n<figure class=\"wp-block-image size-large\"><img decoding=\"async\" width=\"500\" height=\"626\" data-id=\"1111509\" src=\"https:\/\/dimensionturistica.com\/es\/wp-content\/uploads\/2026\/02\/4VTEX.jpg\" alt=\"\" class=\"wp-image-1111509\" srcset=\"https:\/\/dimensionturistica.com\/es\/wp-content\/uploads\/2026\/02\/4VTEX.jpg 500w, https:\/\/dimensionturistica.com\/es\/wp-content\/uploads\/2026\/02\/4VTEX-240x300.jpg 240w\" sizes=\"(max-width: 500px) 100vw, 500px\" \/><\/figure>\n<\/figure>\n\n\n\n<p>En los \u00faltimos 15 a\u00f1os, Huayana ha colaborado con 8 pa\u00edses en Latinoam\u00e9rica y m\u00e1s de 600 empresas con el \u00fanico objetivo de acelerar el comercio digital en la regi\u00f3n. Ingreso a VTEX en el 2019 antes de ser unicornio y pasar a ser una empresa p\u00fablica que cotiza en la bolsa de New York.<\/p>\n\n\n\n<p>Hoy, adicional a su rol en VTEX, tambi\u00e9n es Miembro del Directorio en la C\u00e1mara de Comercio de Lima, speaker para encuentros de empoderamiento femenino (creadora de comunidades #WomenInDigital, charlas sobre tendencias, consumo digital y ecommerce), y ha sido reconocida como una de las \u201c50 Mujeres M\u00e1s Poderosas del Per\u00fa en 2024\u201d, otorgado por Forbes, un reflejo del impacto de su trayectoria profesional y su liderazgo en el ecosistema digital y tecnol\u00f3gico regional.<\/p>\n\n\n\n<p>Con esta designaci\u00f3n, VTEX reafirma su compromiso con el talento interno y con una visi\u00f3n de liderazgo que impulsa no solo resultados comerciales, sino tambi\u00e9n impacto positivo y sostenible en los mercados donde opera.<\/p>\n","protected":false},"excerpt":{"rendered":"<p>VTEX anuncia la promoci\u00f3n de Yuriko Huayana al cargo de General Manager Latam, ampliando su liderazgo a partir del 2026 en M\u00e9xico y Centroam\u00e9rica, adicional a los mercados que lideraba en el Sur de Am\u00e9rica: Chile, Per\u00fa, Argentina y Colombia. En los \u00faltimos 15 a\u00f1os, Huayana ha colaborado con 8 pa\u00edses en Latinoam\u00e9rica y m\u00e1s [&hellip;]<\/p>\n","protected":false},"author":1,"featured_media":0,"comment_status":"open","ping_status":"closed","sticky":false,"template":"","format":"standard","meta":{"om_disable_all_campaigns":false,"jnews-multi-image_gallery":[],"jnews_single_post":[],"jnews_primary_category":[],"jnews_social_meta":[],"footnotes":""},"categories":[40],"tags":[],"class_list":["post-1111507","post","type-post","status-publish","format-standard","hentry","category-industria"],"_links":{"self":[{"href":"https:\/\/dimensionturistica.com\/es\/wp-json\/wp\/v2\/posts\/1111507","targetHints":{"allow":["GET"]}}],"collection":[{"href":"https:\/\/dimensionturistica.com\/es\/wp-json\/wp\/v2\/posts"}],"about":[{"href":"https:\/\/dimensionturistica.com\/es\/wp-json\/wp\/v2\/types\/post"}],"author":[{"embeddable":true,"href":"https:\/\/dimensionturistica.com\/es\/wp-json\/wp\/v2\/users\/1"}],"replies":[{"embeddable":true,"href":"https:\/\/dimensionturistica.com\/es\/wp-json\/wp\/v2\/comments?post=1111507"}],"version-history":[{"count":1,"href":"https:\/\/dimensionturistica.com\/es\/wp-json\/wp\/v2\/posts\/1111507\/revisions"}],"predecessor-version":[{"id":1111510,"href":"https:\/\/dimensionturistica.com\/es\/wp-json\/wp\/v2\/posts\/1111507\/revisions\/1111510"}],"wp:attachment":[{"href":"https:\/\/dimensionturistica.com\/es\/wp-json\/wp\/v2\/media?parent=1111507"}],"wp:term":[{"taxonomy":"category","embeddable":true,"href":"https:\/\/dimensionturistica.com\/es\/wp-json\/wp\/v2\/categories?post=1111507"},{"taxonomy":"post_tag","embeddable":true,"href":"https:\/\/dimensionturistica.com\/es\/wp-json\/wp\/v2\/tags?post=1111507"}],"curies":[{"name":"wp","href":"https:\/\/api.w.org\/{rel}","templated":true}]}}