{"id":1111487,"date":"2026-02-13T19:25:02","date_gmt":"2026-02-13T19:25:02","guid":{"rendered":"https:\/\/dimensionturistica.com\/es\/?p=1111487"},"modified":"2026-02-13T19:25:02","modified_gmt":"2026-02-13T19:25:02","slug":"por-que-este-san-valentin-merece-algo-mas-que-chocolates","status":"publish","type":"post","link":"https:\/\/dimensionturistica.com\/es\/por-que-este-san-valentin-merece-algo-mas-que-chocolates\/","title":{"rendered":"Por qu\u00e9 este San Valent\u00edn merece algo m\u00e1s que chocolates"},"content":{"rendered":"\n<figure class=\"wp-block-gallery has-nested-images columns-default is-cropped wp-block-gallery-1 is-layout-flex wp-block-gallery-is-layout-flex\">\n<figure class=\"wp-block-image size-large\"><img decoding=\"async\" width=\"500\" height=\"380\" data-id=\"1111488\" src=\"https:\/\/dimensionturistica.com\/es\/wp-content\/uploads\/2026\/02\/1CHOCO.jpg\" alt=\"\" class=\"wp-image-1111488\" srcset=\"https:\/\/dimensionturistica.com\/es\/wp-content\/uploads\/2026\/02\/1CHOCO.jpg 500w, https:\/\/dimensionturistica.com\/es\/wp-content\/uploads\/2026\/02\/1CHOCO-300x228.jpg 300w\" sizes=\"(max-width: 500px) 100vw, 500px\" \/><\/figure>\n<\/figure>\n\n\n\n<p>Hay momentos que no se miden en grandes gestos, sino en estar presente. San Valent\u00edn, despojado de su artificio comercial, revela su verdadera naturaleza: una excusa para detenerse, para compartir algo hecho con cuidado, para transformar lo cotidiano en memorable.<\/p>\n\n\n\n<p>Este a\u00f1o, algunos espacios alrededor del mundo proponen otra forma de celebrar. No desde el clich\u00e9, sino desde la curiosidad y el placer consciente.<\/p>\n\n\n\n<figure class=\"wp-block-gallery has-nested-images columns-default is-cropped wp-block-gallery-2 is-layout-flex wp-block-gallery-is-layout-flex\">\n<figure class=\"wp-block-image size-large\"><img decoding=\"async\" width=\"500\" height=\"333\" data-id=\"1111489\" src=\"https:\/\/dimensionturistica.com\/es\/wp-content\/uploads\/2026\/02\/5ESTA.jpg\" alt=\"\" class=\"wp-image-1111489\" srcset=\"https:\/\/dimensionturistica.com\/es\/wp-content\/uploads\/2026\/02\/5ESTA.jpg 500w, https:\/\/dimensionturistica.com\/es\/wp-content\/uploads\/2026\/02\/5ESTA-300x200.jpg 300w\" sizes=\"(max-width: 500px) 100vw, 500px\" \/><\/figure>\n<\/figure>\n\n\n\n<p>520: un nombre que lo dice todo (sin decir nada)<\/p>\n\n\n\n<p>En Miami, Tea Room y Sugar, los espacios de cocteler\u00eda de EAST Miami, crearon una bebida que funciona como un susurro. Se llama 520, una referencia a la expresi\u00f3n mandar\u00edn que significa \u201cte quiero\u201d, pronunciada en un c\u00f3digo \u00edntimo, reservado para quienes conocen la historia.<\/p>\n\n\n\n<p>La bebida combina vodka con fresas frescas, un toque de rosa que no abruma, vainilla suave y apenas una insinuaci\u00f3n de crema. No es dulce en exceso ni pretenciosa. Es, m\u00e1s bien, una invitaci\u00f3n a tomarse el tiempo.<\/p>\n\n\n\n<p>A brindar sin apuro. A permitir que un sabor bien balanceado diga lo que las palabras a veces complican.<\/p>\n\n\n\n<p>Disponible \u00fanicamente el 14 de febrero, su esp\u00edritu trasciende la fecha: celebrar desde la sutileza, no desde el ruido.<\/p>\n\n\n\n<p>Cuando las flores se transforman<\/p>\n\n\n\n<figure class=\"wp-block-gallery has-nested-images columns-default is-cropped wp-block-gallery-3 is-layout-flex wp-block-gallery-is-layout-flex\">\n<figure class=\"wp-block-image size-large\"><img decoding=\"async\" width=\"500\" height=\"333\" data-id=\"1111490\" src=\"https:\/\/dimensionturistica.com\/es\/wp-content\/uploads\/2026\/02\/6ATS.jpg\" alt=\"\" class=\"wp-image-1111490\" srcset=\"https:\/\/dimensionturistica.com\/es\/wp-content\/uploads\/2026\/02\/6ATS.jpg 500w, https:\/\/dimensionturistica.com\/es\/wp-content\/uploads\/2026\/02\/6ATS-300x200.jpg 300w\" sizes=\"(max-width: 500px) 100vw, 500px\" \/><\/figure>\n<\/figure>\n\n\n\n<p>En Londres, abc kitchens dentro de The Emory decidi\u00f3 romper con una tradici\u00f3n de siglos. Este San Valent\u00edn, las mesas del restaurante \u2014dirigido por Jean-Georges Vongerichten y Ben Boeynaems\u2014 no recibir\u00e1n ramos de rosas. En su lugar, bouquets de vegetales de temporada: ingredientes en su mejor momento, dispuestos con la delicadeza de un arreglo floral, pensados para llevar a casa y cocinar.<\/p>\n\n\n\n<p>El gesto no es s\u00f3lo est\u00e9tico. Es una declaraci\u00f3n de principios. Cada tallo, cada hoja, cada ra\u00edz cuenta una historia de estacionalidad, de respeto por el producto, de belleza que se transforma y se comparte en la mesa.<\/p>\n\n\n\n<p>Las cenas del 13 y 14 de febrero incluyen, adem\u00e1s, un men\u00fa especial y una receta para replicar en casa.<\/p>\n\n\n\n<p>Porque el verdadero lujo no termina cuando se cierra la puerta del restaurante. Contin\u00faa al d\u00eda siguiente, cuando cortas esas verduras, sigues esa receta y extiendes el ritual un poco m\u00e1s.<\/p>\n\n\n\n<p>Quiz\u00e1 de eso se trata. No de un d\u00eda marcado en rojo en el calendario, sino de gestos que permanecen. De experiencias que se quedan en la memoria del paladar. De celebraciones que no necesitan hashtag ni prueba fotogr\u00e1fica para ser reales.<\/p>\n\n\n\n<p>San Valent\u00edn puede ser muchas cosas. Este a\u00f1o, algunos eligen que sea esto: \u00edntimo, consciente, y delicioso.<\/p>\n","protected":false},"excerpt":{"rendered":"<p>Hay momentos que no se miden en grandes gestos, sino en estar presente. San Valent\u00edn, despojado de su artificio comercial, revela su verdadera naturaleza: una excusa para detenerse, para compartir algo hecho con cuidado, para transformar lo cotidiano en memorable. Este a\u00f1o, algunos espacios alrededor del mundo proponen otra forma de celebrar. No desde el [&hellip;]<\/p>\n","protected":false},"author":1,"featured_media":0,"comment_status":"open","ping_status":"closed","sticky":false,"template":"","format":"standard","meta":{"om_disable_all_campaigns":false,"jnews-multi-image_gallery":[],"jnews_single_post":[],"jnews_primary_category":[],"jnews_social_meta":[],"footnotes":""},"categories":[144872],"tags":[],"class_list":["post-1111487","post","type-post","status-publish","format-standard","hentry","category-fashion"],"_links":{"self":[{"href":"https:\/\/dimensionturistica.com\/es\/wp-json\/wp\/v2\/posts\/1111487","targetHints":{"allow":["GET"]}}],"collection":[{"href":"https:\/\/dimensionturistica.com\/es\/wp-json\/wp\/v2\/posts"}],"about":[{"href":"https:\/\/dimensionturistica.com\/es\/wp-json\/wp\/v2\/types\/post"}],"author":[{"embeddable":true,"href":"https:\/\/dimensionturistica.com\/es\/wp-json\/wp\/v2\/users\/1"}],"replies":[{"embeddable":true,"href":"https:\/\/dimensionturistica.com\/es\/wp-json\/wp\/v2\/comments?post=1111487"}],"version-history":[{"count":1,"href":"https:\/\/dimensionturistica.com\/es\/wp-json\/wp\/v2\/posts\/1111487\/revisions"}],"predecessor-version":[{"id":1111491,"href":"https:\/\/dimensionturistica.com\/es\/wp-json\/wp\/v2\/posts\/1111487\/revisions\/1111491"}],"wp:attachment":[{"href":"https:\/\/dimensionturistica.com\/es\/wp-json\/wp\/v2\/media?parent=1111487"}],"wp:term":[{"taxonomy":"category","embeddable":true,"href":"https:\/\/dimensionturistica.com\/es\/wp-json\/wp\/v2\/categories?post=1111487"},{"taxonomy":"post_tag","embeddable":true,"href":"https:\/\/dimensionturistica.com\/es\/wp-json\/wp\/v2\/tags?post=1111487"}],"curies":[{"name":"wp","href":"https:\/\/api.w.org\/{rel}","templated":true}]}}