{"id":1111445,"date":"2026-02-13T18:10:35","date_gmt":"2026-02-13T18:10:35","guid":{"rendered":"https:\/\/dimensionturistica.com\/es\/?p=1111445"},"modified":"2026-02-13T18:10:35","modified_gmt":"2026-02-13T18:10:35","slug":"el-plan-michoacan-se-presentan-en-sectur-la-edicion-de-la-kuinchekua-2026-una-celebracion-de-identidad-purepecha","status":"publish","type":"post","link":"https:\/\/dimensionturistica.com\/es\/el-plan-michoacan-se-presentan-en-sectur-la-edicion-de-la-kuinchekua-2026-una-celebracion-de-identidad-purepecha\/","title":{"rendered":"El Plan Michoac\u00e1n: se presentan en Sectur la edici\u00f3n de la K\u2019u\u00ednchekua 2026, una celebraci\u00f3n de identidad pur\u00e9pecha"},"content":{"rendered":"\n<figure class=\"wp-block-gallery has-nested-images columns-default is-cropped wp-block-gallery-1 is-layout-flex wp-block-gallery-is-layout-flex\">\n<figure class=\"wp-block-image size-large\"><img decoding=\"async\" width=\"500\" height=\"88\" data-id=\"1111448\" src=\"https:\/\/dimensionturistica.com\/es\/wp-content\/uploads\/2026\/02\/1SECTUR-2.jpg\" alt=\"\" class=\"wp-image-1111448\" srcset=\"https:\/\/dimensionturistica.com\/es\/wp-content\/uploads\/2026\/02\/1SECTUR-2.jpg 500w, https:\/\/dimensionturistica.com\/es\/wp-content\/uploads\/2026\/02\/1SECTUR-2-300x53.jpg 300w\" sizes=\"(max-width: 500px) 100vw, 500px\" \/><\/figure>\n<\/figure>\n\n\n\n<p>La secretaria de Turismo del Gobierno de M\u00e9xico, Josefina Rodr\u00edguez Zamora, encabez\u00f3 en Punto M\u00e9xico la presentaci\u00f3n de la K\u2019u\u00ednchekua 2026, una de las expresiones culturales m\u00e1s representativas de Michoac\u00e1n<\/p>\n\n\n\n<p>El programa contempla 4 d\u00edas de actividades: una funci\u00f3n especial para comunidades el 12 de marzo y presentaciones abiertas al p\u00fablico del 13 al 15 de marzo y cuyos boletos estar\u00e1n disponibles a partir del 16 de febrero en visitmichoacan.com.mx<\/p>\n\n\n\n<figure class=\"wp-block-gallery has-nested-images columns-default is-cropped wp-block-gallery-2 is-layout-flex wp-block-gallery-is-layout-flex\">\n<figure class=\"wp-block-image size-large\"><img decoding=\"async\" width=\"500\" height=\"623\" data-id=\"1111449\" src=\"https:\/\/dimensionturistica.com\/es\/wp-content\/uploads\/2026\/02\/2SECTUR.jpg\" alt=\"\" class=\"wp-image-1111449\" srcset=\"https:\/\/dimensionturistica.com\/es\/wp-content\/uploads\/2026\/02\/2SECTUR.jpg 500w, https:\/\/dimensionturistica.com\/es\/wp-content\/uploads\/2026\/02\/2SECTUR-241x300.jpg 241w\" sizes=\"(max-width: 500px) 100vw, 500px\" \/><\/figure>\n<\/figure>\n\n\n\n<p>La edici\u00f3n 2026 estar\u00e1 dedicada a las fiestas patronales y reunir\u00e1 a 358 portadoras y portadores de tradiciones, adem\u00e1s de cocineras tradicionales y artesanas y artesanos del estado<\/p>\n\n\n\n<p>En las instalaciones de la Secretar\u00eda de Turismo, y en el marco de las acciones impulsadas por el Gobierno de la Presidenta Claudia Sheinbaum Pardo a trav\u00e9s del Plan Michoac\u00e1n por la Paz y la Justicia, la titular de Sectur, Josefina Rodr\u00edguez Zamora, encabez\u00f3 la presentaci\u00f3n de \u201cK\u2019u\u00ednchekua. La fiesta de Michoac\u00e1n\u201d, donde subray\u00f3 que esta celebraci\u00f3n sintetiza el mosaico de colores, saberes y tradiciones que distinguen a nuestro pa\u00eds y reafirma al estado como \u201cEl Alma de M\u00e9xico\u201d.<\/p>\n\n\n\n<figure class=\"wp-block-gallery has-nested-images columns-default is-cropped wp-block-gallery-3 is-layout-flex wp-block-gallery-is-layout-flex\">\n<figure class=\"wp-block-image size-large\"><img decoding=\"async\" width=\"500\" height=\"333\" data-id=\"1111450\" src=\"https:\/\/dimensionturistica.com\/es\/wp-content\/uploads\/2026\/02\/6MICH.jpg\" alt=\"\" class=\"wp-image-1111450\" srcset=\"https:\/\/dimensionturistica.com\/es\/wp-content\/uploads\/2026\/02\/6MICH.jpg 500w, https:\/\/dimensionturistica.com\/es\/wp-content\/uploads\/2026\/02\/6MICH-300x200.jpg 300w\" sizes=\"(max-width: 500px) 100vw, 500px\" \/><\/figure>\n<\/figure>\n\n\n\n<p>\u201cEsto es la historia de nuestro pa\u00eds, es el mosaico de colores y de saberes que es M\u00e9xico. La K\u2019u\u00ednchekua es una expresi\u00f3n cultural que nos permite reconocer de d\u00f3nde venimos y sentirnos orgullosos de nuestras ra\u00edces\u201d, expres\u00f3.<\/p>\n\n\n\n<p>Acompa\u00f1ada por el secretario de Turismo de Michoac\u00e1n, Roberto Monroy Garc\u00eda, se destac\u00f3 la relevancia de este encuentro como motor de desarrollo tur\u00edstico, cultural y econ\u00f3mico para la entidad.<\/p>\n\n\n\n<figure class=\"wp-block-gallery has-nested-images columns-default is-cropped wp-block-gallery-4 is-layout-flex wp-block-gallery-is-layout-flex\">\n<figure class=\"wp-block-image size-large\"><img decoding=\"async\" width=\"500\" height=\"888\" data-id=\"1111451\" src=\"https:\/\/dimensionturistica.com\/es\/wp-content\/uploads\/2026\/02\/4MICH.jpg\" alt=\"\" class=\"wp-image-1111451\" srcset=\"https:\/\/dimensionturistica.com\/es\/wp-content\/uploads\/2026\/02\/4MICH.jpg 500w, https:\/\/dimensionturistica.com\/es\/wp-content\/uploads\/2026\/02\/4MICH-169x300.jpg 169w\" sizes=\"(max-width: 500px) 100vw, 500px\" \/><\/figure>\n<\/figure>\n\n\n\n<p>\u201cLa K\u2019u\u00ednchekua se ha consolidado como un gran atractivo tur\u00edstico y cultural que proyecta a Michoac\u00e1n a nivel nacional e internacional, fortaleciendo la identidad y el orgullo de nuestras comunidades\u201d, se\u00f1al\u00f3 el secretario de Turismo de Michoac\u00e1n.<\/p>\n\n\n\n<p>Este encuentro re\u00fane las expresiones culturales m\u00e1s representativas de Michoac\u00e1n: m\u00fasica, canto, danza y celebraciones tradicionales de distintas regiones convergen en un mismo escenario, las Y\u00e1catas de Tzintzuntzan, antiguo centro ceremonial del se\u00f1or\u00edo pur\u00e9pecha, con estricto apego a los protocolos del Instituto Nacional de Antropolog\u00eda e Historia (INAH) para la preservaci\u00f3n del recinto.<\/p>\n\n\n\n<figure class=\"wp-block-gallery has-nested-images columns-default is-cropped wp-block-gallery-5 is-layout-flex wp-block-gallery-is-layout-flex\">\n<figure class=\"wp-block-image size-large\"><img decoding=\"async\" width=\"500\" height=\"888\" data-id=\"1111455\" src=\"https:\/\/dimensionturistica.com\/es\/wp-content\/uploads\/2026\/02\/5MICH.jpg\" alt=\"\" class=\"wp-image-1111455\" srcset=\"https:\/\/dimensionturistica.com\/es\/wp-content\/uploads\/2026\/02\/5MICH.jpg 500w, https:\/\/dimensionturistica.com\/es\/wp-content\/uploads\/2026\/02\/5MICH-169x300.jpg 169w\" sizes=\"(max-width: 500px) 100vw, 500px\" \/><\/figure>\n<\/figure>\n\n\n\n<p>La edici\u00f3n 2026, dedicada a las fiestas patronales, contar\u00e1 con la participaci\u00f3n de 358 portadoras y portadores de tradiciones, quienes dar\u00e1n vida a danzas, pirekuas, procesiones y representaciones emblem\u00e1ticas de la cosmovisi\u00f3n michoacana. Adem\u00e1s, m\u00e1s de 15 cocineras y cocineros tradicionales, as\u00ed como m\u00e1s de 15 artesanas y artesanos de distintas ramas, estar\u00e1n presentes en el corredor gastron\u00f3mico y artesanal, ofreciendo al p\u00fablico una muestra viva de la riqueza culinaria y creativa del estado, en un horario de 12:00 a 22:00 horas.<\/p>\n\n\n\n<p>El programa contempla cuatro d\u00edas de actividades: una funci\u00f3n especial para comunidades el 12 de marzo y presentaciones abiertas al p\u00fablico del 13 al 15 de marzo, con un aforo m\u00e1ximo de 3 mil personas por funci\u00f3n. Los boletos estar\u00e1n disponibles a partir del 16 de febrero en visitmichoacan.com.mx, con 2 mil accesos gratuitos y mil boletos en venta por d\u00eda.<\/p>\n\n\n\n<p>Se prev\u00e9 que esta edici\u00f3n supere los 27 mil asistentes y genere una derrama econ\u00f3mica superior a 28 millones de pesos, consolid\u00e1ndose como uno de los eventos culturales de mayor impacto en la entidad.<\/p>\n\n\n\n<figure class=\"wp-block-gallery has-nested-images columns-default is-cropped wp-block-gallery-6 is-layout-flex wp-block-gallery-is-layout-flex\">\n<figure class=\"wp-block-image size-large\"><img decoding=\"async\" width=\"500\" height=\"750\" data-id=\"1111456\" src=\"https:\/\/dimensionturistica.com\/es\/wp-content\/uploads\/2026\/02\/7MICH.jpg\" alt=\"\" class=\"wp-image-1111456\" srcset=\"https:\/\/dimensionturistica.com\/es\/wp-content\/uploads\/2026\/02\/7MICH.jpg 500w, https:\/\/dimensionturistica.com\/es\/wp-content\/uploads\/2026\/02\/7MICH-200x300.jpg 200w\" sizes=\"(max-width: 500px) 100vw, 500px\" \/><\/figure>\n<\/figure>\n\n\n\n<p>En 2025, Michoac\u00e1n registr\u00f3 10 millones 635 mil 487 turistas y visitantes, lo que represent\u00f3 un crecimiento de 5.65 por ciento respecto a 2024. Adem\u00e1s, la derrama econ\u00f3mica (de 2019 a 2025) alcanz\u00f3 15.2 mil millones de pesos, 6.18 por ciento m\u00e1s que el a\u00f1o anterior, consolidando a Michoac\u00e1n como un destino seguro, competitivo y en constante crecimiento, que cada vez m\u00e1s personas quieren conocer y vivir<\/p>\n\n\n\n<p>\u201cInvito a todas y todos los mexicanos a vivir esta experiencia \u00fanica, a conocer nuestra historia en un recinto ancestral y a ser parte de una celebraci\u00f3n que dignifica a nuestras comunidades y fortalece el turismo cultural de nuestro pa\u00eds\u201d, afirm\u00f3 la secretaria Josefina Rodr\u00edguez Zamora.<\/p>\n\n\n\n<p>Durante la inauguraci\u00f3n se cont\u00f3 con la participaci\u00f3n de la directora de Vinculaci\u00f3n e Integraci\u00f3n Cultural, Cinthya Ireri Vargas Cervantes, en representaci\u00f3n de la secretaria de Cultura de Michoac\u00e1n, Tamara Sosa Alan\u00eds; del director art\u00edstico de la K\u2019u\u00ednchekua, Andr\u00e9s Campos Salceda; y del subsecretario de Promoci\u00f3n de la Sectur Michoac\u00e1n, Alejandro Hern\u00e1ndez Torres.<\/p>\n","protected":false},"excerpt":{"rendered":"<p>La secretaria de Turismo del Gobierno de M\u00e9xico, Josefina Rodr\u00edguez Zamora, encabez\u00f3 en Punto M\u00e9xico la presentaci\u00f3n de la K\u2019u\u00ednchekua 2026, una de las expresiones culturales m\u00e1s representativas de Michoac\u00e1n El programa contempla 4 d\u00edas de actividades: una funci\u00f3n especial para comunidades el 12 de marzo y presentaciones abiertas al p\u00fablico del 13 al 15 [&hellip;]<\/p>\n","protected":false},"author":1,"featured_media":0,"comment_status":"open","ping_status":"closed","sticky":false,"template":"","format":"standard","meta":{"om_disable_all_campaigns":false,"jnews-multi-image_gallery":[],"jnews_single_post":{"format":"standard"},"jnews_primary_category":[],"jnews_social_meta":[],"footnotes":""},"categories":[39],"tags":[],"class_list":["post-1111445","post","type-post","status-publish","format-standard","hentry","category-viajes"],"_links":{"self":[{"href":"https:\/\/dimensionturistica.com\/es\/wp-json\/wp\/v2\/posts\/1111445","targetHints":{"allow":["GET"]}}],"collection":[{"href":"https:\/\/dimensionturistica.com\/es\/wp-json\/wp\/v2\/posts"}],"about":[{"href":"https:\/\/dimensionturistica.com\/es\/wp-json\/wp\/v2\/types\/post"}],"author":[{"embeddable":true,"href":"https:\/\/dimensionturistica.com\/es\/wp-json\/wp\/v2\/users\/1"}],"replies":[{"embeddable":true,"href":"https:\/\/dimensionturistica.com\/es\/wp-json\/wp\/v2\/comments?post=1111445"}],"version-history":[{"count":1,"href":"https:\/\/dimensionturistica.com\/es\/wp-json\/wp\/v2\/posts\/1111445\/revisions"}],"predecessor-version":[{"id":1111457,"href":"https:\/\/dimensionturistica.com\/es\/wp-json\/wp\/v2\/posts\/1111445\/revisions\/1111457"}],"wp:attachment":[{"href":"https:\/\/dimensionturistica.com\/es\/wp-json\/wp\/v2\/media?parent=1111445"}],"wp:term":[{"taxonomy":"category","embeddable":true,"href":"https:\/\/dimensionturistica.com\/es\/wp-json\/wp\/v2\/categories?post=1111445"},{"taxonomy":"post_tag","embeddable":true,"href":"https:\/\/dimensionturistica.com\/es\/wp-json\/wp\/v2\/tags?post=1111445"}],"curies":[{"name":"wp","href":"https:\/\/api.w.org\/{rel}","templated":true}]}}