{"id":1111424,"date":"2026-02-13T17:38:38","date_gmt":"2026-02-13T17:38:38","guid":{"rendered":"https:\/\/dimensionturistica.com\/es\/?p=1111424"},"modified":"2026-02-13T17:38:38","modified_gmt":"2026-02-13T17:38:38","slug":"omoda-y-jaecoo-reporta-crecimiento-de-113-en-enero-vehiculos-de-nueva-energia-suben-200","status":"publish","type":"post","link":"https:\/\/dimensionturistica.com\/es\/omoda-y-jaecoo-reporta-crecimiento-de-113-en-enero-vehiculos-de-nueva-energia-suben-200\/","title":{"rendered":"OMODA y JAECOO reporta crecimiento de 113% en enero, veh\u00edculos de nueva energ\u00eda suben 200%"},"content":{"rendered":"\n<figure class=\"wp-block-gallery has-nested-images columns-default is-cropped wp-block-gallery-1 is-layout-flex wp-block-gallery-is-layout-flex\">\n<figure class=\"wp-block-image size-large\"><img decoding=\"async\" width=\"474\" height=\"158\" data-id=\"1111425\" src=\"https:\/\/dimensionturistica.com\/es\/wp-content\/uploads\/2026\/02\/OMODAS.jpg\" alt=\"\" class=\"wp-image-1111425\" srcset=\"https:\/\/dimensionturistica.com\/es\/wp-content\/uploads\/2026\/02\/OMODAS.jpg 474w, https:\/\/dimensionturistica.com\/es\/wp-content\/uploads\/2026\/02\/OMODAS-300x100.jpg 300w\" sizes=\"(max-width: 474px) 100vw, 474px\" \/><\/figure>\n<\/figure>\n\n\n\n<p>En enero de 2026, OMODA y JAECOO registr\u00f3 ventas globales de 46,875 unidades, lo que representa un crecimiento de 113% interanual. En ese mismo periodo, las ventas de veh\u00edculos de nueva energ\u00eda (NEV) alcanzaron 17,355 unidades, con un incremento de 200% interanual.<\/p>\n\n\n\n<figure class=\"wp-block-gallery has-nested-images columns-default is-cropped wp-block-gallery-2 is-layout-flex wp-block-gallery-is-layout-flex\">\n<figure class=\"wp-block-image size-large\"><img decoding=\"async\" width=\"500\" height=\"624\" data-id=\"1111426\" src=\"https:\/\/dimensionturistica.com\/es\/wp-content\/uploads\/2026\/02\/1OMODA-1.jpg\" alt=\"\" class=\"wp-image-1111426\" srcset=\"https:\/\/dimensionturistica.com\/es\/wp-content\/uploads\/2026\/02\/1OMODA-1.jpg 500w, https:\/\/dimensionturistica.com\/es\/wp-content\/uploads\/2026\/02\/1OMODA-1-240x300.jpg 240w\" sizes=\"(max-width: 500px) 100vw, 500px\" \/><\/figure>\n<\/figure>\n\n\n\n<p>El desempe\u00f1o de enero refuerza el avance de la marca en su estrategia global, con un crecimiento sostenido en mercados internacionales y un impulso marcado en su portafolio de movilidad electrificada.<\/p>\n\n\n\n<p>Surging 113% YoY, NEVs Up 200%, OMODA &amp; JAECOO Accelerates Again in 2026<\/p>\n\n\n\n<p>Tecnolog\u00eda: SHS (Sistema Super H\u00edbrido) como eje del crecimiento<\/p>\n\n\n\n<p>Detr\u00e1s del incremento en ventas de veh\u00edculos de nueva energ\u00eda se encuentra la expansi\u00f3n global del sistema SHS (Sistema Super H\u00edbrido), desarrollado para responder a necesidades clave de los usuarios: desempe\u00f1o, eficiencia y autonom\u00eda para distintos tipos de trayectos.<\/p>\n\n\n\n<p>La tecnolog\u00eda SHS (Sistema Super H\u00edbrido) ha sido reconocida en distintos mercados. Entre los principales hitos, destaca el premio \u201c2025 Best PHEV Technology\u201d otorgado por el medio automotriz europeo Auto Bild, adem\u00e1s de otros reconocimientos internacionales que han acompa\u00f1ado su posicionamiento.<\/p>\n\n\n\n<p>Portafolio: dos marcas, diferentes estilos de movilidad<\/p>\n\n\n\n<figure class=\"wp-block-gallery has-nested-images columns-default is-cropped wp-block-gallery-3 is-layout-flex wp-block-gallery-is-layout-flex\">\n<figure class=\"wp-block-image size-large\"><img decoding=\"async\" width=\"500\" height=\"281\" data-id=\"1111428\" src=\"https:\/\/dimensionturistica.com\/es\/wp-content\/uploads\/2026\/02\/3OMODA-2.jpg\" alt=\"\" class=\"wp-image-1111428\" srcset=\"https:\/\/dimensionturistica.com\/es\/wp-content\/uploads\/2026\/02\/3OMODA-2.jpg 500w, https:\/\/dimensionturistica.com\/es\/wp-content\/uploads\/2026\/02\/3OMODA-2-300x169.jpg 300w\" sizes=\"(max-width: 500px) 100vw, 500px\" \/><\/figure>\n<\/figure>\n\n\n\n<p>Con una estrategia de posicionamiento diferenciada, OMODA y JAECOO contin\u00faa fortaleciendo su presencia internacional con modelos orientados a distintos perfiles de usuario.<\/p>\n\n\n\n<p>OMODA mantiene su enfoque en dise\u00f1o y estilo urbano. Como parte de esta l\u00ednea, la marca ser\u00e1 Principal Partner de London Fashion Week en febrero de 2026, donde presentar\u00e1 OMODA 7 SHS como parte de su participaci\u00f3n en el evento. En paralelo, OMODA 5 se mantiene como uno de los modelos m\u00e1s representativos de la marca en su categor\u00eda dentro de mercados internacionales.<\/p>\n\n\n\n<p>OMODA as the new Principal Partner of London Fashion Week (LFW)<\/p>\n\n\n\n<p>Por su parte, JAECOO mantiene una propuesta enfocada en un estilo de movilidad todoterreno con \u00e9nfasis en dise\u00f1o. Dentro del portafolio global, JAECOO 7 ha sostenido un desempe\u00f1o destacado en distintos mercados; JAECOO 8 refuerza la presencia de la marca en segmentos superiores; mientras que JAECOO 5 se posiciona como una opci\u00f3n enfocada en movilidad pet friendly.<\/p>\n\n\n\n<p>Operaci\u00f3n global: alianzas y visi\u00f3n de largo plazo<\/p>\n\n\n\n<p>En enero de 2026, la marca anunci\u00f3 nuevas iniciativas vinculadas a su visi\u00f3n global. Entre ellas, el inicio de una colaboraci\u00f3n con UNICEF Viet Nam, como parte del marco de cooperaci\u00f3n del Grupo Chirey con UNICEF, as\u00ed como una alianza con la IUCN en Espa\u00f1a para proyectos relacionados con conservaci\u00f3n ambiental.<\/p>\n\n\n\n<p>Estas acciones se alinean con el enfoque corporativo de \u201cIn somewhere, For somewhere, Be somewhere\u201d, que busca fortalecer operaciones locales con una visi\u00f3n global.<\/p>\n\n\n\n<p>Respaldo del Grupo Chirey y avance 2025<\/p>\n\n\n\n<figure class=\"wp-block-gallery has-nested-images columns-default is-cropped wp-block-gallery-4 is-layout-flex wp-block-gallery-is-layout-flex\">\n<figure class=\"wp-block-image size-large\"><img decoding=\"async\" width=\"500\" height=\"271\" data-id=\"1111427\" src=\"https:\/\/dimensionturistica.com\/es\/wp-content\/uploads\/2026\/02\/4OMODA.jpg\" alt=\"\" class=\"wp-image-1111427\" srcset=\"https:\/\/dimensionturistica.com\/es\/wp-content\/uploads\/2026\/02\/4OMODA.jpg 500w, https:\/\/dimensionturistica.com\/es\/wp-content\/uploads\/2026\/02\/4OMODA-300x163.jpg 300w\" sizes=\"(max-width: 500px) 100vw, 500px\" \/><\/figure>\n<\/figure>\n\n\n\n<p>Los resultados de OMODA y JAECOO se integran al desempe\u00f1o global del Grupo Chirey, que en enero de 2026 report\u00f3 119,605 unidades exportadas, un incremento de 48.1% interanual. Con ello, el grupo acumul\u00f3 nueve meses consecutivos superando las 100,000 unidades exportadas por mes.<\/p>\n\n\n\n<p>Durante 2025, OMODA y JAECOO expandi\u00f3 su operaci\u00f3n a 64 mercados y super\u00f3 las 800,000 unidades vendidas en el a\u00f1o. En ese mismo periodo, las ventas de veh\u00edculos de nueva energ\u00eda superaron 200,000 unidades, reflejando el avance del portafolio electrificado como parte central de su estrategia.<\/p>\n\n\n\n<p>Nota<\/p>\n\n\n\n<p>La disponibilidad de caracter\u00edsticas puede variar por mercado. Las especificaciones finales dependen de la regulaci\u00f3n local y de la configuraci\u00f3n de cada pa\u00eds.<\/p>\n\n\n\n<p>SHS-P: P = Plug-in Hybrid Electric Vehicle<\/p>\n\n\n\n<p>SHS-H: H = Hybrid Electric Vehicle<\/p>\n\n\n\n<p>Conoce m\u00e1s de Chirey I OMODA I JAECOO en nuestras cuentas oficiales:<\/p>\n\n\n\n<p>Facebook: CHIREY I&nbsp; OMODA JAECOO<\/p>\n\n\n\n<p>Instagram: CHIREY I OMODA JAECOO<\/p>\n\n\n\n<p>TikTok: CHIREY I OMODA JAECOO<\/p>\n\n\n\n<p>Sitios:www.chirey.mx&nbsp; www.omoda.mx&nbsp; www.jaecoo.mx&nbsp;<\/p>\n","protected":false},"excerpt":{"rendered":"<p>En enero de 2026, OMODA y JAECOO registr\u00f3 ventas globales de 46,875 unidades, lo que representa un crecimiento de 113% interanual. En ese mismo periodo, las ventas de veh\u00edculos de nueva energ\u00eda (NEV) alcanzaron 17,355 unidades, con un incremento de 200% interanual. El desempe\u00f1o de enero refuerza el avance de la marca en su estrategia [&hellip;]<\/p>\n","protected":false},"author":1,"featured_media":0,"comment_status":"open","ping_status":"closed","sticky":false,"template":"","format":"standard","meta":{"om_disable_all_campaigns":false,"jnews-multi-image_gallery":[],"jnews_single_post":[],"jnews_primary_category":[],"jnews_social_meta":[],"footnotes":""},"categories":[40],"tags":[],"class_list":["post-1111424","post","type-post","status-publish","format-standard","hentry","category-industria"],"_links":{"self":[{"href":"https:\/\/dimensionturistica.com\/es\/wp-json\/wp\/v2\/posts\/1111424","targetHints":{"allow":["GET"]}}],"collection":[{"href":"https:\/\/dimensionturistica.com\/es\/wp-json\/wp\/v2\/posts"}],"about":[{"href":"https:\/\/dimensionturistica.com\/es\/wp-json\/wp\/v2\/types\/post"}],"author":[{"embeddable":true,"href":"https:\/\/dimensionturistica.com\/es\/wp-json\/wp\/v2\/users\/1"}],"replies":[{"embeddable":true,"href":"https:\/\/dimensionturistica.com\/es\/wp-json\/wp\/v2\/comments?post=1111424"}],"version-history":[{"count":1,"href":"https:\/\/dimensionturistica.com\/es\/wp-json\/wp\/v2\/posts\/1111424\/revisions"}],"predecessor-version":[{"id":1111429,"href":"https:\/\/dimensionturistica.com\/es\/wp-json\/wp\/v2\/posts\/1111424\/revisions\/1111429"}],"wp:attachment":[{"href":"https:\/\/dimensionturistica.com\/es\/wp-json\/wp\/v2\/media?parent=1111424"}],"wp:term":[{"taxonomy":"category","embeddable":true,"href":"https:\/\/dimensionturistica.com\/es\/wp-json\/wp\/v2\/categories?post=1111424"},{"taxonomy":"post_tag","embeddable":true,"href":"https:\/\/dimensionturistica.com\/es\/wp-json\/wp\/v2\/tags?post=1111424"}],"curies":[{"name":"wp","href":"https:\/\/api.w.org\/{rel}","templated":true}]}}