{"id":1111416,"date":"2026-02-13T17:24:04","date_gmt":"2026-02-13T17:24:04","guid":{"rendered":"https:\/\/dimensionturistica.com\/es\/?p=1111416"},"modified":"2026-02-13T17:24:04","modified_gmt":"2026-02-13T17:24:04","slug":"normalizar-la-diarrea-y-dolor-abdominal-puede-impedir-el-diagnostico-oportuno-de-colitis-ulcerosa","status":"publish","type":"post","link":"https:\/\/dimensionturistica.com\/es\/normalizar-la-diarrea-y-dolor-abdominal-puede-impedir-el-diagnostico-oportuno-de-colitis-ulcerosa\/","title":{"rendered":"Normalizar la diarrea y dolor abdominal puede impedir el diagn\u00f3stico oportuno de colitis ulcerosa"},"content":{"rendered":"\n<figure class=\"wp-block-gallery has-nested-images columns-default is-cropped wp-block-gallery-1 is-layout-flex wp-block-gallery-is-layout-flex\">\n<figure class=\"wp-block-image size-large\"><img decoding=\"async\" width=\"500\" height=\"281\" data-id=\"1111417\" src=\"https:\/\/dimensionturistica.com\/es\/wp-content\/uploads\/2026\/02\/4DIARREA.jpg\" alt=\"\" class=\"wp-image-1111417\" srcset=\"https:\/\/dimensionturistica.com\/es\/wp-content\/uploads\/2026\/02\/4DIARREA.jpg 500w, https:\/\/dimensionturistica.com\/es\/wp-content\/uploads\/2026\/02\/4DIARREA-300x169.jpg 300w\" sizes=\"(max-width: 500px) 100vw, 500px\" \/><\/figure>\n<\/figure>\n\n\n\n<p>&nbsp;\u201cMuchos pacientes atribuyen la diarrea persistente o el dolor abdominal al estr\u00e9s y al intestino irritable; sin embargo, debemos identificar se\u00f1ales de alarma que no deben pasarse por alto\u201d, afirma la doctora Ceriolith Tenorio Flores, gastroenter\u00f3loga y especialista en endoscopia gastrointestinal.<\/p>\n\n\n\n<p>En algunos casos la interpretaci\u00f3n err\u00f3nea de s\u00edntomas puede llevar a que la colitis<\/p>\n\n\n\n<p>ulcerosa, una enfermedad inflamatoria cr\u00f3nica del colon, se detecte en M\u00e9xico con un retraso de hasta catorce meses, tiempo en el que la inflamaci\u00f3n de la mucosa intestinal avanza sin control m\u00e9dico.<\/p>\n\n\n\n<p>La prevalencia de esta condici\u00f3n ha mostrado incremento en nuestro pa\u00eds. Al momento con una estimaci\u00f3n de 27 casos por cada 100 mil habitantes. Al inicio del padecimiento, la mayor\u00eda de las personas puede recibir tratamientos antiinfecciosos que resultan ineficaces, pues no atienden el origen inflamatorio subyacente. Esta demora no solo complica el pron\u00f3stico a largo plazo, sino que modifica la manifestaci\u00f3n de la enfermedad, requiriendo en ocasiones hospitalizaciones de urgencia.<\/p>\n\n\n\n<figure class=\"wp-block-gallery has-nested-images columns-default is-cropped wp-block-gallery-2 is-layout-flex wp-block-gallery-is-layout-flex\">\n<figure class=\"wp-block-image size-large\"><img decoding=\"async\" width=\"500\" height=\"251\" data-id=\"1111418\" src=\"https:\/\/dimensionturistica.com\/es\/wp-content\/uploads\/2026\/02\/1DIARREA.jpg\" alt=\"\" class=\"wp-image-1111418\" srcset=\"https:\/\/dimensionturistica.com\/es\/wp-content\/uploads\/2026\/02\/1DIARREA.jpg 500w, https:\/\/dimensionturistica.com\/es\/wp-content\/uploads\/2026\/02\/1DIARREA-300x151.jpg 300w, https:\/\/dimensionturistica.com\/es\/wp-content\/uploads\/2026\/02\/1DIARREA-360x180.jpg 360w\" sizes=\"(max-width: 500px) 100vw, 500px\" \/><\/figure>\n<\/figure>\n\n\n\n<p>La cultura de la automedicaci\u00f3n representa uno de los mayores riesgos. El uso de antidiarreicos carece de utilidad terap\u00e9utica en estos casos, ya que estos f\u00e1rmacos no detienen la inflamaci\u00f3n ni previenen la afecci\u00f3n del colon.<\/p>\n\n\n\n<p>Fuera de los s\u00edntomas intestinales, la colitis ulcerosa altera la estabilidad emocional y la vida social de quienes la padecen. La urgencia por acudir al sanitario y los s\u00edntomas cr\u00f3nicos imponen un aislamiento involuntario que impacta el desempe\u00f1o laboral y las relaciones personales.<\/p>\n\n\n\n<p>De acuerdo con la especialista, la enfermedad puede ser invisible para el entorno del<\/p>\n\n\n\n<p>paciente, lo que genera un sentimiento de incomprensi\u00f3n que requiere un abordaje<\/p>\n\n\n\n<p>integral.<\/p>\n\n\n\n<figure class=\"wp-block-gallery has-nested-images columns-default is-cropped wp-block-gallery-3 is-layout-flex wp-block-gallery-is-layout-flex\">\n<figure class=\"wp-block-image size-large\"><img decoding=\"async\" width=\"500\" height=\"303\" data-id=\"1111419\" src=\"https:\/\/dimensionturistica.com\/es\/wp-content\/uploads\/2026\/02\/5DIARREA.jpg\" alt=\"\" class=\"wp-image-1111419\" srcset=\"https:\/\/dimensionturistica.com\/es\/wp-content\/uploads\/2026\/02\/5DIARREA.jpg 500w, https:\/\/dimensionturistica.com\/es\/wp-content\/uploads\/2026\/02\/5DIARREA-300x182.jpg 300w\" sizes=\"(max-width: 500px) 100vw, 500px\" \/><\/figure>\n<\/figure>\n\n\n\n<p>\u201cVivir con esta condici\u00f3n implica un desaf\u00edo que va m\u00e1s all\u00e1 de los s\u00edntomas f\u00edsicos, por lo que el acompa\u00f1amiento psicol\u00f3gico resulta indispensable para recuperar la calidad de vida y la autonom\u00eda\u201d, se\u00f1ala la doctora Tenorio Flores. La transici\u00f3n hacia un manejo m\u00e9dico especializado permite a los pacientes abandonar el alivio temporal y adoptar estrategias de control profundo que evitan da\u00f1os irreversibles en el sistema digestivo.<\/p>\n\n\n\n<p>Para detener el avance de la enfermedad es fundamental una atenci\u00f3n oportuna, si la diarrea o el dolor abdominal persisten por m\u00e1s de cuatro semanas, no deben considerarse algo normal. As\u00ed como la presencia de sangre en las evacuaciones o p\u00e9rdida de peso involuntario. La detecci\u00f3n temprana es la v\u00eda m\u00e1s efectiva para recuperar el bienestar y retomar las actividades cotidianas con seguridad. Para acompa\u00f1ar este proceso, la plataforma www.viviendoconcolitisulcerosa.com ofrece recursos educativos y herramientas de apoyo dise\u00f1adas para ayudar a pacientes y familias a retomar el control de su salud.<\/p>\n","protected":false},"excerpt":{"rendered":"<p>&nbsp;\u201cMuchos pacientes atribuyen la diarrea persistente o el dolor abdominal al estr\u00e9s y al intestino irritable; sin embargo, debemos identificar se\u00f1ales de alarma que no deben pasarse por alto\u201d, afirma la doctora Ceriolith Tenorio Flores, gastroenter\u00f3loga y especialista en endoscopia gastrointestinal. En algunos casos la interpretaci\u00f3n err\u00f3nea de s\u00edntomas puede llevar a que la colitis [&hellip;]<\/p>\n","protected":false},"author":1,"featured_media":0,"comment_status":"open","ping_status":"closed","sticky":false,"template":"","format":"standard","meta":{"om_disable_all_campaigns":false,"jnews-multi-image_gallery":[],"jnews_single_post":[],"jnews_primary_category":[],"jnews_social_meta":[],"footnotes":""},"categories":[40],"tags":[],"class_list":["post-1111416","post","type-post","status-publish","format-standard","hentry","category-industria"],"_links":{"self":[{"href":"https:\/\/dimensionturistica.com\/es\/wp-json\/wp\/v2\/posts\/1111416","targetHints":{"allow":["GET"]}}],"collection":[{"href":"https:\/\/dimensionturistica.com\/es\/wp-json\/wp\/v2\/posts"}],"about":[{"href":"https:\/\/dimensionturistica.com\/es\/wp-json\/wp\/v2\/types\/post"}],"author":[{"embeddable":true,"href":"https:\/\/dimensionturistica.com\/es\/wp-json\/wp\/v2\/users\/1"}],"replies":[{"embeddable":true,"href":"https:\/\/dimensionturistica.com\/es\/wp-json\/wp\/v2\/comments?post=1111416"}],"version-history":[{"count":1,"href":"https:\/\/dimensionturistica.com\/es\/wp-json\/wp\/v2\/posts\/1111416\/revisions"}],"predecessor-version":[{"id":1111420,"href":"https:\/\/dimensionturistica.com\/es\/wp-json\/wp\/v2\/posts\/1111416\/revisions\/1111420"}],"wp:attachment":[{"href":"https:\/\/dimensionturistica.com\/es\/wp-json\/wp\/v2\/media?parent=1111416"}],"wp:term":[{"taxonomy":"category","embeddable":true,"href":"https:\/\/dimensionturistica.com\/es\/wp-json\/wp\/v2\/categories?post=1111416"},{"taxonomy":"post_tag","embeddable":true,"href":"https:\/\/dimensionturistica.com\/es\/wp-json\/wp\/v2\/tags?post=1111416"}],"curies":[{"name":"wp","href":"https:\/\/api.w.org\/{rel}","templated":true}]}}