{"id":1111372,"date":"2026-02-13T16:16:17","date_gmt":"2026-02-13T16:16:17","guid":{"rendered":"https:\/\/dimensionturistica.com\/es\/?p=1111372"},"modified":"2026-02-13T16:16:17","modified_gmt":"2026-02-13T16:16:17","slug":"dia-del-preservativo-no-solo-es-cuidado-tambien-se-trata-de-placer","status":"publish","type":"post","link":"https:\/\/dimensionturistica.com\/es\/dia-del-preservativo-no-solo-es-cuidado-tambien-se-trata-de-placer\/","title":{"rendered":"D\u00eda del Preservativo: No solo es cuidado, tambi\u00e9n se trata de placer"},"content":{"rendered":"\n<p><\/p>\n\n\n\n<figure class=\"wp-block-gallery has-nested-images columns-default is-cropped wp-block-gallery-1 is-layout-flex wp-block-gallery-is-layout-flex\">\n<figure class=\"wp-block-image size-large\"><img decoding=\"async\" width=\"500\" height=\"281\" data-id=\"1111373\" src=\"https:\/\/dimensionturistica.com\/es\/wp-content\/uploads\/2026\/02\/CONDOCN.jpg\" alt=\"\" class=\"wp-image-1111373\" srcset=\"https:\/\/dimensionturistica.com\/es\/wp-content\/uploads\/2026\/02\/CONDOCN.jpg 500w, https:\/\/dimensionturistica.com\/es\/wp-content\/uploads\/2026\/02\/CONDOCN-300x169.jpg 300w\" sizes=\"(max-width: 500px) 100vw, 500px\" \/><\/figure>\n<\/figure>\n\n\n\n<p>Cada 13 de febrero se conmemora el D\u00eda Internacional del Preservativo, una fecha establecida para promover la salud sexual, derribar mitos y fortalecer una cultura de cuidado&nbsp; y responsabilidad en las relaciones \u00edntimas.<\/p>\n\n\n\n<p>El preservativo \u2014ya sea masculino o femenino\u2014 es uno de los m\u00e9todos de barrera m\u00e1s accesibles y eficaces para prevenir infecciones de transmisi\u00f3n sexual (ITS), incluido el VIH, y evitar embarazos no planeados. Su uso deber\u00eda ser parte de una conversaci\u00f3n natural y sin estigmas entre parejas, sin importar la edad, orientaci\u00f3n o nivel de experiencia.<\/p>\n\n\n\n<p>Durante a\u00f1os, el discurso sobre el cond\u00f3n se centr\u00f3 en el riesgo \u2014lo que puede salir mal, lo que hay que evitar\u2014 y aunque esa informaci\u00f3n es necesaria, hoy la conversaci\u00f3n evoluciona. Protegerse no es lo opuesto a disfrutar. De hecho, puede ser parte de una experiencia m\u00e1s satisfactoria.<\/p>\n\n\n\n<p>El placer y la tranquilidad van de la mano: Una de las razones por las que el preservativo puede mejorar la experiencia \u00edntima tiene que ver con algo simple: la mente. Cuando desaparece la preocupaci\u00f3n por infecciones de transmisi\u00f3n sexual o embarazos no planeados, el cuerpo se relaja. Y cuando hay menos ansiedad, hay mayor conexi\u00f3n, presencia y disfrute. La seguridad no apaga el momento; muchas veces lo potencia.<\/p>\n\n\n\n<figure class=\"wp-block-gallery has-nested-images columns-default is-cropped wp-block-gallery-2 is-layout-flex wp-block-gallery-is-layout-flex\">\n<figure class=\"wp-block-image size-large\"><img decoding=\"async\" width=\"500\" height=\"375\" data-id=\"1111374\" src=\"https:\/\/dimensionturistica.com\/es\/wp-content\/uploads\/2026\/02\/6CONDOCN.jpg\" alt=\"\" class=\"wp-image-1111374\" srcset=\"https:\/\/dimensionturistica.com\/es\/wp-content\/uploads\/2026\/02\/6CONDOCN.jpg 500w, https:\/\/dimensionturistica.com\/es\/wp-content\/uploads\/2026\/02\/6CONDOCN-300x225.jpg 300w\" sizes=\"(max-width: 500px) 100vw, 500px\" \/><\/figure>\n<\/figure>\n\n\n\n<p>La evoluci\u00f3n del cond\u00f3n: La idea de que \u201ctodos son iguales\u201d qued\u00f3 atr\u00e1s. Hoy existen opciones dise\u00f1adas para adaptarse a distintas sensaciones, preferencias y cuerpos: materiales m\u00e1s delgados, texturas, diferentes ajustes e incluso variantes pensadas para intensificar la experiencia. Explorar estas opciones puede convertirse en parte del juego,elegir juntos cu\u00e1l usar puede ser una forma m\u00e1s de comunicaci\u00f3n \u00edntima.<\/p>\n\n\n\n<p>Cuidar es un acto de cari\u00f1o y respeto: El placer no deber\u00eda estar ligado a la culpa ni al miedo. Integrar el preservativo como parte natural de la vida sexual es tambi\u00e9n reconocer que el autocuidado forma parte de quererse y valorar el propio bienestar. No se trata s\u00f3lo de evitar riesgos, sino de crear experiencias donde todas las personas involucradas se sientan seguras y c\u00f3modas.<\/p>\n\n\n\n<p>El D\u00eda del Preservativo es una oportunidad para cambiar el enfoque: pasar del discurso basado en el temor a uno basado en la informaci\u00f3n, el consentimiento y el disfrute responsable. La protecci\u00f3n no est\u00e1 peleada con la sensualidad, ni con la espontaneidad, ni con la conexi\u00f3n, al contrario se vuelve en tu aliado principal para potenciar el deseo.<\/p>\n\n\n\n<p>JOYclub la primera plataforma sexopositiva en M\u00e9xico promueve diariamente el uso del cond\u00f3n con informaci\u00f3n relevante e importante que te ayudar\u00e1 a conectar el placer con la seguridad.<\/p>\n","protected":false},"excerpt":{"rendered":"<p>Cada 13 de febrero se conmemora el D\u00eda Internacional del Preservativo, una fecha establecida para promover la salud sexual, derribar mitos y fortalecer una cultura de cuidado&nbsp; y responsabilidad en las relaciones \u00edntimas. El preservativo \u2014ya sea masculino o femenino\u2014 es uno de los m\u00e9todos de barrera m\u00e1s accesibles y eficaces para prevenir infecciones de [&hellip;]<\/p>\n","protected":false},"author":1,"featured_media":0,"comment_status":"open","ping_status":"closed","sticky":false,"template":"","format":"standard","meta":{"om_disable_all_campaigns":false,"jnews-multi-image_gallery":[],"jnews_single_post":[],"jnews_primary_category":[],"jnews_social_meta":[],"footnotes":""},"categories":[144872],"tags":[],"class_list":["post-1111372","post","type-post","status-publish","format-standard","hentry","category-fashion"],"_links":{"self":[{"href":"https:\/\/dimensionturistica.com\/es\/wp-json\/wp\/v2\/posts\/1111372","targetHints":{"allow":["GET"]}}],"collection":[{"href":"https:\/\/dimensionturistica.com\/es\/wp-json\/wp\/v2\/posts"}],"about":[{"href":"https:\/\/dimensionturistica.com\/es\/wp-json\/wp\/v2\/types\/post"}],"author":[{"embeddable":true,"href":"https:\/\/dimensionturistica.com\/es\/wp-json\/wp\/v2\/users\/1"}],"replies":[{"embeddable":true,"href":"https:\/\/dimensionturistica.com\/es\/wp-json\/wp\/v2\/comments?post=1111372"}],"version-history":[{"count":1,"href":"https:\/\/dimensionturistica.com\/es\/wp-json\/wp\/v2\/posts\/1111372\/revisions"}],"predecessor-version":[{"id":1111375,"href":"https:\/\/dimensionturistica.com\/es\/wp-json\/wp\/v2\/posts\/1111372\/revisions\/1111375"}],"wp:attachment":[{"href":"https:\/\/dimensionturistica.com\/es\/wp-json\/wp\/v2\/media?parent=1111372"}],"wp:term":[{"taxonomy":"category","embeddable":true,"href":"https:\/\/dimensionturistica.com\/es\/wp-json\/wp\/v2\/categories?post=1111372"},{"taxonomy":"post_tag","embeddable":true,"href":"https:\/\/dimensionturistica.com\/es\/wp-json\/wp\/v2\/tags?post=1111372"}],"curies":[{"name":"wp","href":"https:\/\/api.w.org\/{rel}","templated":true}]}}