{"id":1111215,"date":"2026-02-13T09:23:32","date_gmt":"2026-02-13T09:23:32","guid":{"rendered":"https:\/\/dimensionturistica.com\/es\/?p=1111215"},"modified":"2026-02-13T09:23:32","modified_gmt":"2026-02-13T09:23:32","slug":"paloma-elsesser-se-prepara-para-tory-burch-con-un-masaje-en-casa","status":"publish","type":"post","link":"https:\/\/dimensionturistica.com\/es\/paloma-elsesser-se-prepara-para-tory-burch-con-un-masaje-en-casa\/","title":{"rendered":"Paloma Elsesser se prepara para Tory Burch con un masaje en casa."},"content":{"rendered":"<h3>La Esencia del Oto\u00f1o: Paloma Elsesser y su Encuentro con Tory Burch<\/h3>\n<p>En el vibrante mundo de la moda, donde cada temporada trae consigo una nueva ola de inspiraci\u00f3n, Paloma Elsesser se destaca como un \u00edcono contempor\u00e1neo. Su colaboraci\u00f3n con Tory Burch para la colecci\u00f3n de oto\u00f1o encarna no solo una propuesta est\u00e9tica, sino una filosof\u00eda de inclusi\u00f3n y empoderamiento. A continuaci\u00f3n, exploramos los momentos clave de esta uni\u00f3n creativa y lo que representa para el futuro de la moda.<\/p>\n<h4><strong>Un Viaje Visual<\/strong><\/h4>\n<p>La narrativa de la colecci\u00f3n comienza en un ambiente cuidadosamente seleccionado que refleja el esp\u00edritu oto\u00f1al. Elsesser, con su capacidad inigualable para iluminar cualquier espacio, se convierte en el lienzo sobre el que se despliegan las propuestas visuales de Burch. Fotograf\u00edas de gran impacto capturan la esencia de cada prenda, desde los abrigos estructurados hasta los tejidos suaves que abrazan la figura.<\/p>\n<h4><strong>Texturas y Tonalidades<\/strong><\/h4>\n<p>La paleta de colores se siente \u00edntimamente conectada con la estaci\u00f3n: tonos c\u00e1lidos de terracota, profundos verdes esmeralda y suaves beiges, resonando con la naturaleza cambiante. La elecci\u00f3n de texturas juega un papel fundamental, donde los tejidos \u00f3ptimos para la temporada se combinan con detalles innovadores que dan vida a las prendas. La propuesta de Burch no busca solo la est\u00e9tica, sino tambi\u00e9n el confort, ofreciendo piezas que son tanto pr\u00e1cticas como elegantes.<\/p>\n<h4><strong>El Mensaje de Inclusividad<\/strong><\/h4>\n<p>Elsesser, conocida por su activismo en pro de la diversidad, trae consigo un mensaje poderoso: la moda es para todos. Su presencia en esta colecci\u00f3n subraya la importancia de la representaci\u00f3n. Al ver a modelos de diferentes tallas y estilos en las pasarelas, se abre un di\u00e1logo que desaf\u00eda los est\u00e1ndares tradicionales de belleza. La marca de Burch, al asociarse con voces como la de Paloma, reafirma su compromiso hacia una moda m\u00e1s inclusiva.<\/p>\n<h4><strong>Estilo y Autenticidad<\/strong><\/h4>\n<p>M\u00e1s all\u00e1 de las telas y los colores, hay un sentido de autenticidad que caracteriza cada look. Elsesser, quien ha sido una defensora del amor propio y la confianza, encarna la moda como un veh\u00edculo de autoexpresi\u00f3n. La colecci\u00f3n no solo busca vestir, sino tambi\u00e9n inspirar a quienes la portan a sentir seguridad en su propia piel.<\/p>\n<h4><strong>El Futuro es Brillante<\/strong><\/h4>\n<p>Este primer acercamiento entre Paloma Elsesser y Tory Burch no es solo una colecci\u00f3n m\u00e1s; es un statement. Un llamado a la evoluci\u00f3n dentro de la industria de la moda, un recordatorio de que el futuro se encuentra en la uni\u00f3n de la creatividad y la inclusi\u00f3n. A medida que los ojos del mundo se dirigen a esta colaboraci\u00f3n, queda claro que el oto\u00f1o ser\u00e1 una estaci\u00f3n de transformaci\u00f3n y renovaci\u00f3n.<\/p>\n<h3><strong>Conclusi\u00f3n Proyectada<\/strong><\/h3>\n<p>La fusi\u00f3n de estos dos talentos promete dejar una huella significativa. Con cada prenda que salga de esta colaboraci\u00f3n, se invoca la esencia del empoderamiento y el acceso, estableciendo un nuevo est\u00e1ndar para lo que es ser parte del mundo de la moda. La expectativa est\u00e1 alta, y la comunidad de la moda observa, lista para celebrar estos avances hacia un futuro m\u00e1s brillante y diverso. <\/p>\n<p>\u00a1Prep\u00e1rate para abrazar el oto\u00f1o con estilo y confianza, porque lo que viene es pura revoluci\u00f3n!<\/p>\n<p><em> &#8221; Fuentes www.vogue.com &#8221; <\/em><\/p>\n","protected":false},"excerpt":{"rendered":"<p>La Esencia del Oto\u00f1o: Paloma Elsesser y su Encuentro con Tory Burch En el vibrante mundo de la moda, donde cada temporada trae consigo una nueva ola de inspiraci\u00f3n, Paloma Elsesser se destaca como un \u00edcono contempor\u00e1neo. Su colaboraci\u00f3n con Tory Burch para la colecci\u00f3n de oto\u00f1o encarna no solo una propuesta est\u00e9tica, sino una [&hellip;]<\/p>\n","protected":false},"author":14,"featured_media":1111216,"comment_status":"open","ping_status":"closed","sticky":false,"template":"","format":"standard","meta":{"om_disable_all_campaigns":false,"jnews-multi-image_gallery":[],"jnews_single_post":[],"jnews_primary_category":[],"jnews_social_meta":[],"footnotes":""},"categories":[144872],"tags":[267669,72867,166,309,202965,221989,73187,87099,120189,42198,209],"class_list":["post-1111215","post","type-post","status-publish","format-standard","has-post-thumbnail","hentry","category-fashion","tag-at-home-massage","tag-beauty","tag-fashion","tag-lifestyle","tag-new-york-fashion-week","tag-paloma-elsesser","tag-relaxation","tag-self-care","tag-skincare","tag-tory-burch","tag-wellness"],"_links":{"self":[{"href":"https:\/\/dimensionturistica.com\/es\/wp-json\/wp\/v2\/posts\/1111215","targetHints":{"allow":["GET"]}}],"collection":[{"href":"https:\/\/dimensionturistica.com\/es\/wp-json\/wp\/v2\/posts"}],"about":[{"href":"https:\/\/dimensionturistica.com\/es\/wp-json\/wp\/v2\/types\/post"}],"author":[{"embeddable":true,"href":"https:\/\/dimensionturistica.com\/es\/wp-json\/wp\/v2\/users\/14"}],"replies":[{"embeddable":true,"href":"https:\/\/dimensionturistica.com\/es\/wp-json\/wp\/v2\/comments?post=1111215"}],"version-history":[{"count":1,"href":"https:\/\/dimensionturistica.com\/es\/wp-json\/wp\/v2\/posts\/1111215\/revisions"}],"predecessor-version":[{"id":1111217,"href":"https:\/\/dimensionturistica.com\/es\/wp-json\/wp\/v2\/posts\/1111215\/revisions\/1111217"}],"wp:featuredmedia":[{"embeddable":true,"href":"https:\/\/dimensionturistica.com\/es\/wp-json\/wp\/v2\/media\/1111216"}],"wp:attachment":[{"href":"https:\/\/dimensionturistica.com\/es\/wp-json\/wp\/v2\/media?parent=1111215"}],"wp:term":[{"taxonomy":"category","embeddable":true,"href":"https:\/\/dimensionturistica.com\/es\/wp-json\/wp\/v2\/categories?post=1111215"},{"taxonomy":"post_tag","embeddable":true,"href":"https:\/\/dimensionturistica.com\/es\/wp-json\/wp\/v2\/tags?post=1111215"}],"curies":[{"name":"wp","href":"https:\/\/api.w.org\/{rel}","templated":true}]}}