{"id":1110993,"date":"2026-02-12T20:18:53","date_gmt":"2026-02-12T20:18:53","guid":{"rendered":"https:\/\/dimensionturistica.com\/es\/?p=1110993"},"modified":"2026-02-12T20:18:53","modified_gmt":"2026-02-12T20:18:53","slug":"el-dolor-menstrual-incapacitante-no-es-normal-y-puede-ocultar-enfermedades-ginecologicas","status":"publish","type":"post","link":"https:\/\/dimensionturistica.com\/es\/el-dolor-menstrual-incapacitante-no-es-normal-y-puede-ocultar-enfermedades-ginecologicas\/","title":{"rendered":"El dolor menstrual incapacitante NO es normal y puede ocultar enfermedades ginecol\u00f3gicas."},"content":{"rendered":"\n<figure class=\"wp-block-gallery has-nested-images columns-default is-cropped wp-block-gallery-1 is-layout-flex wp-block-gallery-is-layout-flex\">\n<figure class=\"wp-block-image size-large\"><img decoding=\"async\" width=\"474\" height=\"310\" data-id=\"1110995\" src=\"https:\/\/dimensionturistica.com\/es\/wp-content\/uploads\/2026\/02\/1DRA.jpg\" alt=\"\" class=\"wp-image-1110995\" srcset=\"https:\/\/dimensionturistica.com\/es\/wp-content\/uploads\/2026\/02\/1DRA.jpg 474w, https:\/\/dimensionturistica.com\/es\/wp-content\/uploads\/2026\/02\/1DRA-300x196.jpg 300w\" sizes=\"(max-width: 474px) 100vw, 474px\" \/><\/figure>\n<\/figure>\n\n\n\n<p>El dolor menstrual intenso que limita actividades cotidianas, el desempe\u00f1o laboral o la intimidad en pareja no es una condici\u00f3n normal y suele estar asociado a problemas ginecol\u00f3gicos que requieren atenci\u00f3n m\u00e9dica, alert\u00f3 la doctora Lourdes Flores.<\/p>\n\n\n\n<p>La directora m\u00e9dica del Instituto M\u00e9dico de la Mujer, apunt\u00f3 que el dolor incapacitante nunca es normal. \u201cCuando una mujer ve afectada su rutina o su bienestar, es indispensable realizar una valoraci\u00f3n m\u00e9dica para identificar la causa\u201d.<\/p>\n\n\n\n<p>De acuerdo con informaci\u00f3n disponible sobre menstruaci\u00f3n y productividad en M\u00e9xico, al menos siete de cada diez mujeres reportan dolor durante la menstruaci\u00f3n, y casi la mitad se\u00f1ala que este malestar afecta su desempe\u00f1o laboral o acad\u00e9mico, ya sea por disminuci\u00f3n de la productividad, ausencias o dificultad para concentrarse.<\/p>\n\n\n\n<figure class=\"wp-block-gallery has-nested-images columns-default is-cropped wp-block-gallery-2 is-layout-flex wp-block-gallery-is-layout-flex\">\n<figure class=\"wp-block-image size-large\"><img decoding=\"async\" width=\"500\" height=\"602\" data-id=\"1110996\" src=\"https:\/\/dimensionturistica.com\/es\/wp-content\/uploads\/2026\/02\/2DRA-1.jpg\" alt=\"\" class=\"wp-image-1110996\" srcset=\"https:\/\/dimensionturistica.com\/es\/wp-content\/uploads\/2026\/02\/2DRA-1.jpg 500w, https:\/\/dimensionturistica.com\/es\/wp-content\/uploads\/2026\/02\/2DRA-1-249x300.jpg 249w\" sizes=\"(max-width: 500px) 100vw, 500px\" \/><\/figure>\n<\/figure>\n\n\n\n<p>Este tipo de dolor, conocido como dismenorrea, no se limita a un malestar ocasional asociado al inicio del periodo, sino que puede presentarse de forma recurrente mes con mes, prolongarse por varios d\u00edas o intensificarse con el paso del tiempo.<\/p>\n\n\n\n<p>\u201cEn algunos casos, el dolor aparece incluso antes o despu\u00e9s de la menstruaci\u00f3n, lo que indica la posible presencia de un trastorno ginecol\u00f3gico subyacente que requiere evaluaci\u00f3n m\u00e9dica\u201d, dijo la especialista.<\/p>\n\n\n\n<p>Adem\u00e1s, la dismenorrea puede estar relacionada con padecimientos como endometriosis, adenomiosis o alteraciones hormonales. La automedicaci\u00f3n y la normalizaci\u00f3n de los s\u00edntomas favorecen que estas enfermedades se detecten en etapas avanzadas, cuando ya existe afectaci\u00f3n persistente en la salud reproductiva.<\/p>\n\n\n\n<figure class=\"wp-block-gallery has-nested-images columns-default is-cropped wp-block-gallery-3 is-layout-flex wp-block-gallery-is-layout-flex\">\n<figure class=\"wp-block-image size-large\"><img decoding=\"async\" width=\"1024\" height=\"576\" data-id=\"1110997\" src=\"https:\/\/dimensionturistica.com\/es\/wp-content\/uploads\/2026\/02\/unnamed-1-1024x576.jpg\" alt=\"\" class=\"wp-image-1110997\" srcset=\"https:\/\/dimensionturistica.com\/es\/wp-content\/uploads\/2026\/02\/unnamed-1-1024x576.jpg 1024w, https:\/\/dimensionturistica.com\/es\/wp-content\/uploads\/2026\/02\/unnamed-1-300x169.jpg 300w, https:\/\/dimensionturistica.com\/es\/wp-content\/uploads\/2026\/02\/unnamed-1-768x432.jpg 768w, https:\/\/dimensionturistica.com\/es\/wp-content\/uploads\/2026\/02\/unnamed-1-750x422.jpg 750w, https:\/\/dimensionturistica.com\/es\/wp-content\/uploads\/2026\/02\/unnamed-1-1140x641.jpg 1140w, https:\/\/dimensionturistica.com\/es\/wp-content\/uploads\/2026\/02\/unnamed-1.jpg 1280w\" sizes=\"(max-width: 1024px) 100vw, 1024px\" \/><\/figure>\n<\/figure>\n\n\n\n<p>\u201cMuchas mujeres comentan el dolor en su entorno cercano, pero eso no sustituye una consulta m\u00e9dica. Hablarlo no equivale a atenderlo\u201d, advirti\u00f3 Flores Islas, y record\u00f3 que de acuerdo con la Organizaci\u00f3n Mundial de la Salud (OMS), la endometriosis puede tardar hasta diez a\u00f1os en diagnosticarse desde la aparici\u00f3n de los primeros s\u00edntomas, periodo en el que el dolor recurrente impacta de forma sostenida la salud f\u00edsica, emocional y la calidad de vida.<\/p>\n\n\n\n<p>\u201cEl diagn\u00f3stico oportuno permite tratar el dolor, prevenir complicaciones y evitar da\u00f1os a largo plazo. Consultar a tiempo es una decisi\u00f3n m\u00e9dica que protege la salud y el bienestar\u201d, concluy\u00f3.<\/p>\n","protected":false},"excerpt":{"rendered":"<p>El dolor menstrual intenso que limita actividades cotidianas, el desempe\u00f1o laboral o la intimidad en pareja no es una condici\u00f3n normal y suele estar asociado a problemas ginecol\u00f3gicos que requieren atenci\u00f3n m\u00e9dica, alert\u00f3 la doctora Lourdes Flores. La directora m\u00e9dica del Instituto M\u00e9dico de la Mujer, apunt\u00f3 que el dolor incapacitante nunca es normal. \u201cCuando [&hellip;]<\/p>\n","protected":false},"author":1,"featured_media":0,"comment_status":"open","ping_status":"closed","sticky":false,"template":"","format":"standard","meta":{"om_disable_all_campaigns":false,"jnews-multi-image_gallery":[],"jnews_single_post":[],"jnews_primary_category":[],"jnews_social_meta":[],"footnotes":""},"categories":[40],"tags":[],"class_list":["post-1110993","post","type-post","status-publish","format-standard","hentry","category-industria"],"_links":{"self":[{"href":"https:\/\/dimensionturistica.com\/es\/wp-json\/wp\/v2\/posts\/1110993","targetHints":{"allow":["GET"]}}],"collection":[{"href":"https:\/\/dimensionturistica.com\/es\/wp-json\/wp\/v2\/posts"}],"about":[{"href":"https:\/\/dimensionturistica.com\/es\/wp-json\/wp\/v2\/types\/post"}],"author":[{"embeddable":true,"href":"https:\/\/dimensionturistica.com\/es\/wp-json\/wp\/v2\/users\/1"}],"replies":[{"embeddable":true,"href":"https:\/\/dimensionturistica.com\/es\/wp-json\/wp\/v2\/comments?post=1110993"}],"version-history":[{"count":1,"href":"https:\/\/dimensionturistica.com\/es\/wp-json\/wp\/v2\/posts\/1110993\/revisions"}],"predecessor-version":[{"id":1110998,"href":"https:\/\/dimensionturistica.com\/es\/wp-json\/wp\/v2\/posts\/1110993\/revisions\/1110998"}],"wp:attachment":[{"href":"https:\/\/dimensionturistica.com\/es\/wp-json\/wp\/v2\/media?parent=1110993"}],"wp:term":[{"taxonomy":"category","embeddable":true,"href":"https:\/\/dimensionturistica.com\/es\/wp-json\/wp\/v2\/categories?post=1110993"},{"taxonomy":"post_tag","embeddable":true,"href":"https:\/\/dimensionturistica.com\/es\/wp-json\/wp\/v2\/tags?post=1110993"}],"curies":[{"name":"wp","href":"https:\/\/api.w.org\/{rel}","templated":true}]}}