{"id":1110970,"date":"2026-02-12T19:38:59","date_gmt":"2026-02-12T19:38:59","guid":{"rendered":"https:\/\/dimensionturistica.com\/es\/?p=1110970"},"modified":"2026-02-12T19:38:59","modified_gmt":"2026-02-12T19:38:59","slug":"alertan-en-el-marco-del-dia-mundial-contra-el-cancer-del-mes-de-febrero","status":"publish","type":"post","link":"https:\/\/dimensionturistica.com\/es\/alertan-en-el-marco-del-dia-mundial-contra-el-cancer-del-mes-de-febrero\/","title":{"rendered":"Alertan en el marco del D\u00eda Mundial contra el C\u00e1ncer del mes de febrero"},"content":{"rendered":"\n<figure class=\"wp-block-gallery has-nested-images columns-default is-cropped wp-block-gallery-1 is-layout-flex wp-block-gallery-is-layout-flex\">\n<figure class=\"wp-block-image size-large\"><img decoding=\"async\" width=\"500\" height=\"396\" data-id=\"1110972\" src=\"https:\/\/dimensionturistica.com\/es\/wp-content\/uploads\/2026\/02\/2CINA.jpg\" alt=\"\" class=\"wp-image-1110972\" srcset=\"https:\/\/dimensionturistica.com\/es\/wp-content\/uploads\/2026\/02\/2CINA.jpg 500w, https:\/\/dimensionturistica.com\/es\/wp-content\/uploads\/2026\/02\/2CINA-300x238.jpg 300w\" sizes=\"(max-width: 500px) 100vw, 500px\" \/><\/figure>\n<\/figure>\n\n\n\n<p><\/p>\n\n\n\n<p><strong>Sin diagn\u00f3stico oportuno, variante m\u00e1s letal de c\u00e1ncer de mama avanza en M\u00e9xico<\/strong><\/p>\n\n\n\n<p>M\u00e1s de 4,878 muertes en un solo a\u00f1o (2022), colocan al c\u00e1ncer de mama triple negativo metast\u00e1sico como la variante m\u00e1s letal de esta enfermedad en M\u00e9xico, refiri\u00f3 Eliza Puente, directora de Fundaci\u00f3n Cima,<\/p>\n\n\n\n<p>A.C., quien explic\u00f3 que es un subtipo que avanza con rapidez y afecta a mujeres cada vez m\u00e1s j\u00f3venes, en lo cual inciden la falta de diagn\u00f3stico oportuno y barreras de acceso al tratamiento.<\/p>\n\n\n\n<figure class=\"wp-block-gallery has-nested-images columns-default is-cropped wp-block-gallery-2 is-layout-flex wp-block-gallery-is-layout-flex\">\n<figure class=\"wp-block-image size-large\"><img decoding=\"async\" width=\"500\" height=\"281\" data-id=\"1110975\" src=\"https:\/\/dimensionturistica.com\/es\/wp-content\/uploads\/2026\/02\/4CIMA.jpg\" alt=\"\" class=\"wp-image-1110975\" srcset=\"https:\/\/dimensionturistica.com\/es\/wp-content\/uploads\/2026\/02\/4CIMA.jpg 500w, https:\/\/dimensionturistica.com\/es\/wp-content\/uploads\/2026\/02\/4CIMA-300x169.jpg 300w\" sizes=\"(max-width: 500px) 100vw, 500px\" \/><\/figure>\n<\/figure>\n\n\n\n<p>\u201cEsta variante tiene una incidencia preocupante en mujeres j\u00f3venes (menores de 40 a\u00f1os), y a\u00fan hay regiones del pa\u00eds donde no existen los medios para detectarla y tratarla oportunamente\u201d, dijo y record\u00f3 que dicha variante no responde a terapias hormonales ni dirigidas, toda vez que sus c\u00e9lulas carecen de receptores hormonales y HER2.<\/p>\n\n\n\n<p>Puente agreg\u00f3 que, en el a\u00f1o 2022, ese subtipo represent\u00f3 entre el 12% y 23% de los<\/p>\n\n\n\n<p>31,043 nuevos casos de c\u00e1ncer de mama registrados en el pa\u00eds y que se estima que ocasion\u00f3 4,878 muertes ese mismo a\u00f1o, lo que representa el 62% del total de decesos por c\u00e1ncer de mama registrados en M\u00e9xico, tanto en mujeres como en hombres.<\/p>\n\n\n\n<figure class=\"wp-block-gallery has-nested-images columns-default is-cropped wp-block-gallery-3 is-layout-flex wp-block-gallery-is-layout-flex\">\n<figure class=\"wp-block-image size-large\"><img decoding=\"async\" width=\"500\" height=\"281\" data-id=\"1110976\" src=\"https:\/\/dimensionturistica.com\/es\/wp-content\/uploads\/2026\/02\/1CANCER.jpg\" alt=\"\" class=\"wp-image-1110976\" srcset=\"https:\/\/dimensionturistica.com\/es\/wp-content\/uploads\/2026\/02\/1CANCER.jpg 500w, https:\/\/dimensionturistica.com\/es\/wp-content\/uploads\/2026\/02\/1CANCER-300x169.jpg 300w\" sizes=\"(max-width: 500px) 100vw, 500px\" \/><\/figure>\n<\/figure>\n\n\n\n<p>De acuerdo con la Organizaci\u00f3n Mundial de la Salud (OMS), la detecci\u00f3n y tratamiento oportunos de los casos de c\u00e1ncer de mama reducen la mortalidad y la mayor\u00eda de las personas no experimentar\u00e1n ning\u00fan s\u00edntoma mientras el c\u00e1ncer est\u00e9 todav\u00eda en fase temprana.<\/p>\n\n\n\n<p>El diagn\u00f3stico del subtipo triple negativo requiere una biopsia con estudios de inmunohistoqu\u00edmica. Contar con esta informaci\u00f3n desde el primer contacto con el sistema de salud es clave para definir tratamientos oportunos y mejorar la calidad de<\/p>\n\n\n\n<p>vida. Por ello, especialistas insisten en la importancia de promover revisiones peri\u00f3dicas, mastograf\u00edas anuales y la autoexploraci\u00f3n constante.<\/p>\n\n\n\n<p>La OMS ha fijado metas concretas para enfrentar este tipo de c\u00e1ncer: detectar m\u00e1s del 60% de los casos en etapas I y II, realizar el diagn\u00f3stico completo en un plazo m\u00e1ximo de 60 d\u00edas y garantizar que al menos el 80% de los tratamientos sean completos y sin abandono.<\/p>\n\n\n\n<figure class=\"wp-block-gallery has-nested-images columns-default is-cropped wp-block-gallery-4 is-layout-flex wp-block-gallery-is-layout-flex\">\n<figure class=\"wp-block-image size-large\"><img decoding=\"async\" width=\"500\" height=\"281\" data-id=\"1110977\" src=\"https:\/\/dimensionturistica.com\/es\/wp-content\/uploads\/2026\/02\/CIMA.jpg\" alt=\"\" class=\"wp-image-1110977\" srcset=\"https:\/\/dimensionturistica.com\/es\/wp-content\/uploads\/2026\/02\/CIMA.jpg 500w, https:\/\/dimensionturistica.com\/es\/wp-content\/uploads\/2026\/02\/CIMA-300x169.jpg 300w\" sizes=\"(max-width: 500px) 100vw, 500px\" \/><\/figure>\n<\/figure>\n\n\n\n<p>Como parte de los esfuerzos para visibilizar esta enfermedad, organizaciones de la sociedad civil y m\u00e9dicos especialistas han propuesto declarar el 3 de marzo como el<\/p>\n\n\n\n<p>D\u00eda Nacional del C\u00e1ncer de Mama Triple Negativo Metast\u00e1sico, para impulsar pol\u00edticas p\u00fablicas que mejoren la atenci\u00f3n integral de las personas diagnosticadas.<\/p>\n\n\n\n<p>\u201cDesignar una fecha nacional no solo visibiliza esta enfermedad, tambi\u00e9n pone en la<\/p>\n\n\n\n<p>mesa el tema para fortalecer pol\u00edticas p\u00fablicas, impulsar la investigaci\u00f3n y mejorar la atenci\u00f3n integral de quienes enfrentan este diagn\u00f3stico\u201d, concluy\u00f3 Eliza Puente.<\/p>\n","protected":false},"excerpt":{"rendered":"<p>Sin diagn\u00f3stico oportuno, variante m\u00e1s letal de c\u00e1ncer de mama avanza en M\u00e9xico M\u00e1s de 4,878 muertes en un solo a\u00f1o (2022), colocan al c\u00e1ncer de mama triple negativo metast\u00e1sico como la variante m\u00e1s letal de esta enfermedad en M\u00e9xico, refiri\u00f3 Eliza Puente, directora de Fundaci\u00f3n Cima, A.C., quien explic\u00f3 que es un subtipo que [&hellip;]<\/p>\n","protected":false},"author":1,"featured_media":0,"comment_status":"open","ping_status":"closed","sticky":false,"template":"","format":"standard","meta":{"om_disable_all_campaigns":false,"jnews-multi-image_gallery":[],"jnews_single_post":[],"jnews_primary_category":[],"jnews_social_meta":[],"footnotes":""},"categories":[40],"tags":[],"class_list":["post-1110970","post","type-post","status-publish","format-standard","hentry","category-industria"],"_links":{"self":[{"href":"https:\/\/dimensionturistica.com\/es\/wp-json\/wp\/v2\/posts\/1110970","targetHints":{"allow":["GET"]}}],"collection":[{"href":"https:\/\/dimensionturistica.com\/es\/wp-json\/wp\/v2\/posts"}],"about":[{"href":"https:\/\/dimensionturistica.com\/es\/wp-json\/wp\/v2\/types\/post"}],"author":[{"embeddable":true,"href":"https:\/\/dimensionturistica.com\/es\/wp-json\/wp\/v2\/users\/1"}],"replies":[{"embeddable":true,"href":"https:\/\/dimensionturistica.com\/es\/wp-json\/wp\/v2\/comments?post=1110970"}],"version-history":[{"count":1,"href":"https:\/\/dimensionturistica.com\/es\/wp-json\/wp\/v2\/posts\/1110970\/revisions"}],"predecessor-version":[{"id":1110978,"href":"https:\/\/dimensionturistica.com\/es\/wp-json\/wp\/v2\/posts\/1110970\/revisions\/1110978"}],"wp:attachment":[{"href":"https:\/\/dimensionturistica.com\/es\/wp-json\/wp\/v2\/media?parent=1110970"}],"wp:term":[{"taxonomy":"category","embeddable":true,"href":"https:\/\/dimensionturistica.com\/es\/wp-json\/wp\/v2\/categories?post=1110970"},{"taxonomy":"post_tag","embeddable":true,"href":"https:\/\/dimensionturistica.com\/es\/wp-json\/wp\/v2\/tags?post=1110970"}],"curies":[{"name":"wp","href":"https:\/\/api.w.org\/{rel}","templated":true}]}}