{"id":1110954,"date":"2026-02-12T19:20:01","date_gmt":"2026-02-12T19:20:01","guid":{"rendered":"https:\/\/dimensionturistica.com\/es\/?p=1110954"},"modified":"2026-02-12T19:20:01","modified_gmt":"2026-02-12T19:20:01","slug":"monica-ortiz-asume-el-cargo-de-directora-general-de-rosewood-san-miguel-de-allende","status":"publish","type":"post","link":"https:\/\/dimensionturistica.com\/es\/monica-ortiz-asume-el-cargo-de-directora-general-de-rosewood-san-miguel-de-allende\/","title":{"rendered":"\u00a0M\u00f3nica Ortiz asume el cargo de Directora General de Rosewood San Miguel de Allende"},"content":{"rendered":"\n<figure class=\"wp-block-gallery has-nested-images columns-default is-cropped wp-block-gallery-1 is-layout-flex wp-block-gallery-is-layout-flex\">\n<figure class=\"wp-block-image size-large\"><img decoding=\"async\" width=\"400\" height=\"126\" data-id=\"1110956\" src=\"https:\/\/dimensionturistica.com\/es\/wp-content\/uploads\/2026\/02\/34HOTEL.jpg\" alt=\"\" class=\"wp-image-1110956\" srcset=\"https:\/\/dimensionturistica.com\/es\/wp-content\/uploads\/2026\/02\/34HOTEL.jpg 400w, https:\/\/dimensionturistica.com\/es\/wp-content\/uploads\/2026\/02\/34HOTEL-300x95.jpg 300w\" sizes=\"(max-width: 400px) 100vw, 400px\" \/><\/figure>\n<\/figure>\n\n\n\n<p>Con m\u00e1s de dos d\u00e9cadas de experiencia en hospitalidad de lujo internacional, M\u00f3nica Ortiz se incorpora a Rosewood San Miguel de Allende como Directora General. Su liderazgo se distingue por un enfoque integral que equilibra excelencia operativa con una visi\u00f3n humana y estrat\u00e9gica, desarrollo de talento y resultados financieros sostenibles.<\/p>\n\n\n\n<p>Originaria de la Ciudad de M\u00e9xico, M\u00f3nica es egresada de la Universidad La Salle Canc\u00fan, donde obtuvo la Licenciatura en Administraci\u00f3n de Empresas y fue reconocida con la medalla de excelencia acad\u00e9mica. Adem\u00e1s, recibi\u00f3 una certificaci\u00f3n en Liderazgo de Alto Desempe\u00f1o por Cornell University. Desde los inicios de su carrera, ha demostrado una pasi\u00f3n por el servicio y el desarrollo de talento que hoy definen su estilo de liderazgo.<\/p>\n\n\n\n<figure class=\"wp-block-gallery has-nested-images columns-default is-cropped wp-block-gallery-2 is-layout-flex wp-block-gallery-is-layout-flex\">\n<figure class=\"wp-block-image size-large\"><img decoding=\"async\" width=\"500\" height=\"758\" data-id=\"1110957\" src=\"https:\/\/dimensionturistica.com\/es\/wp-content\/uploads\/2026\/02\/HOTEL-1.jpg\" alt=\"\" class=\"wp-image-1110957\" srcset=\"https:\/\/dimensionturistica.com\/es\/wp-content\/uploads\/2026\/02\/HOTEL-1.jpg 500w, https:\/\/dimensionturistica.com\/es\/wp-content\/uploads\/2026\/02\/HOTEL-1-198x300.jpg 198w\" sizes=\"(max-width: 500px) 100vw, 500px\" \/><\/figure>\n<\/figure>\n\n\n\n<p>A lo largo de su trayectoria, ha consolidado su experiencia en algunas de las cadenas hoteleras m\u00e1s prestigiosas del mundo, incluyendo The Ritz-Carlton y One&amp;Only Resorts en roles que le permitieron desarrollarse tanto en \u00e1reas operativas y administrativas como en servicio directo al hu\u00e9sped, siempre alineada con las estrategias del hotel. Esta formaci\u00f3n integral se enriqueci\u00f3 con asignaciones internacionales en destinos como Sud\u00e1frica, Estados Unidos, Maldivas, Islas Mauricio, Bahamas y su pa\u00eds natal M\u00e9xico participando en equipos de apertura, proyectos especiales y manejo de los hoteles.<\/p>\n\n\n\n<p>En 2013 se uni\u00f3 a Rosewood Hotels &amp; Resorts, evolucionando desde Rosewood Mayakoba hasta asumir la Direcci\u00f3n General de Rosewood Baha Mar en Las Bahamas, donde lider\u00f3 equipos multiculturales y dirigi\u00f3 la operaci\u00f3n integral del resort, logrando objetivos financieros mientras implementaba iniciativas de sustentabilidad y desarrollo de colaboradores.<\/p>\n\n\n\n<figure class=\"wp-block-gallery has-nested-images columns-default is-cropped wp-block-gallery-3 is-layout-flex wp-block-gallery-is-layout-flex\">\n<figure class=\"wp-block-image size-large\"><img decoding=\"async\" width=\"500\" height=\"279\" data-id=\"1110958\" src=\"https:\/\/dimensionturistica.com\/es\/wp-content\/uploads\/2026\/02\/3HOTEL.jpg\" alt=\"\" class=\"wp-image-1110958\" srcset=\"https:\/\/dimensionturistica.com\/es\/wp-content\/uploads\/2026\/02\/3HOTEL.jpg 500w, https:\/\/dimensionturistica.com\/es\/wp-content\/uploads\/2026\/02\/3HOTEL-300x167.jpg 300w\" sizes=\"(max-width: 500px) 100vw, 500px\" \/><\/figure>\n<\/figure>\n\n\n\n<p>Su regreso a M\u00e9xico para liderar Rosewood San Miguel de Allende representa la convergencia de su experiencia global con su profundo conocimiento del mercado nacional. M\u00f3nica forma parte de una generaci\u00f3n de l\u00edderes que contin\u00faa elevando los est\u00e1ndares de la hospitalidad, demostrando que la excelencia en el servicio y el desarrollo humano son inseparables en la creaci\u00f3n de experiencias memorables.<\/p>\n\n\n\n<p>La filosof\u00eda de liderazgo de M\u00f3nica se fundamenta en el desarrollo del talento como motor de excelencia. M\u00f3nica entiende que el desempe\u00f1o financiero del hotel se fortalece cuando existen equipos empoderados, hu\u00e9spedes satisfechos y operaciones eficientes. Esta visi\u00f3n, combinada con su compromiso por la autenticidad y la conexi\u00f3n comunitaria, define su aproximaci\u00f3n al lujo.<\/p>\n\n\n\n<p>Con una perspectiva global y un profundo compromiso con M\u00e9xico, M\u00f3nica Ortiz continuar\u00e1 fortaleciendo la presencia de Rosewood San Miguel de Allende en el pa\u00eds.<\/p>\n","protected":false},"excerpt":{"rendered":"<p>Con m\u00e1s de dos d\u00e9cadas de experiencia en hospitalidad de lujo internacional, M\u00f3nica Ortiz se incorpora a Rosewood San Miguel de Allende como Directora General. Su liderazgo se distingue por un enfoque integral que equilibra excelencia operativa con una visi\u00f3n humana y estrat\u00e9gica, desarrollo de talento y resultados financieros sostenibles. Originaria de la Ciudad de [&hellip;]<\/p>\n","protected":false},"author":1,"featured_media":0,"comment_status":"open","ping_status":"closed","sticky":false,"template":"","format":"standard","meta":{"om_disable_all_campaigns":false,"jnews-multi-image_gallery":[],"jnews_single_post":[],"jnews_primary_category":[],"jnews_social_meta":[],"footnotes":""},"categories":[39],"tags":[],"class_list":["post-1110954","post","type-post","status-publish","format-standard","hentry","category-viajes"],"_links":{"self":[{"href":"https:\/\/dimensionturistica.com\/es\/wp-json\/wp\/v2\/posts\/1110954","targetHints":{"allow":["GET"]}}],"collection":[{"href":"https:\/\/dimensionturistica.com\/es\/wp-json\/wp\/v2\/posts"}],"about":[{"href":"https:\/\/dimensionturistica.com\/es\/wp-json\/wp\/v2\/types\/post"}],"author":[{"embeddable":true,"href":"https:\/\/dimensionturistica.com\/es\/wp-json\/wp\/v2\/users\/1"}],"replies":[{"embeddable":true,"href":"https:\/\/dimensionturistica.com\/es\/wp-json\/wp\/v2\/comments?post=1110954"}],"version-history":[{"count":1,"href":"https:\/\/dimensionturistica.com\/es\/wp-json\/wp\/v2\/posts\/1110954\/revisions"}],"predecessor-version":[{"id":1110959,"href":"https:\/\/dimensionturistica.com\/es\/wp-json\/wp\/v2\/posts\/1110954\/revisions\/1110959"}],"wp:attachment":[{"href":"https:\/\/dimensionturistica.com\/es\/wp-json\/wp\/v2\/media?parent=1110954"}],"wp:term":[{"taxonomy":"category","embeddable":true,"href":"https:\/\/dimensionturistica.com\/es\/wp-json\/wp\/v2\/categories?post=1110954"},{"taxonomy":"post_tag","embeddable":true,"href":"https:\/\/dimensionturistica.com\/es\/wp-json\/wp\/v2\/tags?post=1110954"}],"curies":[{"name":"wp","href":"https:\/\/api.w.org\/{rel}","templated":true}]}}