{"id":1110925,"date":"2026-02-12T18:15:44","date_gmt":"2026-02-12T18:15:44","guid":{"rendered":"https:\/\/dimensionturistica.com\/es\/?p=1110925"},"modified":"2026-02-12T18:15:44","modified_gmt":"2026-02-12T18:15:44","slug":"regala-las-mejores-soluciones-de-panasonic-para-el-mejor-cuidado-personal-masculino-en-san-valentin","status":"publish","type":"post","link":"https:\/\/dimensionturistica.com\/es\/regala-las-mejores-soluciones-de-panasonic-para-el-mejor-cuidado-personal-masculino-en-san-valentin\/","title":{"rendered":"Regala las mejores soluciones de Panasonic para el mejor cuidado personal masculino en San Valent\u00edn"},"content":{"rendered":"\n<figure class=\"wp-block-gallery has-nested-images columns-default is-cropped wp-block-gallery-1 is-layout-flex wp-block-gallery-is-layout-flex\">\n<figure class=\"wp-block-image size-large\"><img decoding=\"async\" width=\"500\" height=\"276\" data-id=\"1110926\" src=\"https:\/\/dimensionturistica.com\/es\/wp-content\/uploads\/2026\/02\/1PANA.jpg\" alt=\"\" class=\"wp-image-1110926\" srcset=\"https:\/\/dimensionturistica.com\/es\/wp-content\/uploads\/2026\/02\/1PANA.jpg 500w, https:\/\/dimensionturistica.com\/es\/wp-content\/uploads\/2026\/02\/1PANA-300x166.jpg 300w\" sizes=\"(max-width: 500px) 100vw, 500px\" \/><\/figure>\n<\/figure>\n\n\n\n<p>Novios pr\u00e1cticos, deportistas, vanidosos, sea como sea tu pareja a la hora del cuidado personal, Panasonic, te muestra algunas recomendaciones que transformar\u00e1n este San Valent\u00edn en una experiencia \u00fanica e inolvidable.<\/p>\n\n\n\n<p>ES-LT2B Rasuradora resistente al agua: Para una rasurada personalizado seg\u00fan los contornos faciales, el grosor y la densidad de la barba, la ES-LT2B utiliza una tecnolog\u00eda de sensor de barba sensible. Esto aumenta la potencia donde el crecimiento de la barba es abundante y la reduce en otras \u00e1reas para evitar la irritaci\u00f3n de la piel, garantizar una rasurada uniforme y deshacerse de la barba incipiente. Ofrece un dise\u00f1o ergon\u00f3mico que hace que sea f\u00e1cil de agarrar con una apariencia minimalista que combina con cualquier espacio de ba\u00f1o.<\/p>\n\n\n\n<figure class=\"wp-block-gallery has-nested-images columns-default is-cropped wp-block-gallery-2 is-layout-flex wp-block-gallery-is-layout-flex\">\n<figure class=\"wp-block-image size-large\"><img decoding=\"async\" width=\"500\" height=\"375\" data-id=\"1110927\" src=\"https:\/\/dimensionturistica.com\/es\/wp-content\/uploads\/2026\/02\/2PANA.jpg\" alt=\"\" class=\"wp-image-1110927\" srcset=\"https:\/\/dimensionturistica.com\/es\/wp-content\/uploads\/2026\/02\/2PANA.jpg 500w, https:\/\/dimensionturistica.com\/es\/wp-content\/uploads\/2026\/02\/2PANA-300x225.jpg 300w\" sizes=\"(max-width: 500px) 100vw, 500px\" \/><\/figure>\n<\/figure>\n\n\n\n<p>ES-LL41 Afeitadora h\u00edbrida con motor potente: Esta afeitadora 3 en 1 te permite recortar, afeitar y perfilar contornos. Es de triple hoja y te permite disfrutar de un afeitado potente y r\u00e1pido que no irrita la piel. Para arreglar las patillas y perfilar los contornos, dispone de un pr\u00e1ctico recortador desplegable en la parte trasera. Tambi\u00e9n incluye dos accesorios que te permiten establecer la longitud de corte con 7 niveles en total para cortar tu barba f\u00e1cilmente con una longitud uniforme.<\/p>\n\n\n\n<p>ER-GB42 Rasuradora para un moldeado f\u00e1cil en casa: Este modelo es f\u00e1cil de usar para lograr el estilo que buscas. El sistema de cuchillas de precisi\u00f3n corta el vello de forma limpia y sencilla con cuchillas ultra afiladas e hipoalerg\u00e9nicas, y cuenta con un peine de ajuste a presi\u00f3n que levanta el vello rebelde y facilita su corte. Se ajusta r\u00e1pidamente entre 19 ajustes individuales para darte el largo de vello que deseas.<\/p>\n\n\n\n<figure class=\"wp-block-gallery has-nested-images columns-default is-cropped wp-block-gallery-3 is-layout-flex wp-block-gallery-is-layout-flex\">\n<figure class=\"wp-block-image size-large\"><img decoding=\"async\" width=\"500\" height=\"404\" data-id=\"1110928\" src=\"https:\/\/dimensionturistica.com\/es\/wp-content\/uploads\/2026\/02\/4PANA.jpg\" alt=\"\" class=\"wp-image-1110928\" srcset=\"https:\/\/dimensionturistica.com\/es\/wp-content\/uploads\/2026\/02\/4PANA.jpg 500w, https:\/\/dimensionturistica.com\/es\/wp-content\/uploads\/2026\/02\/4PANA-300x242.jpg 300w\" sizes=\"(max-width: 500px) 100vw, 500px\" \/><\/figure>\n<\/figure>\n\n\n\n<p>ER-GC51-K581 rasuradora para tener un acabado preciso: Con esta rasuradora tendr\u00e1s un corte preciso gracias a la hoja de 45\u00ba Las resistentes hojas de acero inoxidable con un borde en \u00e1ngulo de 45\u00b0 permiten un corte de alta precisi\u00f3n. Con sus bordes afilados, estas hojas permiten cortar r\u00e1pidamente hasta el vello m\u00e1s grueso y duro. Tiene un dise\u00f1o y estilo creativos para el pelo y la barba. Cambia de complementos y de ajustes para cambiar tu aspecto. Dec\u00eddete por un aspecto elegante o por un estilo m\u00e1s desali\u00f1ado e informal.<\/p>\n\n\n\n<figure class=\"wp-block-gallery has-nested-images columns-default is-cropped wp-block-gallery-4 is-layout-flex wp-block-gallery-is-layout-flex\">\n<figure class=\"wp-block-image size-large\"><img decoding=\"async\" width=\"560\" height=\"453\" data-id=\"1110929\" src=\"https:\/\/dimensionturistica.com\/es\/wp-content\/uploads\/2026\/02\/8PANA.jpg\" alt=\"\" class=\"wp-image-1110929\" srcset=\"https:\/\/dimensionturistica.com\/es\/wp-content\/uploads\/2026\/02\/8PANA.jpg 560w, https:\/\/dimensionturistica.com\/es\/wp-content\/uploads\/2026\/02\/8PANA-300x243.jpg 300w\" sizes=\"(max-width: 560px) 100vw, 560px\" \/><\/figure>\n<\/figure>\n\n\n\n<p>ER224S rasuradora para tener un estilo elegante: Es una opci\u00f3n excelente para quienes buscan un producto de calidad, vers\u00e1til y sencillo de manejar. Est\u00e1 equipada con 14 posiciones de longitud, esta recortadora te ofrece la posibilidad de personalizar el corte a tus preferencias. Incluye un peine para un acabado preciso y uniforme. Su funci\u00f3n lavable facilita la limpieza, ayudando a mantener la higiene y extender la vida \u00fatil del aparato.<\/p>\n\n\n\n<figure class=\"wp-block-gallery has-nested-images columns-default is-cropped wp-block-gallery-5 is-layout-flex wp-block-gallery-is-layout-flex\">\n<figure class=\"wp-block-image size-large\"><img decoding=\"async\" width=\"500\" height=\"404\" data-id=\"1110930\" src=\"https:\/\/dimensionturistica.com\/es\/wp-content\/uploads\/2026\/02\/5PANA.jpg\" alt=\"\" class=\"wp-image-1110930\" srcset=\"https:\/\/dimensionturistica.com\/es\/wp-content\/uploads\/2026\/02\/5PANA.jpg 500w, https:\/\/dimensionturistica.com\/es\/wp-content\/uploads\/2026\/02\/5PANA-300x242.jpg 300w\" sizes=\"(max-width: 500px) 100vw, 500px\" \/><\/figure>\n<\/figure>\n\n\n\n<p>Sorprende a tu pareja en este San Valent\u00edn con los mejores regalos tecnol\u00f3gicos y de cuidado personal de Panasonic.<\/p>\n\n\n\n<p>Para saber m\u00e1s sobre los productos y soluciones de Panasonic visita www.panasonic.com\/mx. S\u00edguenos tambi\u00e9n en nuestras redes sociales: Facebook PanasonicMx\/ X @vivepanasonic\/ Instagram panasonicmexico\/ YouTube Panasonic M\u00e9xico<\/p>\n","protected":false},"excerpt":{"rendered":"<p>Novios pr\u00e1cticos, deportistas, vanidosos, sea como sea tu pareja a la hora del cuidado personal, Panasonic, te muestra algunas recomendaciones que transformar\u00e1n este San Valent\u00edn en una experiencia \u00fanica e inolvidable. ES-LT2B Rasuradora resistente al agua: Para una rasurada personalizado seg\u00fan los contornos faciales, el grosor y la densidad de la barba, la ES-LT2B utiliza [&hellip;]<\/p>\n","protected":false},"author":1,"featured_media":0,"comment_status":"open","ping_status":"closed","sticky":false,"template":"","format":"standard","meta":{"om_disable_all_campaigns":false,"jnews-multi-image_gallery":[],"jnews_single_post":[],"jnews_primary_category":[],"jnews_social_meta":[],"footnotes":""},"categories":[144872],"tags":[],"class_list":["post-1110925","post","type-post","status-publish","format-standard","hentry","category-fashion"],"_links":{"self":[{"href":"https:\/\/dimensionturistica.com\/es\/wp-json\/wp\/v2\/posts\/1110925","targetHints":{"allow":["GET"]}}],"collection":[{"href":"https:\/\/dimensionturistica.com\/es\/wp-json\/wp\/v2\/posts"}],"about":[{"href":"https:\/\/dimensionturistica.com\/es\/wp-json\/wp\/v2\/types\/post"}],"author":[{"embeddable":true,"href":"https:\/\/dimensionturistica.com\/es\/wp-json\/wp\/v2\/users\/1"}],"replies":[{"embeddable":true,"href":"https:\/\/dimensionturistica.com\/es\/wp-json\/wp\/v2\/comments?post=1110925"}],"version-history":[{"count":2,"href":"https:\/\/dimensionturistica.com\/es\/wp-json\/wp\/v2\/posts\/1110925\/revisions"}],"predecessor-version":[{"id":1110935,"href":"https:\/\/dimensionturistica.com\/es\/wp-json\/wp\/v2\/posts\/1110925\/revisions\/1110935"}],"wp:attachment":[{"href":"https:\/\/dimensionturistica.com\/es\/wp-json\/wp\/v2\/media?parent=1110925"}],"wp:term":[{"taxonomy":"category","embeddable":true,"href":"https:\/\/dimensionturistica.com\/es\/wp-json\/wp\/v2\/categories?post=1110925"},{"taxonomy":"post_tag","embeddable":true,"href":"https:\/\/dimensionturistica.com\/es\/wp-json\/wp\/v2\/tags?post=1110925"}],"curies":[{"name":"wp","href":"https:\/\/api.w.org\/{rel}","templated":true}]}}