{"id":1110909,"date":"2026-02-12T18:00:23","date_gmt":"2026-02-12T18:00:23","guid":{"rendered":"https:\/\/dimensionturistica.com\/es\/?p=1110909"},"modified":"2026-02-12T18:00:23","modified_gmt":"2026-02-12T18:00:23","slug":"amor-amistad-y-una-marca-con-corazon","status":"publish","type":"post","link":"https:\/\/dimensionturistica.com\/es\/amor-amistad-y-una-marca-con-corazon\/","title":{"rendered":"Amor, amistad y una marca con coraz\u00f3n"},"content":{"rendered":"\n<figure class=\"wp-block-gallery has-nested-images columns-default is-cropped wp-block-gallery-1 is-layout-flex wp-block-gallery-is-layout-flex\">\n<figure class=\"wp-block-image size-large\"><img decoding=\"async\" width=\"474\" height=\"80\" data-id=\"1110910\" src=\"https:\/\/dimensionturistica.com\/es\/wp-content\/uploads\/2026\/02\/HLANDA.jpg\" alt=\"\" class=\"wp-image-1110910\" srcset=\"https:\/\/dimensionturistica.com\/es\/wp-content\/uploads\/2026\/02\/HLANDA.jpg 474w, https:\/\/dimensionturistica.com\/es\/wp-content\/uploads\/2026\/02\/HLANDA-300x51.jpg 300w\" sizes=\"(max-width: 474px) 100vw, 474px\" \/><\/figure>\n<\/figure>\n\n\n\n<p><strong>Por: Esther Rocha, directora de Mercadotecnia y Medios en The Magnum Ice Cream Company M\u00e9xico<\/strong><\/p>\n\n\n\n<p>Hay fechas que nos invitan a hacer una pausa y mirar hacia lo esencial. El D\u00eda del Amor y la Amistad es una de ellas: un recordatorio de que las relaciones humanas, con sus complicidades, risas compartidas y peque\u00f1os gestos cotidianos, son las que dan verdadero sentido a nuestra vida.Desde mi experiencia en The Magnum Ice Cream Company, esta fecha tambi\u00e9n es una oportunidad para reafirmar una convicci\u00f3n profunda: los grandes productos, al igual que las memorias que perduran, se construyen a partir de la confianza, la cercan\u00eda y el trabajo en equipo. Nada verdaderamente significativo sucede en solitario.<\/p>\n\n\n\n<p>Pensar en este d\u00eda inevitablemente nos lleva a reflexionar sobre las conexiones que cultivamos, ya sea con nuestros seres queridos, colegas o con nuestros consumidores. En Helados Holanda, cada paleta, cada innovaci\u00f3n y cada campa\u00f1a nacen de escuchar, aprender y crear en conjunto. As\u00ed como un helado puede reunir a amigos alrededor de una mesa o acompa\u00f1ar una caminata improvisada, la colaboraci\u00f3n y el respeto mutuo son los ingredientes que unen a los equipos detr\u00e1s de cada experiencia.<\/p>\n\n\n\n<p>Ese esp\u00edritu se vive todos los d\u00edas en nuestra forma de trabajar. Cada proyecto surge del di\u00e1logo abierto, de la escucha activa y de la suma de talentos diversos que comparten un mismo prop\u00f3sito. Cuando distintas ideas se encuentran en un entorno de confianza, el resultado va m\u00e1s all\u00e1 de un buen producto: se construye un equipo m\u00e1s fuerte, capaz de conectar aut\u00e9nticamente con las personas.<\/p>\n\n\n\n<figure class=\"wp-block-gallery has-nested-images columns-default is-cropped wp-block-gallery-2 is-layout-flex wp-block-gallery-is-layout-flex\">\n<figure class=\"wp-block-image size-large\"><img decoding=\"async\" width=\"500\" height=\"751\" data-id=\"1110911\" src=\"https:\/\/dimensionturistica.com\/es\/wp-content\/uploads\/2026\/02\/3HOLANDA.jpg\" alt=\"\" class=\"wp-image-1110911\" srcset=\"https:\/\/dimensionturistica.com\/es\/wp-content\/uploads\/2026\/02\/3HOLANDA.jpg 500w, https:\/\/dimensionturistica.com\/es\/wp-content\/uploads\/2026\/02\/3HOLANDA-200x300.jpg 200w\" sizes=\"(max-width: 500px) 100vw, 500px\" \/><\/figure>\n<\/figure>\n\n\n\n<p>Porque al final, eso es lo que hacemos: transformamos momentos cotidianos en memorias que perduran. Un cono compartido, una paleta despu\u00e9s de un d\u00eda largo, una sobremesa que se alarga con risas. Son instantes simples que, con el tiempo, se vuelven recuerdos valiosos. Y es justamente ah\u00ed donde la vida sabe mejor con helado.<\/p>\n\n\n\n<p>Por ello, este d\u00eda de San Valent\u00edn quiero hacer una invitaci\u00f3n. M\u00e1s all\u00e1 de los regalos o las celebraciones tradicionales, tom\u00e9monos el tiempo para agradecer a quienes hacen nuestro camino m\u00e1s rico y significativo. Fortalezcamos lazos, reconozcamos el esfuerzo colectivo y sigamos construyendo espacios donde la empat\u00eda, la creatividad y el apoyo mutuo formen parte de nuestra manera de trabajar y de vivir.<\/p>\n\n\n\n<figure class=\"wp-block-gallery has-nested-images columns-default is-cropped wp-block-gallery-3 is-layout-flex wp-block-gallery-is-layout-flex\">\n<figure class=\"wp-block-image size-large\"><img decoding=\"async\" width=\"500\" height=\"508\" data-id=\"1110912\" src=\"https:\/\/dimensionturistica.com\/es\/wp-content\/uploads\/2026\/02\/1HOLANDA.jpg\" alt=\"\" class=\"wp-image-1110912\" srcset=\"https:\/\/dimensionturistica.com\/es\/wp-content\/uploads\/2026\/02\/1HOLANDA.jpg 500w, https:\/\/dimensionturistica.com\/es\/wp-content\/uploads\/2026\/02\/1HOLANDA-295x300.jpg 295w, https:\/\/dimensionturistica.com\/es\/wp-content\/uploads\/2026\/02\/1HOLANDA-75x75.jpg 75w\" sizes=\"(max-width: 500px) 100vw, 500px\" \/><\/figure>\n<\/figure>\n\n\n\n<p>Al final del d\u00eda, las grandes marcas, como los grandes v\u00ednculos humanos, se sostienen sobre la confianza, el respeto y la cercan\u00eda. Son esos valores los que dan profundidad a lo que hacemos y sentido a cada paso que damos.<\/p>\n\n\n\n<p>\u00a1Feliz D\u00eda del Amor y la Amistad! \u200b<\/p>\n","protected":false},"excerpt":{"rendered":"<p>Por: Esther Rocha, directora de Mercadotecnia y Medios en The Magnum Ice Cream Company M\u00e9xico Hay fechas que nos invitan a hacer una pausa y mirar hacia lo esencial. El D\u00eda del Amor y la Amistad es una de ellas: un recordatorio de que las relaciones humanas, con sus complicidades, risas compartidas y peque\u00f1os gestos [&hellip;]<\/p>\n","protected":false},"author":1,"featured_media":0,"comment_status":"open","ping_status":"closed","sticky":false,"template":"","format":"standard","meta":{"om_disable_all_campaigns":false,"jnews-multi-image_gallery":[],"jnews_single_post":[],"jnews_primary_category":[],"jnews_social_meta":[],"footnotes":""},"categories":[144872],"tags":[],"class_list":["post-1110909","post","type-post","status-publish","format-standard","hentry","category-fashion"],"_links":{"self":[{"href":"https:\/\/dimensionturistica.com\/es\/wp-json\/wp\/v2\/posts\/1110909","targetHints":{"allow":["GET"]}}],"collection":[{"href":"https:\/\/dimensionturistica.com\/es\/wp-json\/wp\/v2\/posts"}],"about":[{"href":"https:\/\/dimensionturistica.com\/es\/wp-json\/wp\/v2\/types\/post"}],"author":[{"embeddable":true,"href":"https:\/\/dimensionturistica.com\/es\/wp-json\/wp\/v2\/users\/1"}],"replies":[{"embeddable":true,"href":"https:\/\/dimensionturistica.com\/es\/wp-json\/wp\/v2\/comments?post=1110909"}],"version-history":[{"count":1,"href":"https:\/\/dimensionturistica.com\/es\/wp-json\/wp\/v2\/posts\/1110909\/revisions"}],"predecessor-version":[{"id":1110913,"href":"https:\/\/dimensionturistica.com\/es\/wp-json\/wp\/v2\/posts\/1110909\/revisions\/1110913"}],"wp:attachment":[{"href":"https:\/\/dimensionturistica.com\/es\/wp-json\/wp\/v2\/media?parent=1110909"}],"wp:term":[{"taxonomy":"category","embeddable":true,"href":"https:\/\/dimensionturistica.com\/es\/wp-json\/wp\/v2\/categories?post=1110909"},{"taxonomy":"post_tag","embeddable":true,"href":"https:\/\/dimensionturistica.com\/es\/wp-json\/wp\/v2\/tags?post=1110909"}],"curies":[{"name":"wp","href":"https:\/\/api.w.org\/{rel}","templated":true}]}}