{"id":1110794,"date":"2026-02-12T13:21:05","date_gmt":"2026-02-12T13:21:05","guid":{"rendered":"https:\/\/dimensionturistica.com\/es\/?p=1110794"},"modified":"2026-02-12T13:21:05","modified_gmt":"2026-02-12T13:21:05","slug":"abav-congrega-al-sector-turistico-brasileno-en-fitur-y-fortalece-su-visibilidad-internacional","status":"publish","type":"post","link":"https:\/\/dimensionturistica.com\/es\/abav-congrega-al-sector-turistico-brasileno-en-fitur-y-fortalece-su-visibilidad-internacional\/","title":{"rendered":"ABAV congrega al sector tur\u00edstico brasile\u00f1o en FITUR y fortalece su visibilidad internacional."},"content":{"rendered":"<h3>Brasil: Un Destino Tur\u00edstico en Ascenso en el Escenario Global<\/h3>\n<p>En el vibrante coraz\u00f3n del turismo internacional, el Brasil se ha presentado con fuerza, marcando su presencia en eventos clave y reforzando su proyecci\u00f3n global. Durante la reciente Feria Internacional de Turismo (Fitur), el pa\u00eds sudamericano se destac\u00f3 por su enfoque renovado hacia la promoci\u00f3n de su vasta oferta tur\u00edstica, que abarca desde playas paradis\u00edacas hasta una rica biodiversidad y cultura vibrante.<\/p>\n<p>La Asociaci\u00f3n de Agentes de Viajes de Brasil (ABAV) tuvo un papel esencial en este esfuerzo, organizando encuentros estrat\u00e9gicos que re\u00fanen a los principales actores del sector tur\u00edstico. Estas iniciativas no solo buscan fomentar el intercambio de ideas, sino tambi\u00e9n establecer v\u00ednculos comerciales que potencien el turismo en el pa\u00eds. En un entorno donde la competencia es feroz, Brasil ha identificado la necesidad de innovar y adaptarse a las nuevas tendencias del viajero moderno, quien cada vez m\u00e1s busca experiencias aut\u00e9nticas y memorables.<\/p>\n<p>Uno de los aspectos m\u00e1s atractivos de Brasil es su diversidad cultural y geogr\u00e1fica. Desde la exuberante selva amaz\u00f3nica hasta las vibrantes festividades del Carnaval, el pa\u00eds ofrece un sinf\u00edn de oportunidades para explorar. Las conversaciones en Fitur tambi\u00e9n giraron en torno a destinos menos conocidos, como los encantadores pueblos coloniales y las rutas ecol\u00f3gicas que invitan a los turistas a conectar con la naturaleza y la historia.<\/p>\n<p>Adem\u00e1s, la sostenibilidad se ha convertido en un pilar fundamental en la propuesta tur\u00edstica de Brasil. Los expertos en turismo que participaron en la feria discutieron c\u00f3mo el sector puede trabajar de la mano con las comunidades locales para promover un turismo responsable que beneficie tanto a los visitantes como a los residentes. Este enfoque no solo resuena con los viajeros conscientes de su impacto ambiental, sino que tambi\u00e9n sit\u00faa a Brasil como un l\u00edder en las pr\u00e1cticas de turismo sostenible en Am\u00e9rica Latina.<\/p>\n<p>El evento tambi\u00e9n destac\u00f3 la importancia de la digitalizaci\u00f3n en la industria tur\u00edstica. A medida que los turistas se vuelven m\u00e1s tecnol\u00f3gicos, las plataformas en l\u00ednea y las redes sociales juegan un papel crucial en la planificaci\u00f3n y la experiencia de viaje. La ABAV est\u00e1 comprometida en proporcionar capacitaci\u00f3n y recursos a los agentes de viaje para que se mantengan al d\u00eda con las herramientas digitales que pueden hacer que la experiencia del viajero sea a\u00fan m\u00e1s fluida y satisfactoria.<\/p>\n<p>Brasil, con su calidez y hospitalidad caracter\u00edsticas, est\u00e1 preparado para recibir a un n\u00famero creciente de turistas internacionales, mostrando al mundo que es un destino vers\u00e1til y atractivo. Con la estrategia correcta y un enfoque en el desarrollo sostenible, el pa\u00eds tiene todas las cartas para convertirse en un referente tur\u00edstico en el escenario global. <\/p>\n<p>La participaci\u00f3n activa de la ABAV en eventos internacionales como Fitur no solo apunta a solidificar la imagen de Brasil como un destino de calidad, sino tambi\u00e9n a expandir sus horizontes. A medida que el mundo comienza a explorar nuevamente, Brasil invita a todos a disfrutar de su magia, con la promesa de experiencias \u00fanicas que dejar\u00e1n huella en la memoria de cada viajero. <\/p>\n<p>En resumen, Brasil est\u00e1 listo para un renacimiento en su oferta tur\u00edstica, con un enfoque claro en la sostenibilidad, la innovaci\u00f3n y la autenticidad, posicion\u00e1ndose como un destino de primera l\u00ednea para los aventureros y amantes de la cultura de todo el mundo.<\/p>\n<p><em> &#8221; Sources www.caribbeannewsdigital.com &#8221; <\/em><\/p>\n","protected":false},"excerpt":{"rendered":"<p>Brasil: Un Destino Tur\u00edstico en Ascenso en el Escenario Global En el vibrante coraz\u00f3n del turismo internacional, el Brasil se ha presentado con fuerza, marcando su presencia en eventos clave y reforzando su proyecci\u00f3n global. Durante la reciente Feria Internacional de Turismo (Fitur), el pa\u00eds sudamericano se destac\u00f3 por su enfoque renovado hacia la promoci\u00f3n [&hellip;]<\/p>\n","protected":false},"author":4,"featured_media":1110795,"comment_status":"open","ping_status":"closed","sticky":false,"template":"","format":"standard","meta":{"om_disable_all_campaigns":false,"jnews-multi-image_gallery":[],"jnews_single_post":[],"jnews_primary_category":[],"jnews_social_meta":[],"footnotes":""},"categories":[40],"tags":[18560,35985,58822,5694,511,81944,45589,4593,39514,82288,58823,3067,254471,4020,544],"class_list":["post-1110794","post","type-post","status-publish","format-standard","has-post-thumbnail","hentry","category-industria","tag-abav","tag-brasileno","tag-caribbean-news-digital","tag-cnd","tag-conferencia","tag-eventos-turisticos","tag-excelencias","tag-fitur","tag-grupo-excelencias","tag-networking","tag-periodico-electronico","tag-promocion-turistica","tag-proyeccion-global","tag-sector-turistico","tag-turismo"],"_links":{"self":[{"href":"https:\/\/dimensionturistica.com\/es\/wp-json\/wp\/v2\/posts\/1110794","targetHints":{"allow":["GET"]}}],"collection":[{"href":"https:\/\/dimensionturistica.com\/es\/wp-json\/wp\/v2\/posts"}],"about":[{"href":"https:\/\/dimensionturistica.com\/es\/wp-json\/wp\/v2\/types\/post"}],"author":[{"embeddable":true,"href":"https:\/\/dimensionturistica.com\/es\/wp-json\/wp\/v2\/users\/4"}],"replies":[{"embeddable":true,"href":"https:\/\/dimensionturistica.com\/es\/wp-json\/wp\/v2\/comments?post=1110794"}],"version-history":[{"count":1,"href":"https:\/\/dimensionturistica.com\/es\/wp-json\/wp\/v2\/posts\/1110794\/revisions"}],"predecessor-version":[{"id":1110796,"href":"https:\/\/dimensionturistica.com\/es\/wp-json\/wp\/v2\/posts\/1110794\/revisions\/1110796"}],"wp:featuredmedia":[{"embeddable":true,"href":"https:\/\/dimensionturistica.com\/es\/wp-json\/wp\/v2\/media\/1110795"}],"wp:attachment":[{"href":"https:\/\/dimensionturistica.com\/es\/wp-json\/wp\/v2\/media?parent=1110794"}],"wp:term":[{"taxonomy":"category","embeddable":true,"href":"https:\/\/dimensionturistica.com\/es\/wp-json\/wp\/v2\/categories?post=1110794"},{"taxonomy":"post_tag","embeddable":true,"href":"https:\/\/dimensionturistica.com\/es\/wp-json\/wp\/v2\/tags?post=1110794"}],"curies":[{"name":"wp","href":"https:\/\/api.w.org\/{rel}","templated":true}]}}