{"id":1110625,"date":"2026-02-12T03:32:32","date_gmt":"2026-02-12T03:32:32","guid":{"rendered":"https:\/\/dimensionturistica.com\/es\/?p=1110625"},"modified":"2026-02-12T03:32:32","modified_gmt":"2026-02-12T03:32:32","slug":"ibiza-vibrara-con-el-espiritu-de-las-fallas-y-una-mascleta-junto-al-mar","status":"publish","type":"post","link":"https:\/\/dimensionturistica.com\/es\/ibiza-vibrara-con-el-espiritu-de-las-fallas-y-una-mascleta-junto-al-mar\/","title":{"rendered":"Ibiza vibrar\u00e1 con el esp\u00edritu de las Fallas y una masclet\u00e0 junto al mar."},"content":{"rendered":"<h3>Celebrando las Fallas en el Mar: Una Experiencia \u00danica en Ibiza<\/h3>\n<p>La tradici\u00f3n de las Fallas, emblem\u00e1tica fiesta de Valencia que rinde homenaje a la llegada de la primavera, se traslada este a\u00f1o a las aguas del Mediterr\u00e1neo, ofreciendo una experiencia \u00fanica para quienes desean disfrutar de este evento ic\u00f3nico en un entorno diferente. Trasmed, una conocida compa\u00f1\u00eda de ferris, presenta una propuesta singular que fusiona cultura, tradici\u00f3n y el esplendor del mar, llev\u00e1ndonos a vivir una celebraci\u00f3n verdaderamente memorable en Ibiza.<\/p>\n<p>Imagine una c\u00e1lida tarde de primavera, con el viento del mar acariciando su rostro y el sonido de las olas de fondo. En este escenario id\u00edlico, el espect\u00e1culo de la <em>masclet\u00e0<\/em> cobra vida. Este evento, que normalmente ilumina las plazas de Valencia, ahora se desarrollar\u00e1 frente a la costa ibicenca, creando una sinfon\u00eda de p\u00f3lvora y emoci\u00f3n en un contexto natural incomparable. La <em>masclet\u00e0<\/em> es mucho m\u00e1s que fuegos artificiales; es una explosi\u00f3n de energ\u00eda y pasi\u00f3n que une a la gente en un festejo vibrante, y ahora se llevar\u00e1 a cabo en un entorno donde el azul del mar se encuentra con el naranja del fuego.<\/p>\n<p>Los visitantes de Ibiza tendr\u00e1n la oportunidad de experimentar por primera vez este evento en la isla, el 14 de marzo. Esta iniciativa no solo busca atraer a los amantes de las Fallas, sino tambi\u00e9n a aquellos que quieran experimentar la cultura valenciana en su m\u00e1xima expresi\u00f3n. Junto a los tradicionales petardos y fuegos, habr\u00e1 m\u00fasica, gastronom\u00eda y un ambiente festivo que har\u00e1 que tanto locales como turistas se sientan parte de una gran celebraci\u00f3n colectiva.<\/p>\n<p>La conexi\u00f3n entre Valencia e Ibiza representa una fusi\u00f3n cultural que enriquece ambas localidades. Ibiza, famosa por sus playas paradisiacas y vibrante vida nocturna, se ver\u00e1 impregnada del esp\u00edritu fallero, convirti\u00e9ndose en un punto de encuentro para aquellos que buscan nuevas formas de disfrutar de una tradici\u00f3n que ha cautivado a generaciones.<\/p>\n<p>Adem\u00e1s, la experiencia no se limita solo a la <em>masclet\u00e0<\/em>. Los visitantes podr\u00e1n disfrutar de una serie de actividades culturales y gastron\u00f3micas que despliegan lo mejor de la cocina valenciana, as\u00ed como exhibiciones de danza y m\u00fasica tradicional. Este intercambio cultural crea la oportunidad perfecta para que los asistentes descubran la riqueza de las tradiciones locales, todo ello mientras disfrutan de la belleza natural de Ibiza.<\/p>\n<p>Este evento tambi\u00e9n resalta la importancia del turismo cultural, que no solo estimula la econom\u00eda local, sino que tambi\u00e9n genera un espacio de encuentro y celebraci\u00f3n entre distintas costumbres. Trasmed, al proponer esta iniciativa, no solo est\u00e1 facilitando el transporte entre Valencia e Ibiza, sino que tambi\u00e9n est\u00e1 promoviendo el turismo responsable y sostenible, donde la cultura es el hilo conductor que une a las comunidades.<\/p>\n<p>La llegada de la <em>masclet\u00e0<\/em> a Ibiza es solo una parte de un ambicioso plan que busca posicionar la isla como un destino que va m\u00e1s all\u00e1 de su fama como lugar de fiesta y sol. Esta propuesta invita a los viajeros a reconectar con la autenticidad y la riqueza de las tradiciones, experimentando as\u00ed una Ibiza que celebra la vida en todas sus facetas.<\/p>\n<p>Si te encuentras en la isla en marzo, no te pierdas esta oportunidad \u00fanica de vivir las Fallas de una manera completamente innovadora. Prep\u00e1rate para un espect\u00e1culo apasionante que, sin duda, dejar\u00e1 una huella imborrable en tu recuerdo, ampliando no solo tus horizontes tur\u00edsticos, sino tambi\u00e9n tus conexiones con la cultura que define a esta parte del Mediterr\u00e1neo. La magia de las Fallas ahora brilla tambi\u00e9n en el mar. \u00a1No te lo puedes perder!<\/p>\n<p><em> &#8221; Fuentes gacetadelturismo.com &#8221; <\/em><\/p>\n","protected":false},"excerpt":{"rendered":"<p>Celebrando las Fallas en el Mar: Una Experiencia \u00danica en Ibiza La tradici\u00f3n de las Fallas, emblem\u00e1tica fiesta de Valencia que rinde homenaje a la llegada de la primavera, se traslada este a\u00f1o a las aguas del Mediterr\u00e1neo, ofreciendo una experiencia \u00fanica para quienes desean disfrutar de este evento ic\u00f3nico en un entorno diferente. Trasmed, [&hellip;]<\/p>\n","protected":false},"author":4,"featured_media":1110626,"comment_status":"open","ping_status":"closed","sticky":false,"template":"","format":"standard","meta":{"om_disable_all_campaigns":false,"jnews-multi-image_gallery":[],"jnews_single_post":[],"jnews_primary_category":[],"jnews_social_meta":[],"footnotes":""},"categories":[41],"tags":[3240,662,724,5106,3352,5441,2299,85387,2222,92058],"class_list":["post-1110625","post","type-post","status-publish","format-standard","has-post-thumbnail","hentry","category-cruceros","tag-comunidad","tag-cultura","tag-eventos","tag-fallas","tag-fiesta","tag-ibiza","tag-mar","tag-mascleta","tag-tradicion","tag-trasmed"],"_links":{"self":[{"href":"https:\/\/dimensionturistica.com\/es\/wp-json\/wp\/v2\/posts\/1110625","targetHints":{"allow":["GET"]}}],"collection":[{"href":"https:\/\/dimensionturistica.com\/es\/wp-json\/wp\/v2\/posts"}],"about":[{"href":"https:\/\/dimensionturistica.com\/es\/wp-json\/wp\/v2\/types\/post"}],"author":[{"embeddable":true,"href":"https:\/\/dimensionturistica.com\/es\/wp-json\/wp\/v2\/users\/4"}],"replies":[{"embeddable":true,"href":"https:\/\/dimensionturistica.com\/es\/wp-json\/wp\/v2\/comments?post=1110625"}],"version-history":[{"count":1,"href":"https:\/\/dimensionturistica.com\/es\/wp-json\/wp\/v2\/posts\/1110625\/revisions"}],"predecessor-version":[{"id":1110627,"href":"https:\/\/dimensionturistica.com\/es\/wp-json\/wp\/v2\/posts\/1110625\/revisions\/1110627"}],"wp:featuredmedia":[{"embeddable":true,"href":"https:\/\/dimensionturistica.com\/es\/wp-json\/wp\/v2\/media\/1110626"}],"wp:attachment":[{"href":"https:\/\/dimensionturistica.com\/es\/wp-json\/wp\/v2\/media?parent=1110625"}],"wp:term":[{"taxonomy":"category","embeddable":true,"href":"https:\/\/dimensionturistica.com\/es\/wp-json\/wp\/v2\/categories?post=1110625"},{"taxonomy":"post_tag","embeddable":true,"href":"https:\/\/dimensionturistica.com\/es\/wp-json\/wp\/v2\/tags?post=1110625"}],"curies":[{"name":"wp","href":"https:\/\/api.w.org\/{rel}","templated":true}]}}