{"id":1110362,"date":"2026-02-11T13:31:41","date_gmt":"2026-02-11T13:31:41","guid":{"rendered":"https:\/\/dimensionturistica.com\/es\/?p=1110362"},"modified":"2026-02-11T13:31:41","modified_gmt":"2026-02-11T13:31:41","slug":"el-cc-la-sierra-festeja-el-dia-de-san-valentin-con-escapadas-inesperadas-por-europa-cenas-especiales-y-premios-inmediatos","status":"publish","type":"post","link":"https:\/\/dimensionturistica.com\/es\/el-cc-la-sierra-festeja-el-dia-de-san-valentin-con-escapadas-inesperadas-por-europa-cenas-especiales-y-premios-inmediatos\/","title":{"rendered":"El CC La Sierra festeja el D\u00eda de San Valent\u00edn con escapadas inesperadas por Europa, cenas especiales y premios inmediatos."},"content":{"rendered":"<h3>Romanticismo en el coraz\u00f3n de la Sierra cordobesa<\/h3>\n<p>El d\u00eda de San Valent\u00edn es una ocasi\u00f3n perfecta para celebrar el amor y la conexi\u00f3n emocional, y \u00bfqu\u00e9 mejor lugar para hacerlo que en la m\u00e1gica Sierra de C\u00f3rdoba? Este entorno natural, lleno de paisajes impresionantes y una rica biodiversidad, se convierte en el escenario ideal para escapar de la rutina y disfrutar de una jornada inolvidable con esa persona especial.<\/p>\n<p>Este a\u00f1o, la celebraci\u00f3n del D\u00eda de los Enamorados se trat\u00f3 de una experiencia \u00fanica que cautiv\u00f3 a los asistentes en el Centro de Visitantes de la Sierra de C\u00f3rdoba. Este espacio, dise\u00f1ado para adentrarse en la belleza natural de la regi\u00f3n, se convirti\u00f3 en un punto de encuentro para parejas que buscan compartir momentos especiales en un entorno aut\u00e9ntico y rom\u00e1ntico.<\/p>\n<p>Los visitantes disfrutaron de una serie de actividades que combinaban la pasi\u00f3n por la naturaleza con la esencia del amor. Desde senderismo por las rutas m\u00e1s pintorescas hasta talleres creativos, cada actividad estaba pensada para fortalecer los lazos de pareja. La conexi\u00f3n con la naturaleza se vio reflejada en cada paso dado entre los senderos, donde las charlas y risas se entrelazaban con el canto de los p\u00e1jaros y el susurro del viento entre los \u00e1rboles.<\/p>\n<p>Los organizadores aseguraron que el ambiente rom\u00e1ntico se acentu\u00f3 con la oferta de degustaciones de productos locales, que complementaron de manera perfecto las actividades. El deleite de los sentidos, con sabores aut\u00e9nticos que representan la cultura cordobesa, fue un plus a la experiencia.<\/p>\n<p>Y, por supuesto, no se puede hablar de San Valent\u00edn sin mencionar la m\u00fasica. El programa inclu\u00eda actuaciones en vivo que brindaron el tel\u00f3n de fondo perfecto para este d\u00eda tan especial. Las melod\u00edas rom\u00e1nticas, llenas de emociones y sentimientos, resonaban en el aire mientras las parejas disfrutaban de un momento de complicidad.<\/p>\n<p>Si bien la Sierra de C\u00f3rdoba es conocida por su belleza natural y su rica fauna, se ha convertido en un destino que tambi\u00e9n sabe ofrecer experiencias memorables para los enamorados. Es un lugar donde el tiempo parece detenerse, permitiendo que las parejas se sumergen en su mundo y creen recuerdos que perdurar\u00e1n.<\/p>\n<p>Para aquellos que buscan una alternativa a las t\u00edpicas cenas rom\u00e1nticas en restaurantes, la Sierra ofrece la oportunidad de reconectar no solo con la pareja, sino tambi\u00e9n con uno mismo, rodeados de la majestuosidad de la naturaleza. El aire puro y el esplendor de los paisajes crean la atm\u00f3sfera perfecta para compartir momentos de calidad.<\/p>\n<p>Con esta celebraci\u00f3n de San Valent\u00edn, la Sierra de C\u00f3rdoba no solo se posiciona como un destino tur\u00edstico atractivo, sino como un refugio ideal para aquellos que desean vivir una experiencia aut\u00e9ntica, donde cada rinc\u00f3n invita a descubrir la belleza del amor en medio de la naturaleza. \u00bfPor qu\u00e9 no planear tu pr\u00f3xima escapada a este enclave espectacular y crear tu propia historia de amor rodeado de monta\u00f1as y paisajes de ensue\u00f1o?<\/p>\n<p><em> &#8221; Fuentes www.diariocordoba.com &#8221; <\/em><\/p>\n","protected":false},"excerpt":{"rendered":"<p>Romanticismo en el coraz\u00f3n de la Sierra cordobesa El d\u00eda de San Valent\u00edn es una ocasi\u00f3n perfecta para celebrar el amor y la conexi\u00f3n emocional, y \u00bfqu\u00e9 mejor lugar para hacerlo que en la m\u00e1gica Sierra de C\u00f3rdoba? Este entorno natural, lleno de paisajes impresionantes y una rica biodiversidad, se convierte en el escenario ideal [&hellip;]<\/p>\n","protected":false},"author":4,"featured_media":1110363,"comment_status":"open","ping_status":"closed","sticky":false,"template":"","format":"standard","meta":{"om_disable_all_campaigns":false,"jnews-multi-image_gallery":[],"jnews_single_post":[],"jnews_primary_category":[],"jnews_social_meta":[],"footnotes":""},"categories":[39],"tags":[6647,57102,267445,1745,2448,12564,37096,1653,724,966,7810,16220,5617,544,17311,101335],"class_list":["post-1110362","post","type-post","status-publish","format-standard","has-post-thumbnail","hentry","category-viajes","tag-amor","tag-cc","tag-cc-la-sierra","tag-celebra","tag-celebracion","tag-cenas","tag-centros-comerciales","tag-europa","tag-eventos","tag-premios","tag-san","tag-san-valentin","tag-sierra","tag-turismo","tag-valentin","tag-viajes-sorpresa"],"_links":{"self":[{"href":"https:\/\/dimensionturistica.com\/es\/wp-json\/wp\/v2\/posts\/1110362","targetHints":{"allow":["GET"]}}],"collection":[{"href":"https:\/\/dimensionturistica.com\/es\/wp-json\/wp\/v2\/posts"}],"about":[{"href":"https:\/\/dimensionturistica.com\/es\/wp-json\/wp\/v2\/types\/post"}],"author":[{"embeddable":true,"href":"https:\/\/dimensionturistica.com\/es\/wp-json\/wp\/v2\/users\/4"}],"replies":[{"embeddable":true,"href":"https:\/\/dimensionturistica.com\/es\/wp-json\/wp\/v2\/comments?post=1110362"}],"version-history":[{"count":1,"href":"https:\/\/dimensionturistica.com\/es\/wp-json\/wp\/v2\/posts\/1110362\/revisions"}],"predecessor-version":[{"id":1110364,"href":"https:\/\/dimensionturistica.com\/es\/wp-json\/wp\/v2\/posts\/1110362\/revisions\/1110364"}],"wp:featuredmedia":[{"embeddable":true,"href":"https:\/\/dimensionturistica.com\/es\/wp-json\/wp\/v2\/media\/1110363"}],"wp:attachment":[{"href":"https:\/\/dimensionturistica.com\/es\/wp-json\/wp\/v2\/media?parent=1110362"}],"wp:term":[{"taxonomy":"category","embeddable":true,"href":"https:\/\/dimensionturistica.com\/es\/wp-json\/wp\/v2\/categories?post=1110362"},{"taxonomy":"post_tag","embeddable":true,"href":"https:\/\/dimensionturistica.com\/es\/wp-json\/wp\/v2\/tags?post=1110362"}],"curies":[{"name":"wp","href":"https:\/\/api.w.org\/{rel}","templated":true}]}}