{"id":1110159,"date":"2026-02-10T23:14:09","date_gmt":"2026-02-10T23:14:09","guid":{"rendered":"https:\/\/dimensionturistica.com\/es\/?p=1110159"},"modified":"2026-02-10T23:14:09","modified_gmt":"2026-02-10T23:14:09","slug":"labios-impecables-para-el-dia-de-san-valentin-el-balsamo-que-los-humecta-profundamente","status":"publish","type":"post","link":"https:\/\/dimensionturistica.com\/es\/labios-impecables-para-el-dia-de-san-valentin-el-balsamo-que-los-humecta-profundamente\/","title":{"rendered":"Labios impecables para el D\u00eda de San Valentin, el Balsamo que los humecta profundamente"},"content":{"rendered":"\n<figure class=\"wp-block-gallery has-nested-images columns-default is-cropped wp-block-gallery-1 is-layout-flex wp-block-gallery-is-layout-flex\">\n<figure class=\"wp-block-image size-large\"><img decoding=\"async\" width=\"500\" height=\"260\" data-id=\"1110163\" src=\"https:\/\/dimensionturistica.com\/es\/wp-content\/uploads\/2026\/02\/1LABIO.jpg\" alt=\"\" class=\"wp-image-1110163\" srcset=\"https:\/\/dimensionturistica.com\/es\/wp-content\/uploads\/2026\/02\/1LABIO.jpg 500w, https:\/\/dimensionturistica.com\/es\/wp-content\/uploads\/2026\/02\/1LABIO-300x156.jpg 300w\" sizes=\"(max-width: 500px) 100vw, 500px\" \/><\/figure>\n<\/figure>\n\n\n\n<p>San Valent\u00edn es una fecha donde hay diversos planes y el amor se celebra de distintas maneras, ya sea por medio de citas rom\u00e1nticas con alguien especial, salidas con amigas, actividades familiares o una noche tranquila para consentirse. En esta celebraci\u00f3n en particular, los labios se vuelven uno de los protagonistas, por ello es importante mantenerlos bien cuidados para cualquier ocasi\u00f3n.<\/p>\n\n\n\n<figure class=\"wp-block-gallery has-nested-images columns-default is-cropped wp-block-gallery-2 is-layout-flex wp-block-gallery-is-layout-flex\">\n<figure class=\"wp-block-image size-large\"><img decoding=\"async\" width=\"500\" height=\"500\" data-id=\"1110164\" src=\"https:\/\/dimensionturistica.com\/es\/wp-content\/uploads\/2026\/02\/3LABIO.jpg\" alt=\"\" class=\"wp-image-1110164\" srcset=\"https:\/\/dimensionturistica.com\/es\/wp-content\/uploads\/2026\/02\/3LABIO.jpg 500w, https:\/\/dimensionturistica.com\/es\/wp-content\/uploads\/2026\/02\/3LABIO-300x300.jpg 300w, https:\/\/dimensionturistica.com\/es\/wp-content\/uploads\/2026\/02\/3LABIO-150x150.jpg 150w, https:\/\/dimensionturistica.com\/es\/wp-content\/uploads\/2026\/02\/3LABIO-75x75.jpg 75w, https:\/\/dimensionturistica.com\/es\/wp-content\/uploads\/2026\/02\/3LABIO-350x350.jpg 350w\" sizes=\"(max-width: 500px) 100vw, 500px\" \/><\/figure>\n<\/figure>\n\n\n\n<p>El aliado perfecto para tener los labios m\u00e1s hidratados y brillosos es Mario Badescu,<\/p>\n\n\n\n<p>que cuenta con el Lip Balm en 3 diferentes aromas: el cl\u00e1sico con aroma a coco, acai y vainilla y, el tercero, con aroma a menta, ideales para todo tipo de celebraci\u00f3n.<\/p>\n\n\n\n<p><strong>Los labios m\u00e1s suaves y humectantes<\/strong><\/p>\n\n\n\n<p>Como sabes, la piel de esta zona llega a ser muy delicada, por tanto, requiere de f\u00f3rmulas e ingredientes espec\u00edficos que ayuden a restaurarla y mantenerla protegida.<\/p>\n\n\n\n<p>Por ello, al incorporar b\u00e1lsamos labiales a tu rutina diaria, no solo ayudas a mejorar su apariencia, sino que los preparas para lucir impecables, ya sea en un plan rom\u00e1ntico o en una salida con amigas. A la hora de buscar el b\u00e1lsamo perfecto, es crucial checar que tengan las f\u00f3rmulas e ingredientes clave que alivian la resequedad, aporten nutrici\u00f3n intensa y dejen un acabado luminoso como:<\/p>\n\n\n\n<figure class=\"wp-block-gallery has-nested-images columns-default is-cropped wp-block-gallery-3 is-layout-flex wp-block-gallery-is-layout-flex\">\n<figure class=\"wp-block-image size-large\"><img decoding=\"async\" width=\"500\" height=\"369\" data-id=\"1110165\" src=\"https:\/\/dimensionturistica.com\/es\/wp-content\/uploads\/2026\/02\/9PABIO.jpg\" alt=\"\" class=\"wp-image-1110165\" srcset=\"https:\/\/dimensionturistica.com\/es\/wp-content\/uploads\/2026\/02\/9PABIO.jpg 500w, https:\/\/dimensionturistica.com\/es\/wp-content\/uploads\/2026\/02\/9PABIO-300x221.jpg 300w\" sizes=\"(max-width: 500px) 100vw, 500px\" \/><\/figure>\n<\/figure>\n\n\n\n<p>Ingredientes:<\/p>\n\n\n\n<p>\u25cf Manteca de karit\u00e9: Ingrediente emoliente que ayuda a suavizar la piel.<\/p>\n\n\n\n<p>\u25cf Aceite de Coco: aceite vegetal lleno de \u00e1cidos grasos.<\/p>\n\n\n\n<p>\u25cf Aceite de Almendras Dulces: ayuda a retener la humedad de la piel.<\/p>\n\n\n\n<p>\u25cf Vitamina E: contiene propiedades antioxidantes, protectoras e hidratantes.<\/p>\n\n\n\n<p>\u25cf Manteca de Cacao: ofrece una humectaci\u00f3n profunda, ayuda a mantener la barrera de humedad en los labios.<\/p>\n\n\n\n<p><strong>Lo que tus labios necesitan<\/strong><\/p>\n\n\n\n<figure class=\"wp-block-gallery has-nested-images columns-default is-cropped wp-block-gallery-4 is-layout-flex wp-block-gallery-is-layout-flex\">\n<figure class=\"wp-block-image size-large\"><img decoding=\"async\" width=\"500\" height=\"500\" data-id=\"1110166\" src=\"https:\/\/dimensionturistica.com\/es\/wp-content\/uploads\/2026\/02\/6LABIO.jpg\" alt=\"\" class=\"wp-image-1110166\" srcset=\"https:\/\/dimensionturistica.com\/es\/wp-content\/uploads\/2026\/02\/6LABIO.jpg 500w, https:\/\/dimensionturistica.com\/es\/wp-content\/uploads\/2026\/02\/6LABIO-300x300.jpg 300w, https:\/\/dimensionturistica.com\/es\/wp-content\/uploads\/2026\/02\/6LABIO-150x150.jpg 150w, https:\/\/dimensionturistica.com\/es\/wp-content\/uploads\/2026\/02\/6LABIO-75x75.jpg 75w, https:\/\/dimensionturistica.com\/es\/wp-content\/uploads\/2026\/02\/6LABIO-350x350.jpg 350w\" sizes=\"(max-width: 500px) 100vw, 500px\" \/><\/figure>\n<\/figure>\n\n\n\n<p>Este set de edici\u00f3n limitada incluye tres b\u00e1lsamos labiales en tama\u00f1o regular, perfectos para llevar a todas partes y reaplicar en cualquier momento del d\u00eda:<\/p>\n\n\n\n<p>1. Lip Balm Cl\u00e1sico: con aroma a coco, este b\u00e1lsamo nutre profundamente los<\/p>\n\n\n\n<p>labios y ayuda a restaurarlos.<\/p>\n\n\n\n<p>2. Acai y vanilla: revitaliza los labios apagados, dej\u00e1ndolos suaves, lisos y flexibles con un acabado no graso, con sabor a bayas de a\u00e7a\u00ed.<\/p>\n\n\n\n<p>3. Mint Lip Balm: brinda una hidrataci\u00f3n duradera con una sensaci\u00f3n refrescante con infusiones de menta.<\/p>\n\n\n\n<p>\u201cEl cuidado de los labios suele pasar inadvertido, al ser una \u00e1rea del rostro se requiere tener mayor cuidado. En este sentido, apostar por productos que realmente hidratan y ayudan a repararlos marca una diferencia visible, especialmente en aquellos momentos donde queremos que luzcan perfectos\u201d, comenta Jimena Sarmiento Marcial, International Sales Manager LATAM de Mario Badescu M\u00e9xico.<\/p>\n\n\n\n<p>\u201cCuando constantemente aplicamos productos a nuestros labios, es importante acompa\u00f1arlos de productos que mantienen humectados, para que el maquillaje luzca mejor y se sienta m\u00e1s c\u00f3modo\u201d, a\u00f1ade Jimena Sarmiento Marcial, International<\/p>\n\n\n\n<figure class=\"wp-block-gallery has-nested-images columns-default is-cropped wp-block-gallery-5 is-layout-flex wp-block-gallery-is-layout-flex\">\n<figure class=\"wp-block-image size-large\"><img decoding=\"async\" width=\"500\" height=\"500\" data-id=\"1110167\" src=\"https:\/\/dimensionturistica.com\/es\/wp-content\/uploads\/2026\/02\/5LABIO.jpg\" alt=\"\" class=\"wp-image-1110167\" srcset=\"https:\/\/dimensionturistica.com\/es\/wp-content\/uploads\/2026\/02\/5LABIO.jpg 500w, https:\/\/dimensionturistica.com\/es\/wp-content\/uploads\/2026\/02\/5LABIO-300x300.jpg 300w, https:\/\/dimensionturistica.com\/es\/wp-content\/uploads\/2026\/02\/5LABIO-150x150.jpg 150w, https:\/\/dimensionturistica.com\/es\/wp-content\/uploads\/2026\/02\/5LABIO-75x75.jpg 75w, https:\/\/dimensionturistica.com\/es\/wp-content\/uploads\/2026\/02\/5LABIO-350x350.jpg 350w\" sizes=\"(max-width: 500px) 100vw, 500px\" \/><\/figure>\n<\/figure>\n\n\n\n<p>Sales Manager LATAM de Mario Badescu M\u00e9xico.<\/p>\n\n\n\n<p>Este San Valent\u00edn aseg\u00farate de tener los labios suaves, reparados y con un brillo natural. Porque en esta fecha no solo se trata del amor entre parejas, amigos o familiares, sino que tambi\u00e9n conlleva el amor y cuidado propio.<\/p>\n\n\n\n<p>Descubre los productos de Mario Badescu en Blush Bar, Ulta y Aruma. #MarioBadescu<\/p>\n\n\n\n<figure class=\"wp-block-embed\"><div class=\"wp-block-embed__wrapper\">\nhttps:\/\/www.mariobadescu.com\n<\/div><\/figure>\n\n\n\n<p>IG: https:\/\/www.instagram.com\/mariobadescu\/?hl=es<\/p>\n","protected":false},"excerpt":{"rendered":"<p>San Valent\u00edn es una fecha donde hay diversos planes y el amor se celebra de distintas maneras, ya sea por medio de citas rom\u00e1nticas con alguien especial, salidas con amigas, actividades familiares o una noche tranquila para consentirse. En esta celebraci\u00f3n en particular, los labios se vuelven uno de los protagonistas, por ello es importante [&hellip;]<\/p>\n","protected":false},"author":1,"featured_media":0,"comment_status":"open","ping_status":"closed","sticky":false,"template":"","format":"standard","meta":{"om_disable_all_campaigns":false,"jnews-multi-image_gallery":[],"jnews_single_post":[],"jnews_primary_category":[],"jnews_social_meta":[],"footnotes":""},"categories":[144872],"tags":[],"class_list":["post-1110159","post","type-post","status-publish","format-standard","hentry","category-fashion"],"_links":{"self":[{"href":"https:\/\/dimensionturistica.com\/es\/wp-json\/wp\/v2\/posts\/1110159","targetHints":{"allow":["GET"]}}],"collection":[{"href":"https:\/\/dimensionturistica.com\/es\/wp-json\/wp\/v2\/posts"}],"about":[{"href":"https:\/\/dimensionturistica.com\/es\/wp-json\/wp\/v2\/types\/post"}],"author":[{"embeddable":true,"href":"https:\/\/dimensionturistica.com\/es\/wp-json\/wp\/v2\/users\/1"}],"replies":[{"embeddable":true,"href":"https:\/\/dimensionturistica.com\/es\/wp-json\/wp\/v2\/comments?post=1110159"}],"version-history":[{"count":1,"href":"https:\/\/dimensionturistica.com\/es\/wp-json\/wp\/v2\/posts\/1110159\/revisions"}],"predecessor-version":[{"id":1110168,"href":"https:\/\/dimensionturistica.com\/es\/wp-json\/wp\/v2\/posts\/1110159\/revisions\/1110168"}],"wp:attachment":[{"href":"https:\/\/dimensionturistica.com\/es\/wp-json\/wp\/v2\/media?parent=1110159"}],"wp:term":[{"taxonomy":"category","embeddable":true,"href":"https:\/\/dimensionturistica.com\/es\/wp-json\/wp\/v2\/categories?post=1110159"},{"taxonomy":"post_tag","embeddable":true,"href":"https:\/\/dimensionturistica.com\/es\/wp-json\/wp\/v2\/tags?post=1110159"}],"curies":[{"name":"wp","href":"https:\/\/api.w.org\/{rel}","templated":true}]}}