{"id":1110078,"date":"2026-02-10T20:49:43","date_gmt":"2026-02-10T20:49:43","guid":{"rendered":"https:\/\/dimensionturistica.com\/es\/?p=1110078"},"modified":"2026-02-10T20:49:43","modified_gmt":"2026-02-10T20:49:43","slug":"que-estuvo-haciendo-checo-perez-el-ultimo-ano-primera-campana-de-almacen-para-farmacias-del-ahorro-lanzada-en-el-superbowl","status":"publish","type":"post","link":"https:\/\/dimensionturistica.com\/es\/que-estuvo-haciendo-checo-perez-el-ultimo-ano-primera-campana-de-almacen-para-farmacias-del-ahorro-lanzada-en-el-superbowl\/","title":{"rendered":"\u00bfQu\u00e9 estuvo haciendo Checo P\u00e9rez el \u00faltimo a\u00f1o? Primera campa\u00f1a de Almac\u00e9n para Farmacias del Ahorro lanzada en el superbowl"},"content":{"rendered":"\n<p><\/p>\n\n\n\n<figure class=\"wp-block-gallery has-nested-images columns-default is-cropped wp-block-gallery-1 is-layout-flex wp-block-gallery-is-layout-flex\">\n<figure class=\"wp-block-image size-large\"><img decoding=\"async\" width=\"474\" height=\"160\" data-id=\"1110079\" src=\"https:\/\/dimensionturistica.com\/es\/wp-content\/uploads\/2026\/02\/2CHECO.jpg\" alt=\"\" class=\"wp-image-1110079\" srcset=\"https:\/\/dimensionturistica.com\/es\/wp-content\/uploads\/2026\/02\/2CHECO.jpg 474w, https:\/\/dimensionturistica.com\/es\/wp-content\/uploads\/2026\/02\/2CHECO-300x101.jpg 300w\" sizes=\"(max-width: 474px) 100vw, 474px\" \/><\/figure>\n<\/figure>\n\n\n\n<p>Esa es la pregunta que estructura el nuevo trabajo desarrollado por Almac\u00e9n para Farmacias del Ahorro, estrenado durante el medio tiempo del Super Bowl, el evento medi\u00e1tico m\u00e1s grande del mundo, con transmisi\u00f3n en las dos televisoras m\u00e1s importantes de M\u00e9xico. La idea parte del valor que pod\u00eda aportar uno de los mejores pilotos de F\u00f3rmula 1 del mundo y de integrarlo desde el concepto, alej\u00e1ndose de un patrocinio tradicional.<\/p>\n\n\n\n<p>La iniciativa revela que, fuera de las pistas, Checo estuvo trabajando en algo que hoy se traduce en una nueva promesa para los usuarios: miles y miles de nuevos productos con entrega en solo 60 minutos. Un desaf\u00edo complejo, con una gran ingenier\u00eda detr\u00e1s, que la creatividad se encarga de traducir en una historia clara y relevante para las personas.<\/p>\n\n\n\n<figure class=\"wp-block-gallery has-nested-images columns-default is-cropped wp-block-gallery-2 is-layout-flex wp-block-gallery-is-layout-flex\">\n<figure class=\"wp-block-image size-large\"><img decoding=\"async\" width=\"500\" height=\"211\" data-id=\"1110080\" src=\"https:\/\/dimensionturistica.com\/es\/wp-content\/uploads\/2026\/02\/3CHECO.jpg\" alt=\"\" class=\"wp-image-1110080\" srcset=\"https:\/\/dimensionturistica.com\/es\/wp-content\/uploads\/2026\/02\/3CHECO.jpg 500w, https:\/\/dimensionturistica.com\/es\/wp-content\/uploads\/2026\/02\/3CHECO-300x127.jpg 300w\" sizes=\"(max-width: 500px) 100vw, 500px\" \/><\/figure>\n<\/figure>\n\n\n\n<p>\u201cQuer\u00edamos que la inclusi\u00f3n de Checo en la campa\u00f1a no fuera solo un rostro, sino algo org\u00e1nico, que tuviera sentido. Y creemos que lo logramos.\u201d Chaz Torres, Director General Creativo y socio de Almac\u00e9n M\u00e9xico<\/p>\n\n\n\n<p>As\u00ed nace una historia que muestra a Checo involucrado, desde lo conceptual, con ingenieros, m\u00e9dicos, repartidores y desarrolladores, como met\u00e1fora del esfuerzo colectivo necesario para cumplir una promesa tan ambiciosa.<\/p>\n\n\n\n<p>La ejecuci\u00f3n audiovisual estuvo a cargo de Roommate, con el director espa\u00f1ol Uri Segarra, quien viaj\u00f3 desde Barcelona para liderar la realizaci\u00f3n, logrando un tratamiento visual preciso y contenido, alineado con el tono de la idea y con una narrativa donde la velocidad se entiende m\u00e1s como concepto que como espect\u00e1culo.<\/p>\n\n\n\n<p>\u201cEsta primera campa\u00f1a para Farmacias del Ahorro, con el protagonismo de Checo, nos permiti\u00f3 presentar el nuevo cat\u00e1logo digital de una manera \u00fanica y memorable.\u201d Dani Onorato, socio fundador de Almac\u00e9n.<\/p>\n\n\n\n<figure class=\"wp-block-gallery has-nested-images columns-default is-cropped wp-block-gallery-3 is-layout-flex wp-block-gallery-is-layout-flex\">\n<figure class=\"wp-block-image size-large\"><img decoding=\"async\" width=\"500\" height=\"273\" data-id=\"1110081\" src=\"https:\/\/dimensionturistica.com\/es\/wp-content\/uploads\/2026\/02\/1CHECO.jpg\" alt=\"\" class=\"wp-image-1110081\" srcset=\"https:\/\/dimensionturistica.com\/es\/wp-content\/uploads\/2026\/02\/1CHECO.jpg 500w, https:\/\/dimensionturistica.com\/es\/wp-content\/uploads\/2026\/02\/1CHECO-300x164.jpg 300w\" sizes=\"(max-width: 500px) 100vw, 500px\" \/><\/figure>\n<\/figure>\n\n\n\n<p>El estreno durante el medio tiempo del Super Bowl ubic\u00f3 esta propuesta en uno de los espacios de mayor relevancia cultural a nivel global. \u201cEl proyecto nos deja muy emocionados por los resultados finales y por la oportunidad de colaborar con una compa\u00f1\u00eda mexicana de ese nivel, as\u00ed como con uno de los pilotos y personajes m\u00e1s queridos del pa\u00eds.\u201d Juanchi Torre H\u00fctt Socio Almac\u00e9n M\u00e9xico<\/p>\n\n\n\n<figure class=\"wp-block-gallery has-nested-images columns-default is-cropped wp-block-gallery-4 is-layout-flex wp-block-gallery-is-layout-flex\">\n<figure class=\"wp-block-image size-large\"><img decoding=\"async\" width=\"500\" height=\"209\" data-id=\"1110082\" src=\"https:\/\/dimensionturistica.com\/es\/wp-content\/uploads\/2026\/02\/4CHECO.jpg\" alt=\"\" class=\"wp-image-1110082\" srcset=\"https:\/\/dimensionturistica.com\/es\/wp-content\/uploads\/2026\/02\/4CHECO.jpg 500w, https:\/\/dimensionturistica.com\/es\/wp-content\/uploads\/2026\/02\/4CHECO-300x125.jpg 300w\" sizes=\"(max-width: 500px) 100vw, 500px\" \/><\/figure>\n<\/figure>\n\n\n\n<p>El resultado es una campa\u00f1a que resignifica el mensaje hist\u00f3rico de la marca y le da una nueva lectura desde la creatividad: Te queremos bien, tambi\u00e9n significa llegar a tiempo cuando el usuario lo necesita.<\/p>\n\n\n\n<p>\u201cCon esta campa\u00f1a mostramos que, al igual que en la F\u00f3rmula 1, detr\u00e1s de cada entrega en 60 minutos hay un equipo de expertos y una log\u00edstica de precisi\u00f3n trabajando para cumplir nuestra promesa: Te queremos bien, y ahora, te queremos bien a tiempo con miles de nuevos productos exclusivos en l\u00ednea.\u201d Claudia Ramirez Farmacias del Ahorro<\/p>\n","protected":false},"excerpt":{"rendered":"<p>Esa es la pregunta que estructura el nuevo trabajo desarrollado por Almac\u00e9n para Farmacias del Ahorro, estrenado durante el medio tiempo del Super Bowl, el evento medi\u00e1tico m\u00e1s grande del mundo, con transmisi\u00f3n en las dos televisoras m\u00e1s importantes de M\u00e9xico. La idea parte del valor que pod\u00eda aportar uno de los mejores pilotos de [&hellip;]<\/p>\n","protected":false},"author":1,"featured_media":0,"comment_status":"open","ping_status":"closed","sticky":false,"template":"","format":"standard","meta":{"om_disable_all_campaigns":false,"jnews-multi-image_gallery":[],"jnews_single_post":{"format":"standard"},"jnews_primary_category":[],"jnews_social_meta":[],"footnotes":""},"categories":[40],"tags":[],"class_list":["post-1110078","post","type-post","status-publish","format-standard","hentry","category-industria"],"_links":{"self":[{"href":"https:\/\/dimensionturistica.com\/es\/wp-json\/wp\/v2\/posts\/1110078","targetHints":{"allow":["GET"]}}],"collection":[{"href":"https:\/\/dimensionturistica.com\/es\/wp-json\/wp\/v2\/posts"}],"about":[{"href":"https:\/\/dimensionturistica.com\/es\/wp-json\/wp\/v2\/types\/post"}],"author":[{"embeddable":true,"href":"https:\/\/dimensionturistica.com\/es\/wp-json\/wp\/v2\/users\/1"}],"replies":[{"embeddable":true,"href":"https:\/\/dimensionturistica.com\/es\/wp-json\/wp\/v2\/comments?post=1110078"}],"version-history":[{"count":1,"href":"https:\/\/dimensionturistica.com\/es\/wp-json\/wp\/v2\/posts\/1110078\/revisions"}],"predecessor-version":[{"id":1110083,"href":"https:\/\/dimensionturistica.com\/es\/wp-json\/wp\/v2\/posts\/1110078\/revisions\/1110083"}],"wp:attachment":[{"href":"https:\/\/dimensionturistica.com\/es\/wp-json\/wp\/v2\/media?parent=1110078"}],"wp:term":[{"taxonomy":"category","embeddable":true,"href":"https:\/\/dimensionturistica.com\/es\/wp-json\/wp\/v2\/categories?post=1110078"},{"taxonomy":"post_tag","embeddable":true,"href":"https:\/\/dimensionturistica.com\/es\/wp-json\/wp\/v2\/tags?post=1110078"}],"curies":[{"name":"wp","href":"https:\/\/api.w.org\/{rel}","templated":true}]}}