{"id":1110027,"date":"2026-02-10T19:21:03","date_gmt":"2026-02-10T19:21:03","guid":{"rendered":"https:\/\/dimensionturistica.com\/es\/?p=1110027"},"modified":"2026-02-10T19:21:03","modified_gmt":"2026-02-10T19:21:03","slug":"sugieren-que-personalidades-y-altos-ejecutivos-en-mexico-si-tengan-proteccion-vehicular-de-alto-nivel","status":"publish","type":"post","link":"https:\/\/dimensionturistica.com\/es\/sugieren-que-personalidades-y-altos-ejecutivos-en-mexico-si-tengan-proteccion-vehicular-de-alto-nivel\/","title":{"rendered":"Sugieren que personalidades y altos ejecutivos en M\u00e9xico s\u00ed tengan protecci\u00f3n vehicular de alto nivel."},"content":{"rendered":"\n<figure class=\"wp-block-gallery has-nested-images columns-default is-cropped wp-block-gallery-1 is-layout-flex wp-block-gallery-is-layout-flex\">\n<figure class=\"wp-block-image size-large\"><img decoding=\"async\" width=\"500\" height=\"149\" data-id=\"1110028\" src=\"https:\/\/dimensionturistica.com\/es\/wp-content\/uploads\/2026\/02\/1WBA.jpg\" alt=\"\" class=\"wp-image-1110028\" srcset=\"https:\/\/dimensionturistica.com\/es\/wp-content\/uploads\/2026\/02\/1WBA.jpg 500w, https:\/\/dimensionturistica.com\/es\/wp-content\/uploads\/2026\/02\/1WBA-300x89.jpg 300w\" sizes=\"(max-width: 500px) 100vw, 500px\" \/><\/figure>\n<\/figure>\n\n\n\n<p>&nbsp;Bajo las condiciones de inseguridad que se presentan en el pa\u00eds, es pertinente que personalidades de la vida p\u00fablica del pa\u00eds y altos ejecutivos cuyos cargos y decisiones tienen trascendencia para la sociedad, hagan uso de unidades vehiculares con protecci\u00f3n bal\u00edstica adecuada, preferentemente una de alto nivel.<\/p>\n\n\n\n<figure class=\"wp-block-gallery has-nested-images columns-default is-cropped wp-block-gallery-2 is-layout-flex wp-block-gallery-is-layout-flex\">\n<figure class=\"wp-block-image size-large\"><img decoding=\"async\" width=\"500\" height=\"507\" data-id=\"1110029\" src=\"https:\/\/dimensionturistica.com\/es\/wp-content\/uploads\/2026\/02\/8WBA.jpg\" alt=\"\" class=\"wp-image-1110029\" srcset=\"https:\/\/dimensionturistica.com\/es\/wp-content\/uploads\/2026\/02\/8WBA.jpg 500w, https:\/\/dimensionturistica.com\/es\/wp-content\/uploads\/2026\/02\/8WBA-296x300.jpg 296w, https:\/\/dimensionturistica.com\/es\/wp-content\/uploads\/2026\/02\/8WBA-75x75.jpg 75w\" sizes=\"(max-width: 500px) 100vw, 500px\" \/><\/figure>\n<\/figure>\n\n\n\n<p>WBA Blindajes Alemanes, empresa l\u00edder en la industria del blindaje automotriz en M\u00e9xico, establece que, m\u00e1s all\u00e1 de posturas personales o ideol\u00f3gicas, las personalidades de la vida p\u00fablica en M\u00e9xico deber\u00edan considerar el uso de veh\u00edculos blindados para sus traslados por tierra.<\/p>\n\n\n\n<p>Al respecto, la empresa incluso sugiere el uso de un blindaje nivel 5 Plus, con una protecci\u00f3n contra altos calibres, conocidos p\u00fablicamente como \u201carmas largas\u201d, para<\/p>\n\n\n\n<p>funcionarios que ocupan cargos importantes, as\u00ed como hombres de negocios que dirigen grandes compa\u00f1\u00edas mexicanas y empresas trasnacionales con operaci\u00f3n en nuestro pa\u00eds.<\/p>\n\n\n\n<p>Este blindaje, ideal contra acciones de secuestro o atentados del crimen organizado,<\/p>\n\n\n\n<p>ofrece protecci\u00f3n total en todo el veh\u00edculo, con cristales bal\u00edsticos eficientes, acero<\/p>\n\n\n\n<figure class=\"wp-block-gallery has-nested-images columns-default is-cropped wp-block-gallery-3 is-layout-flex wp-block-gallery-is-layout-flex\">\n<figure class=\"wp-block-image size-large\"><img decoding=\"async\" width=\"500\" height=\"666\" data-id=\"1110030\" src=\"https:\/\/dimensionturistica.com\/es\/wp-content\/uploads\/2026\/02\/4WBA.jpg\" alt=\"\" class=\"wp-image-1110030\" srcset=\"https:\/\/dimensionturistica.com\/es\/wp-content\/uploads\/2026\/02\/4WBA.jpg 500w, https:\/\/dimensionturistica.com\/es\/wp-content\/uploads\/2026\/02\/4WBA-225x300.jpg 225w\" sizes=\"(max-width: 500px) 100vw, 500px\" \/><\/figure>\n<\/figure>\n\n\n\n<p>reforzado que ahora es m\u00e1s delgado al tiempo que ofrece mayor dureza y protecci\u00f3n, piso contra Granada DM51 2 por m2 y refuerzo estructural, lo que ayuda en caso de un accidente a garantizar la integridad de los pasajeros.<\/p>\n\n\n\n<p>Al respecto, Mauricio Garibaldi, director comercial de Blindajes Alemanes, explic\u00f3 que algunas de las caracter\u00edsticas t\u00e9cnicas de una unidad nivel 5 Plus elaborado por Blindajes Alamanes, son adem\u00e1s: Protecci\u00f3n interior de mampara, que ayuda a reducir el peso al no blindar el caj\u00f3n de carga, as\u00ed como de bater\u00eda, fusibles y sistema de frenos.<\/p>\n\n\n\n<p>Asimismo, se utiliza acero de 6 mm, vidrios blindados 42 mm, y se instala una Pared de Fuego completa, entre otras caracter\u00edsticas t\u00e9cnicas que permiten la eficiencia de la protecci\u00f3n bal\u00edstica contra armas largas de uso com\u00fan en la delincuencia organizada, como pueden ser la AK47 y la AR15, que disparan calibres 7.62 x 39 mm y 5.56 x45 mm respectivamente.<\/p>\n\n\n\n<figure class=\"wp-block-gallery has-nested-images columns-default is-cropped wp-block-gallery-4 is-layout-flex wp-block-gallery-is-layout-flex\">\n<figure class=\"wp-block-image size-large\"><img decoding=\"async\" width=\"500\" height=\"433\" data-id=\"1110031\" src=\"https:\/\/dimensionturistica.com\/es\/wp-content\/uploads\/2026\/02\/2WBA.jpg\" alt=\"\" class=\"wp-image-1110031\" srcset=\"https:\/\/dimensionturistica.com\/es\/wp-content\/uploads\/2026\/02\/2WBA.jpg 500w, https:\/\/dimensionturistica.com\/es\/wp-content\/uploads\/2026\/02\/2WBA-300x260.jpg 300w\" sizes=\"(max-width: 500px) 100vw, 500px\" \/><\/figure>\n<\/figure>\n\n\n\n<p>El directivo destac\u00f3 que Blindajes Alemanes ha consolidado la quinta generaci\u00f3n de<\/p>\n\n\n\n<p>blindaje vehicular&nbsp;en M\u00e9xico, tecnolog\u00eda que utiliza software avanzado para simulaciones bal\u00edsticas, impresoras 3D, termo formado en autoclave y corte l\u00e1ser, garantizando una protecci\u00f3n estandarizada y uniforme en todas sus unidades.<\/p>\n\n\n\n<p>Garibaldi afirm\u00f3 finalmente que el fallecimiento, en un acto de violencia, de un funcionario o empresario de alto nivel, ser\u00eda no s\u00f3lo una p\u00e9rdida irreparable como la de cualquier mexicano, sino adem\u00e1s \u00e9sta puede tener un impacto social notable.<\/p>\n","protected":false},"excerpt":{"rendered":"<p>&nbsp;Bajo las condiciones de inseguridad que se presentan en el pa\u00eds, es pertinente que personalidades de la vida p\u00fablica del pa\u00eds y altos ejecutivos cuyos cargos y decisiones tienen trascendencia para la sociedad, hagan uso de unidades vehiculares con protecci\u00f3n bal\u00edstica adecuada, preferentemente una de alto nivel. WBA Blindajes Alemanes, empresa l\u00edder en la industria [&hellip;]<\/p>\n","protected":false},"author":1,"featured_media":0,"comment_status":"open","ping_status":"closed","sticky":false,"template":"","format":"standard","meta":{"om_disable_all_campaigns":false,"jnews-multi-image_gallery":[],"jnews_single_post":[],"jnews_primary_category":[],"jnews_social_meta":[],"footnotes":""},"categories":[40],"tags":[],"class_list":["post-1110027","post","type-post","status-publish","format-standard","hentry","category-industria"],"_links":{"self":[{"href":"https:\/\/dimensionturistica.com\/es\/wp-json\/wp\/v2\/posts\/1110027","targetHints":{"allow":["GET"]}}],"collection":[{"href":"https:\/\/dimensionturistica.com\/es\/wp-json\/wp\/v2\/posts"}],"about":[{"href":"https:\/\/dimensionturistica.com\/es\/wp-json\/wp\/v2\/types\/post"}],"author":[{"embeddable":true,"href":"https:\/\/dimensionturistica.com\/es\/wp-json\/wp\/v2\/users\/1"}],"replies":[{"embeddable":true,"href":"https:\/\/dimensionturistica.com\/es\/wp-json\/wp\/v2\/comments?post=1110027"}],"version-history":[{"count":1,"href":"https:\/\/dimensionturistica.com\/es\/wp-json\/wp\/v2\/posts\/1110027\/revisions"}],"predecessor-version":[{"id":1110032,"href":"https:\/\/dimensionturistica.com\/es\/wp-json\/wp\/v2\/posts\/1110027\/revisions\/1110032"}],"wp:attachment":[{"href":"https:\/\/dimensionturistica.com\/es\/wp-json\/wp\/v2\/media?parent=1110027"}],"wp:term":[{"taxonomy":"category","embeddable":true,"href":"https:\/\/dimensionturistica.com\/es\/wp-json\/wp\/v2\/categories?post=1110027"},{"taxonomy":"post_tag","embeddable":true,"href":"https:\/\/dimensionturistica.com\/es\/wp-json\/wp\/v2\/tags?post=1110027"}],"curies":[{"name":"wp","href":"https:\/\/api.w.org\/{rel}","templated":true}]}}