{"id":1109965,"date":"2026-02-10T17:32:15","date_gmt":"2026-02-10T17:32:15","guid":{"rendered":"https:\/\/dimensionturistica.com\/es\/?p=1109965"},"modified":"2026-02-10T17:32:15","modified_gmt":"2026-02-10T17:32:15","slug":"pagina-no-hallada-moda","status":"publish","type":"post","link":"https:\/\/dimensionturistica.com\/es\/pagina-no-hallada-moda\/","title":{"rendered":"P\u00e1gina No Hallada | Moda"},"content":{"rendered":"<h3>La Nueva Era de la Moda: Innovaci\u00f3n y Estilo en el 2026<\/h3>\n<p>En el din\u00e1mico mundo de la moda, el futurismo y la creatividad se entrelazan para dar vida a propuestas visuales impactantes. En este contexto, surge un fen\u00f3meno que ha capturado la atenci\u00f3n de expertos y entusiastas por igual: las tendencias de moda para el 2026, donde la fusi\u00f3n de la est\u00e9tica contempor\u00e1nea y las influencias de \u00e9pocas pasadas marcan el rumbo de la industria.<\/p>\n<p><strong>La Influencia de lo Digital<\/strong><\/p>\n<p>Uno de los aspectos m\u00e1s fascinantes de las presentaciones recientes es la forma en que las plataformas digitales han transformado el desfile de moda en una experiencia omnipresente. Las pasarelas han dejado de ser espacios exclusivos para convertirse en canchas globales donde cada clic cuenta. Este enfoque no solo democratiza el acceso a la moda, tambi\u00e9n permite interactuar en tiempo real con los dise\u00f1os y las propuestas de los nuevos talentos.<\/p>\n<p><strong>Colores y Texturas que Marcan la Diferencia<\/strong><\/p>\n<p>Entre los elementos que se destacan en las recientes exposiciones, los colores vibrantes y las texturas inesperadas dominan la escena. Las paletas crom\u00e1ticas oscilan entre tonos ne\u00f3n y matices m\u00e1s sutiles, desafiando las expectativas y creando una nueva narrativa visual. Las texturas, por su parte, han cobrado protagonismo, incorporando materiales innovadores que no solo son est\u00e9ticos, sino tambi\u00e9n funcionales. Esta dualidad de dise\u00f1o se traduce en prendas que son tanto arte como moda.<\/p>\n<p><strong>Un \u00c9nfasis en la Diversidad<\/strong><\/p>\n<p>Uno de los pilares fundamentales de las tendencias actuales es la inclusi\u00f3n y la diversidad. Las colecciones presentan una amplia gama de siluetas que celebran la individualidad, trascendiendo los est\u00e1ndares convencionales de belleza. Esto no solo ampl\u00eda el espectro del estilo, sino que tambi\u00e9n crea un espacio donde cada persona puede verse reflejada en las propuestas de los dise\u00f1adores.<\/p>\n<p><strong>Sostenibilidad en el Centro de la Escena<\/strong><\/p>\n<p>La sostenibilidad sigue siendo un tema crucial en el discurso de la moda. La incorporaci\u00f3n de pr\u00e1cticas responsables y materiales ecoamigables se ha vuelto indispensable para las marcas que buscan resonar con un p\u00fablico m\u00e1s consciente. Este compromiso no es solo una tendencia pasajera; es una transformaci\u00f3n necesaria que est\u00e1 redefiniendo las normas del consumo.<\/p>\n<p><strong>El Futuro se Construye sobre el Presente<\/strong><\/p>\n<p>La narrativa de la moda del 2026 no solo es una proyecci\u00f3n hacia el futuro, sino una conversaci\u00f3n que se sostiene en las influencias del pasado y el presente. La integraci\u00f3n de elementos cl\u00e1sicos con toques vanguardistas crea un puente que nos sit\u00faa en la intersecci\u00f3n del tiempo, donde cada prenda cuenta una historia.<\/p>\n<h3>Un Llamado a la Participaci\u00f3n<\/h3>\n<p>La moda no es solo mirar, sino tambi\u00e9n participar. En este nuevo panorama, cada voz cuenta, cada opini\u00f3n suma. La industria se alimenta de la interacci\u00f3n y la colaboraci\u00f3n, invitando a los seguidores a ser parte activa en la construcci\u00f3n del estilo de ma\u00f1ana. As\u00ed, el futuro de la moda no se define solo en las pasarelas, sino tambi\u00e9n en las calles, en las redes sociales y en nuestras elecciones diarias.<\/p>\n<p>Con la mirada puesta en las presentaciones y las tendencias emergentes, queda claro que la industria de la moda no solo se adapta, sino que evoluciona de manera constante, ofreciendo un espect\u00e1culo visual que atrapa y enamora. En este camino, cada exitosa colecci\u00f3n es un paso m\u00e1s hacia un futuro donde la creatividad y la responsabilidad coexisten, marcando una era de esplendor sin precedentes.<\/p>\n<p><em> &#8221; Fuentes www.vogue.com &#8221; <\/em><\/p>\n","protected":false},"excerpt":{"rendered":"<p>La Nueva Era de la Moda: Innovaci\u00f3n y Estilo en el 2026 En el din\u00e1mico mundo de la moda, el futurismo y la creatividad se entrelazan para dar vida a propuestas visuales impactantes. En este contexto, surge un fen\u00f3meno que ha capturado la atenci\u00f3n de expertos y entusiastas por igual: las tendencias de moda para [&hellip;]<\/p>\n","protected":false},"author":14,"featured_media":1109967,"comment_status":"open","ping_status":"closed","sticky":false,"template":"","format":"standard","meta":{"om_disable_all_campaigns":false,"jnews-multi-image_gallery":[],"jnews_single_post":[],"jnews_primary_category":[],"jnews_social_meta":[],"footnotes":""},"categories":[144872],"tags":[161638,162470,51997,166,28228,106714,50356,373,250578],"class_list":["post-1109965","post","type-post","status-publish","format-standard","has-post-thumbnail","hentry","category-fashion","tag-161638","tag-content-unavailable","tag-error","tag-fashion","tag-magazine","tag-page-not-found","tag-vogue","tag-web","tag-website-issue"],"_links":{"self":[{"href":"https:\/\/dimensionturistica.com\/es\/wp-json\/wp\/v2\/posts\/1109965","targetHints":{"allow":["GET"]}}],"collection":[{"href":"https:\/\/dimensionturistica.com\/es\/wp-json\/wp\/v2\/posts"}],"about":[{"href":"https:\/\/dimensionturistica.com\/es\/wp-json\/wp\/v2\/types\/post"}],"author":[{"embeddable":true,"href":"https:\/\/dimensionturistica.com\/es\/wp-json\/wp\/v2\/users\/14"}],"replies":[{"embeddable":true,"href":"https:\/\/dimensionturistica.com\/es\/wp-json\/wp\/v2\/comments?post=1109965"}],"version-history":[{"count":1,"href":"https:\/\/dimensionturistica.com\/es\/wp-json\/wp\/v2\/posts\/1109965\/revisions"}],"predecessor-version":[{"id":1109968,"href":"https:\/\/dimensionturistica.com\/es\/wp-json\/wp\/v2\/posts\/1109965\/revisions\/1109968"}],"wp:featuredmedia":[{"embeddable":true,"href":"https:\/\/dimensionturistica.com\/es\/wp-json\/wp\/v2\/media\/1109967"}],"wp:attachment":[{"href":"https:\/\/dimensionturistica.com\/es\/wp-json\/wp\/v2\/media?parent=1109965"}],"wp:term":[{"taxonomy":"category","embeddable":true,"href":"https:\/\/dimensionturistica.com\/es\/wp-json\/wp\/v2\/categories?post=1109965"},{"taxonomy":"post_tag","embeddable":true,"href":"https:\/\/dimensionturistica.com\/es\/wp-json\/wp\/v2\/tags?post=1109965"}],"curies":[{"name":"wp","href":"https:\/\/api.w.org\/{rel}","templated":true}]}}