{"id":1109706,"date":"2026-02-10T01:58:43","date_gmt":"2026-02-10T01:58:43","guid":{"rendered":"https:\/\/dimensionturistica.com\/es\/?p=1109706"},"modified":"2026-02-10T01:58:43","modified_gmt":"2026-02-10T01:58:43","slug":"lo-que-estan-comprando-los-editores-de-moda-para-prepararse-para-la-semana-de-la-moda-de-nueva-york","status":"publish","type":"post","link":"https:\/\/dimensionturistica.com\/es\/lo-que-estan-comprando-los-editores-de-moda-para-prepararse-para-la-semana-de-la-moda-de-nueva-york\/","title":{"rendered":"Lo que est\u00e1n comprando los editores de moda para prepararse para la Semana de la Moda de Nueva York."},"content":{"rendered":"<h3>Lo Esencial de la Moda: La Gu\u00eda de Compras Imperdibles para Esta Temporada<\/h3>\n<p>La Semana de la Moda de Nueva York es m\u00e1s que un simple desfile de tendencias; es una explosi\u00f3n de creatividad, innovaci\u00f3n y, por supuesto, estilo. Con cada temporada que llega, surge la pregunta inevitable: \u00bfCu\u00e1les son los art\u00edculos que verdaderamente valen la pena en las tiendas? Aqu\u00ed, te presentamos una selecci\u00f3n de piezas clave, destacadas por expertos en moda, que no solo marcar\u00e1n la pauta, sino que tambi\u00e9n potenciar\u00e1n tu guardarropa de manera espectacular.<\/p>\n<h4>1. <strong>Chaquetas Vers\u00e1tiles<\/strong><\/h4>\n<p>Las chaquetas est\u00e1n en el centro de atenci\u00f3n esta temporada. Desde las cl\u00e1sicas de cuero hasta las modernas de corte oversized, una chaqueta bien elegida puede transformar cualquier outfit. Opta por modelos que ofrezcan m\u00faltiples posibilidades de styling, permiti\u00e9ndote jugar con diversas capas y texturas.<\/p>\n<h4>2. <strong>Prendas con Estampados Audaces<\/strong><\/h4>\n<p>Los estampados vibrantes son el alma de la moda actual. Desde flores exuberantes hasta gr\u00e1ficos minimalistas, estas piezas elevan cualquier look. La clave est\u00e1 en encontrar el equilibrio perfecto: combina estos elegantes estampados con prendas m\u00e1s neutras para un contraste atractivo.<\/p>\n<h4>3. <strong>Accesorios Statement<\/strong><\/h4>\n<p>Los accesorios son el toque final que puede cambiar la narrativa de un atuendo. Bolsos estructurados, pelucas de colores, y joyer\u00eda llamativa son solo algunas de las opciones que pueden agregar un giro inesperado y vanguardista. El uso inteligente de estos elementos te permitir\u00e1 destacar en cualquier evento.<\/p>\n<h4>4. <strong>Calzado de Impacto<\/strong><\/h4>\n<p>El calzado puede hacer o deshacer un outfit. Esta temporada, las botas de plataforma y los zapatos de tac\u00f3n con formas exc\u00e9ntricas son imprescindibles. Un buen par de zapatos no solo te aporta comodidad, sino que tambi\u00e9n puede ser el art\u00edculo estrella de tu look.<\/p>\n<h4>5. <strong>Tejidos Ecol\u00f3gicos y Sostenibles<\/strong><\/h4>\n<p>La sostenibilidad est\u00e1 marcando un nuevo rumbo en el mundo de la moda. Optar por prendas confeccionadas con materiales ecol\u00f3gicos no solo es una elecci\u00f3n responsable, sino tambi\u00e9n estil\u00edstica. Busca dise\u00f1adores que utilicen telas recicladas o t\u00e9cnicas de producci\u00f3n que respeten el medio ambiente.<\/p>\n<h3>\u00bfC\u00f3mo Integrar Estas Tendencias en Tu Estilo?<\/h3>\n<p>Ahora que conoces las tendencias m\u00e1s relevantes, la pregunta es c\u00f3mo integrarlas en tu guardarropa. Aqu\u00ed te damos algunos consejos pr\u00e1cticos:<\/p>\n<ul>\n<li><strong>Capa y Combina<\/strong>: No dudes en superponer diferentes prendas y texturas. La clave es crear un look tridimensional. <\/li>\n<li><strong>Menos es M\u00e1s<\/strong>: A veces, un solo art\u00edculo statement es suficiente para elevar todo un conjunto.<\/li>\n<li><strong>Personaliza Tu Estilo<\/strong>: No tengas miedo de experimentar con combinaciones inusuales. La moda se trata de autoexpresi\u00f3n, as\u00ed que encuentra lo que mejor se adapte a tu personalidad.<\/li>\n<\/ul>\n<h3>\u00a1Haz de Tu Guardarropa un Reflejo de Ti!<\/h3>\n<p>Esta temporada, la oportunidad de destacar est\u00e1 a tu alcance. Con la gu\u00eda de compras correcta, puedes actualizar tu estilo de manera efectiva y emocionante. Ya sea que busques un enfoque audaz o prefieras un aire m\u00e1s cl\u00e1sico, recuerda que cada elecci\u00f3n de moda es una declaraci\u00f3n en s\u00ed misma. \u00a1Atr\u00e9vete a ser el centro de atenci\u00f3n y lleva tu estilo al siguiente nivel!<\/p>\n<p><em> &#8221; Fuentes www.vogue.com &#8221; <\/em><\/p>\n","protected":false},"excerpt":{"rendered":"<p>Lo Esencial de la Moda: La Gu\u00eda de Compras Imperdibles para Esta Temporada La Semana de la Moda de Nueva York es m\u00e1s que un simple desfile de tendencias; es una explosi\u00f3n de creatividad, innovaci\u00f3n y, por supuesto, estilo. Con cada temporada que llega, surge la pregunta inevitable: \u00bfCu\u00e1les son los art\u00edculos que verdaderamente valen [&hellip;]<\/p>\n","protected":false},"author":14,"featured_media":1109707,"comment_status":"open","ping_status":"closed","sticky":false,"template":"","format":"standard","meta":{"om_disable_all_campaigns":false,"jnews-multi-image_gallery":[],"jnews_single_post":[],"jnews_primary_category":[],"jnews_social_meta":[],"footnotes":""},"categories":[144872],"tags":[198537,198594,198536,198535,80520,127294,166,203799,198499,72052,94447,202,217122,372,198500,6194,50356,373],"class_list":["post-1109706","post","type-post","status-publish","format-standard","has-post-thumbnail","hentry","category-fashion","tag-_commerce","tag-_sensitivecontent","tag-_seo","tag-_syndication_noshow","tag-clothing","tag-editors","tag-fashion","tag-nyfw","tag-onecolumn","tag-preparation","tag-runway","tag-shopping","tag-storytypecategory-guide-comparison","tag-style","tag-textabovecenterfullbleed","tag-trends","tag-vogue","tag-web"],"_links":{"self":[{"href":"https:\/\/dimensionturistica.com\/es\/wp-json\/wp\/v2\/posts\/1109706","targetHints":{"allow":["GET"]}}],"collection":[{"href":"https:\/\/dimensionturistica.com\/es\/wp-json\/wp\/v2\/posts"}],"about":[{"href":"https:\/\/dimensionturistica.com\/es\/wp-json\/wp\/v2\/types\/post"}],"author":[{"embeddable":true,"href":"https:\/\/dimensionturistica.com\/es\/wp-json\/wp\/v2\/users\/14"}],"replies":[{"embeddable":true,"href":"https:\/\/dimensionturistica.com\/es\/wp-json\/wp\/v2\/comments?post=1109706"}],"version-history":[{"count":1,"href":"https:\/\/dimensionturistica.com\/es\/wp-json\/wp\/v2\/posts\/1109706\/revisions"}],"predecessor-version":[{"id":1109708,"href":"https:\/\/dimensionturistica.com\/es\/wp-json\/wp\/v2\/posts\/1109706\/revisions\/1109708"}],"wp:featuredmedia":[{"embeddable":true,"href":"https:\/\/dimensionturistica.com\/es\/wp-json\/wp\/v2\/media\/1109707"}],"wp:attachment":[{"href":"https:\/\/dimensionturistica.com\/es\/wp-json\/wp\/v2\/media?parent=1109706"}],"wp:term":[{"taxonomy":"category","embeddable":true,"href":"https:\/\/dimensionturistica.com\/es\/wp-json\/wp\/v2\/categories?post=1109706"},{"taxonomy":"post_tag","embeddable":true,"href":"https:\/\/dimensionturistica.com\/es\/wp-json\/wp\/v2\/tags?post=1109706"}],"curies":[{"name":"wp","href":"https:\/\/api.w.org\/{rel}","templated":true}]}}