{"id":1109700,"date":"2026-02-10T01:29:57","date_gmt":"2026-02-10T01:29:57","guid":{"rendered":"https:\/\/dimensionturistica.com\/es\/?p=1109700"},"modified":"2026-02-10T01:29:57","modified_gmt":"2026-02-10T01:29:57","slug":"espana-en-flor-presentacion-del-viaje-por-las-flores-de-espana","status":"publish","type":"post","link":"https:\/\/dimensionturistica.com\/es\/espana-en-flor-presentacion-del-viaje-por-las-flores-de-espana\/","title":{"rendered":"Espa\u00f1a en Flor: Presentaci\u00f3n del \u2018Viaje por las Flores de Espa\u00f1a\u2019"},"content":{"rendered":"<h3>Descubre Espa\u00f1a a trav\u00e9s de su esplendor floral<\/h3>\n<p>La llegada de la primavera no solo marca un cambio en el clima; es una \u00e9poca en la que la naturaleza se torna exuberante y vibrante. En Espa\u00f1a, este florecimiento trae consigo una oportunidad \u00fanica para sumergirse en un recorrido inolvidable a trav\u00e9s de sus campos y jardines, admirando la diversidad floral que adorna diferentes rincones del pa\u00eds. Este a\u00f1o, se presenta una iniciativa que promete llevar a los viajeros m\u00e1s curiosos en un tour \u00fanico: \u201cEspa\u00f1a de flor en flor\u201d.<\/p>\n<h4>Un Viaje Sensorial<\/h4>\n<p>Imag\u00ednate caminando entre campos de tulipanes en La Rioja, donde los colores brillantes se entrelazan, creando un tapiz visual impresionante. O disfrutando del aroma embriagador de los almendros en flor en las Islas Baleares, cuyas aldeas rurales ofrecen un espect\u00e1culo natural que se complementa con la rica cultura local.<\/p>\n<p>Cada destino seleccionado en este tour viene acompa\u00f1ado de actividades que permiten a los visitantes no solo admirar la flora, sino tambi\u00e9n interactuar con ella. Talleres de jardiner\u00eda, catas de productos locales y visitas a festivales florales son solo algunas de las experiencias que esperan a quienes se atrevan a explorar la belleza de la primavera en Espa\u00f1a.<\/p>\n<h4>Rutas que Cautivan<\/h4>\n<p>Las rutas est\u00e1n cuidadosamente dise\u00f1adas para recorrer algunas de las regiones m\u00e1s emblem\u00e1ticas. Desde los paisajes de los campos de azahar en Valencia hasta los frutales de la costa andaluza, la diversidad es asombrosa. Cada \u00e1rea no solo ofrece un espect\u00e1culo visual, sino tambi\u00e9n la oportunidad de conocer la historia y las costumbres de las comunidades que han vivido en armon\u00eda con la naturaleza durante siglos.<\/p>\n<p>La combinaci\u00f3n de turismo sostenible y agrario se convierte en una forma responsable de disfrutar de estos paisajes. Se promover\u00e1 el apoyo a los agricultores locales, lo que permite una experiencia m\u00e1s aut\u00e9ntica y enriquecedora para todos.<\/p>\n<h4>Un Encuentro con la Cultura<\/h4>\n<p>No se puede hablar de un viaje por Espa\u00f1a sin mencionar su rica oferta cultural. Cada pueblo que se visita durante el recorrido presenta no solo un paisaje florido, sino tambi\u00e9n tradiciones arraigadas, gastronom\u00eda excepcional y festividades. La primavera se celebra de diferentes maneras; en algunos lugares, las ferias florales se convierten en eventos destacados que atraen a locales y turistas por igual.<\/p>\n<p>Las calles se llenan de m\u00fasica, danzas y alegr\u00eda mientras los visitantes tienen la oportunidad de participar en las tradiciones que han estado presentes a lo largo del tiempo. Desde ferias de flores hasta festivales gastron\u00f3micos, la primavera se convierte en una fiesta para los sentidos.<\/p>\n<h4>Una Aventura Inclusiva<\/h4>\n<p>Lo mejor de este innovador tour es que se ha pensado en todos los p\u00fablicos. Tanto si eres un amante de la bot\u00e1nica, un aficionado a la fotograf\u00eda o simplemente buscas escapar de la rutina, \u201cEspa\u00f1a de flor en flor\u201d se adapta a tus necesidades. Las rutas son accesibles y se est\u00e1n desarrollando opciones para que cada visitante pueda disfrutar de esta experiencia sin impedimentos.<\/p>\n<h3>Cierre<\/h3>\n<p>Viajar por Espa\u00f1a durante la primavera es descubrir un pa\u00eds que florece en todos los sentidos. Con \u201cEspa\u00f1a de flor en flor\u201d, tienes la oportunidad de vivir una experiencia \u00fanica que celebra la naturaleza, la cultura y la comunidad. Prep\u00e1rate para dejarte llevar por el color y la fragancia de una de las temporadas m\u00e1s hermosas del a\u00f1o. \u00a1La aventura te espera!<\/p>\n<p><em> &#8221; Fuentes www.elblogoferoz.com &#8221; <\/em><\/p>\n","protected":false},"excerpt":{"rendered":"<p>Descubre Espa\u00f1a a trav\u00e9s de su esplendor floral La llegada de la primavera no solo marca un cambio en el clima; es una \u00e9poca en la que la naturaleza se torna exuberante y vibrante. En Espa\u00f1a, este florecimiento trae consigo una oportunidad \u00fanica para sumergirse en un recorrido inolvidable a trav\u00e9s de sus campos y [&hellip;]<\/p>\n","protected":false},"author":4,"featured_media":1109701,"comment_status":"open","ping_status":"closed","sticky":false,"template":"","format":"standard","meta":{"om_disable_all_campaigns":false,"jnews-multi-image_gallery":[],"jnews_single_post":[],"jnews_primary_category":[],"jnews_social_meta":[],"footnotes":""},"categories":[39],"tags":[186513,770,724,42713,2189,267206,544],"class_list":["post-1109700","post","type-post","status-publish","format-standard","has-post-thumbnail","hentry","category-viajes","tag-ebfnoticias","tag-espana","tag-eventos","tag-floracion","tag-naturaleza","tag-tour-espana","tag-turismo"],"_links":{"self":[{"href":"https:\/\/dimensionturistica.com\/es\/wp-json\/wp\/v2\/posts\/1109700","targetHints":{"allow":["GET"]}}],"collection":[{"href":"https:\/\/dimensionturistica.com\/es\/wp-json\/wp\/v2\/posts"}],"about":[{"href":"https:\/\/dimensionturistica.com\/es\/wp-json\/wp\/v2\/types\/post"}],"author":[{"embeddable":true,"href":"https:\/\/dimensionturistica.com\/es\/wp-json\/wp\/v2\/users\/4"}],"replies":[{"embeddable":true,"href":"https:\/\/dimensionturistica.com\/es\/wp-json\/wp\/v2\/comments?post=1109700"}],"version-history":[{"count":1,"href":"https:\/\/dimensionturistica.com\/es\/wp-json\/wp\/v2\/posts\/1109700\/revisions"}],"predecessor-version":[{"id":1109702,"href":"https:\/\/dimensionturistica.com\/es\/wp-json\/wp\/v2\/posts\/1109700\/revisions\/1109702"}],"wp:featuredmedia":[{"embeddable":true,"href":"https:\/\/dimensionturistica.com\/es\/wp-json\/wp\/v2\/media\/1109701"}],"wp:attachment":[{"href":"https:\/\/dimensionturistica.com\/es\/wp-json\/wp\/v2\/media?parent=1109700"}],"wp:term":[{"taxonomy":"category","embeddable":true,"href":"https:\/\/dimensionturistica.com\/es\/wp-json\/wp\/v2\/categories?post=1109700"},{"taxonomy":"post_tag","embeddable":true,"href":"https:\/\/dimensionturistica.com\/es\/wp-json\/wp\/v2\/tags?post=1109700"}],"curies":[{"name":"wp","href":"https:\/\/api.w.org\/{rel}","templated":true}]}}