{"id":1109558,"date":"2026-02-09T18:53:52","date_gmt":"2026-02-09T18:53:52","guid":{"rendered":"https:\/\/dimensionturistica.com\/es\/?p=1109558"},"modified":"2026-02-09T18:53:52","modified_gmt":"2026-02-09T18:53:52","slug":"sectur-lidera-junto-con-agencias-internacionales-la-transicion-al-turismo-sostenible-en-costas-mexicanas","status":"publish","type":"post","link":"https:\/\/dimensionturistica.com\/es\/sectur-lidera-junto-con-agencias-internacionales-la-transicion-al-turismo-sostenible-en-costas-mexicanas\/","title":{"rendered":"Sectur lidera, junto con agencias internacionales, la transici\u00f3n al turismo sostenible en costas mexicanas"},"content":{"rendered":"\n<p><\/p>\n\n\n\n<figure class=\"wp-block-gallery has-nested-images columns-default is-cropped wp-block-gallery-1 is-layout-flex wp-block-gallery-is-layout-flex\">\n<figure class=\"wp-block-image size-large\"><img decoding=\"async\" width=\"400\" height=\"61\" data-id=\"1109559\" src=\"https:\/\/dimensionturistica.com\/es\/wp-content\/uploads\/2026\/02\/1TURI.jpg\" alt=\"\" class=\"wp-image-1109559\" srcset=\"https:\/\/dimensionturistica.com\/es\/wp-content\/uploads\/2026\/02\/1TURI.jpg 400w, https:\/\/dimensionturistica.com\/es\/wp-content\/uploads\/2026\/02\/1TURI-300x46.jpg 300w\" sizes=\"(max-width: 400px) 100vw, 400px\" \/><\/figure>\n<\/figure>\n\n\n\n<p>La secretaria de Turismo del Gobierno de M\u00e9xico, Josefina Rodr\u00edguez Zamora, inform\u00f3 que, con el objetivo de consolidar un nuevo modelo tur\u00edstico que coloque a la sostenibilidad ambiental, la inclusi\u00f3n social y la Prosperidad Compartida como ejes estrat\u00e9gicos del desarrollo del sector, nuestro pa\u00eds impulsa el proyecto Enfoques Colaborativos Integrados para un Turismo Sostenible (iCOAST).<\/p>\n\n\n\n<figure class=\"wp-block-gallery has-nested-images columns-default is-cropped wp-block-gallery-2 is-layout-flex wp-block-gallery-is-layout-flex\">\n<figure class=\"wp-block-image size-large\"><img decoding=\"async\" width=\"500\" height=\"375\" data-id=\"1109560\" src=\"https:\/\/dimensionturistica.com\/es\/wp-content\/uploads\/2026\/02\/3TURI.jpg\" alt=\"\" class=\"wp-image-1109560\" srcset=\"https:\/\/dimensionturistica.com\/es\/wp-content\/uploads\/2026\/02\/3TURI.jpg 500w, https:\/\/dimensionturistica.com\/es\/wp-content\/uploads\/2026\/02\/3TURI-300x225.jpg 300w\" sizes=\"(max-width: 500px) 100vw, 500px\" \/><\/figure>\n<\/figure>\n\n\n\n<p>La titular de la Secretar\u00eda de Turismo precis\u00f3 que iCOAST M\u00e9xico forma parte del Programa Global iCOAST, financiado por el Fondo para el Medio Ambiente Mundial (GEF), implementado por el Programa de las Naciones Unidas para el Medio Ambiente (PNUMA), con el Programa de las Naciones Unidas para el Desarrollo (PNUD) como agencia l\u00edder, y ejecutado a nivel nacional por Pronatura Noroeste, en coordinaci\u00f3n con el Gobierno de M\u00e9xico.<\/p>\n\n\n\n<p>\u201cEl objetivo es avanzar hacia una transformaci\u00f3n estructural del sector tur\u00edstico, especialmente en los destinos costeros, para fortalecer su competitividad y sostenibilidad mediante la adopci\u00f3n de modelos de bajo carbono, la reducci\u00f3n de la contaminaci\u00f3n, el impulso a la econom\u00eda circular y una mayor resiliencia clim\u00e1tica, con beneficios directos para las comunidades y los territorios\u201d, declar\u00f3.<\/p>\n\n\n\n<figure class=\"wp-block-gallery has-nested-images columns-default is-cropped wp-block-gallery-3 is-layout-flex wp-block-gallery-is-layout-flex\">\n<figure class=\"wp-block-image size-large\"><img decoding=\"async\" width=\"500\" height=\"507\" data-id=\"1109561\" src=\"https:\/\/dimensionturistica.com\/es\/wp-content\/uploads\/2026\/02\/6TURI.jpg\" alt=\"\" class=\"wp-image-1109561\" srcset=\"https:\/\/dimensionturistica.com\/es\/wp-content\/uploads\/2026\/02\/6TURI.jpg 500w, https:\/\/dimensionturistica.com\/es\/wp-content\/uploads\/2026\/02\/6TURI-296x300.jpg 296w, https:\/\/dimensionturistica.com\/es\/wp-content\/uploads\/2026\/02\/6TURI-75x75.jpg 75w\" sizes=\"(max-width: 500px) 100vw, 500px\" \/><\/figure>\n<\/figure>\n\n\n\n<p>Detall\u00f3 que, en su implementaci\u00f3n nacional, iCOAST M\u00e9xico se enfoca en los destinos tur\u00edsticos costeros de Baja California, Baja California Sur, Sonora, Sinaloa, Nayarit y Jalisco, regiones de alto valor ambiental y tur\u00edstico que concentran una parte relevante de la actividad econ\u00f3mica del sector, as\u00ed como de la biodiversidad marina y costera del pa\u00eds.<\/p>\n\n\n\n<figure class=\"wp-block-gallery has-nested-images columns-default is-cropped wp-block-gallery-4 is-layout-flex wp-block-gallery-is-layout-flex\">\n<figure class=\"wp-block-image size-large\"><img decoding=\"async\" width=\"500\" height=\"375\" data-id=\"1109562\" src=\"https:\/\/dimensionturistica.com\/es\/wp-content\/uploads\/2026\/02\/11TURI.jpg\" alt=\"\" class=\"wp-image-1109562\" srcset=\"https:\/\/dimensionturistica.com\/es\/wp-content\/uploads\/2026\/02\/11TURI.jpg 500w, https:\/\/dimensionturistica.com\/es\/wp-content\/uploads\/2026\/02\/11TURI-300x225.jpg 300w\" sizes=\"(max-width: 500px) 100vw, 500px\" \/><\/figure>\n<\/figure>\n\n\n\n<p>Entre los principales impactos del proyecto destaca la reducci\u00f3n de emisiones contaminantes con un impacto clim\u00e1tico similar al que generan m\u00e1s de 405 mil toneladas de di\u00f3xido de carbono, as\u00ed como la disminuci\u00f3n de residuos pl\u00e1sticos, t\u00f3xicos y sustancias qu\u00edmicas peligrosas. Adem\u00e1s, se fortalecer\u00e1 la protecci\u00f3n y el manejo responsable de los ecosistemas marinos y costeros. Se estima que m\u00e1s de 877 mil personas se beneficiar\u00e1n de manera directa, con un enfoque que promueve la igualdad de g\u00e9nero y la inclusi\u00f3n social.<\/p>\n\n\n\n<p>\u201ciCOAST representa una oportunidad para demostrar que el crecimiento del turismo puede ir de la mano con la protecci\u00f3n de nuestros ecosistemas, la generaci\u00f3n de empleos verdes y el fortalecimiento de las econom\u00edas locales\u201d, destac\u00f3 Rodr\u00edguez Zamora.<\/p>\n\n\n\n<figure class=\"wp-block-gallery has-nested-images columns-default is-cropped wp-block-gallery-5 is-layout-flex wp-block-gallery-is-layout-flex\">\n<figure class=\"wp-block-image size-large\"><img decoding=\"async\" width=\"500\" height=\"333\" data-id=\"1109563\" src=\"https:\/\/dimensionturistica.com\/es\/wp-content\/uploads\/2026\/02\/22TURI.jpg\" alt=\"\" class=\"wp-image-1109563\" srcset=\"https:\/\/dimensionturistica.com\/es\/wp-content\/uploads\/2026\/02\/22TURI.jpg 500w, https:\/\/dimensionturistica.com\/es\/wp-content\/uploads\/2026\/02\/22TURI-300x200.jpg 300w\" sizes=\"(max-width: 500px) 100vw, 500px\" \/><\/figure>\n<\/figure>\n\n\n\n<p>El proyecto iCOAST M\u00e9xico ha concluido satisfactoriamente su fase de preparaci\u00f3n, cumpliendo en su totalidad con las actividades t\u00e9cnicas y financieras previstas. La propuesta fue presentada formalmente al Secretariado del GEF y cuenta con la carta de endoso del Punto Focal Operativo del GEF en M\u00e9xico, as\u00ed como con las aprobaciones internas del PNUMA y del PNUD.<\/p>\n\n\n\n<p>Actualmente, el proyecto se encuentra en etapa de revisi\u00f3n t\u00e9cnica por parte del Secretariado del GEF, como paso previo a su autorizaci\u00f3n final. Durante este proceso, las agencias internacionales y las contrapartes nacionales mantienen una coordinaci\u00f3n estrecha para atender observaciones y maximizar el impacto ambiental y social del proyecto.<\/p>\n\n\n\n<p>Pr\u00f3ximos pasos<\/p>\n\n\n\n<figure class=\"wp-block-gallery has-nested-images columns-default is-cropped wp-block-gallery-6 is-layout-flex wp-block-gallery-is-layout-flex\">\n<figure class=\"wp-block-image size-large\"><img decoding=\"async\" width=\"500\" height=\"333\" data-id=\"1109564\" src=\"https:\/\/dimensionturistica.com\/es\/wp-content\/uploads\/2026\/02\/33TURI.jpg\" alt=\"\" class=\"wp-image-1109564\" srcset=\"https:\/\/dimensionturistica.com\/es\/wp-content\/uploads\/2026\/02\/33TURI.jpg 500w, https:\/\/dimensionturistica.com\/es\/wp-content\/uploads\/2026\/02\/33TURI-300x200.jpg 300w\" sizes=\"(max-width: 500px) 100vw, 500px\" \/><\/figure>\n<\/figure>\n\n\n\n<p>Una vez obtenida la aprobaci\u00f3n final, iCOAST M\u00e9xico iniciar\u00e1 su fase de implementaci\u00f3n en coordinaci\u00f3n con las Secretar\u00edas de Turismo (Sectur), de Medio Ambiente y Recursos Naturales (Semarnat) y de Hacienda y Cr\u00e9dito P\u00fablico (SHCP), gobiernos estatales, el sector privado, Mipymes tur\u00edsticas y comunidades locales.<\/p>\n\n\n\n<p>El proyecto contempla acciones para fortalecer los marcos normativos, movilizar financiamiento sostenible, introducir tecnolog\u00edas limpias, promover pr\u00e1cticas de econom\u00eda circular y consolidar capacidades institucionales, con el objetivo de posicionar al turismo como un aliado estrat\u00e9gico de la acci\u00f3n clim\u00e1tica, la conservaci\u00f3n ambiental y el desarrollo incluyente.<\/p>\n","protected":false},"excerpt":{"rendered":"<p>La secretaria de Turismo del Gobierno de M\u00e9xico, Josefina Rodr\u00edguez Zamora, inform\u00f3 que, con el objetivo de consolidar un nuevo modelo tur\u00edstico que coloque a la sostenibilidad ambiental, la inclusi\u00f3n social y la Prosperidad Compartida como ejes estrat\u00e9gicos del desarrollo del sector, nuestro pa\u00eds impulsa el proyecto Enfoques Colaborativos Integrados para un Turismo Sostenible (iCOAST). [&hellip;]<\/p>\n","protected":false},"author":1,"featured_media":0,"comment_status":"open","ping_status":"closed","sticky":false,"template":"","format":"standard","meta":{"om_disable_all_campaigns":false,"jnews-multi-image_gallery":[],"jnews_single_post":[],"jnews_primary_category":[],"jnews_social_meta":[],"footnotes":""},"categories":[39],"tags":[],"class_list":["post-1109558","post","type-post","status-publish","format-standard","hentry","category-viajes"],"_links":{"self":[{"href":"https:\/\/dimensionturistica.com\/es\/wp-json\/wp\/v2\/posts\/1109558","targetHints":{"allow":["GET"]}}],"collection":[{"href":"https:\/\/dimensionturistica.com\/es\/wp-json\/wp\/v2\/posts"}],"about":[{"href":"https:\/\/dimensionturistica.com\/es\/wp-json\/wp\/v2\/types\/post"}],"author":[{"embeddable":true,"href":"https:\/\/dimensionturistica.com\/es\/wp-json\/wp\/v2\/users\/1"}],"replies":[{"embeddable":true,"href":"https:\/\/dimensionturistica.com\/es\/wp-json\/wp\/v2\/comments?post=1109558"}],"version-history":[{"count":1,"href":"https:\/\/dimensionturistica.com\/es\/wp-json\/wp\/v2\/posts\/1109558\/revisions"}],"predecessor-version":[{"id":1109565,"href":"https:\/\/dimensionturistica.com\/es\/wp-json\/wp\/v2\/posts\/1109558\/revisions\/1109565"}],"wp:attachment":[{"href":"https:\/\/dimensionturistica.com\/es\/wp-json\/wp\/v2\/media?parent=1109558"}],"wp:term":[{"taxonomy":"category","embeddable":true,"href":"https:\/\/dimensionturistica.com\/es\/wp-json\/wp\/v2\/categories?post=1109558"},{"taxonomy":"post_tag","embeddable":true,"href":"https:\/\/dimensionturistica.com\/es\/wp-json\/wp\/v2\/tags?post=1109558"}],"curies":[{"name":"wp","href":"https:\/\/api.w.org\/{rel}","templated":true}]}}