{"id":1109542,"date":"2026-02-09T18:21:25","date_gmt":"2026-02-09T18:21:25","guid":{"rendered":"https:\/\/dimensionturistica.com\/es\/?p=1109542"},"modified":"2026-02-09T18:21:25","modified_gmt":"2026-02-09T18:21:25","slug":"el-secretario-de-turismo-del-estado-de-baja-california-presenta-plan-de-trabajo-2026-2027","status":"publish","type":"post","link":"https:\/\/dimensionturistica.com\/es\/el-secretario-de-turismo-del-estado-de-baja-california-presenta-plan-de-trabajo-2026-2027\/","title":{"rendered":"El secretario de turismo del Estado de baja California presenta plan de trabajo 2026-2027"},"content":{"rendered":"\n<p><\/p>\n\n\n\n<figure class=\"wp-block-gallery has-nested-images columns-default is-cropped wp-block-gallery-1 is-layout-flex wp-block-gallery-is-layout-flex\">\n<figure class=\"wp-block-image size-large\"><img decoding=\"async\" width=\"476\" height=\"133\" data-id=\"1109543\" src=\"https:\/\/dimensionturistica.com\/es\/wp-content\/uploads\/2026\/02\/66CALI.jpg\" alt=\"\" class=\"wp-image-1109543\" srcset=\"https:\/\/dimensionturistica.com\/es\/wp-content\/uploads\/2026\/02\/66CALI.jpg 476w, https:\/\/dimensionturistica.com\/es\/wp-content\/uploads\/2026\/02\/66CALI-300x84.jpg 300w\" sizes=\"(max-width: 476px) 100vw, 476px\" \/><\/figure>\n<\/figure>\n\n\n\n<p>Con el prop\u00f3sito de fortalecer el desarrollo tur\u00edstico de Baja California y en congruencia con la visi\u00f3n de la gobernadora Marina del Pilar Avila Olmeda, el secretario de Turismo, Miguel \u00c1ngel Badiola Monta\u00f1o, present\u00f3 el Plan de Trabajo 2026\u20132027 ante integrantes de la cadena de valor tur\u00edstica.<\/p>\n\n\n\n<p>Durante su mensaje, el secretario destac\u00f3 que el turismo se ha posicionado como un eje estrat\u00e9gico para el crecimiento econ\u00f3mico y bienestar social de la entidad, por lo que el Plan de Trabajo prioriza la implementaci\u00f3n de acciones concretas y medibles que permitan consolidar la competitividad del sector y asegurar su crecimiento sostenido.<\/p>\n\n\n\n<figure class=\"wp-block-gallery has-nested-images columns-default is-cropped wp-block-gallery-2 is-layout-flex wp-block-gallery-is-layout-flex\">\n<figure class=\"wp-block-image size-large\"><img decoding=\"async\" width=\"1024\" height=\"576\" data-id=\"1109544\" src=\"https:\/\/dimensionturistica.com\/es\/wp-content\/uploads\/2026\/02\/001-6-1024x576.jpeg\" alt=\"\" class=\"wp-image-1109544\" srcset=\"https:\/\/dimensionturistica.com\/es\/wp-content\/uploads\/2026\/02\/001-6-1024x576.jpeg 1024w, https:\/\/dimensionturistica.com\/es\/wp-content\/uploads\/2026\/02\/001-6-300x169.jpeg 300w, https:\/\/dimensionturistica.com\/es\/wp-content\/uploads\/2026\/02\/001-6-768x432.jpeg 768w, https:\/\/dimensionturistica.com\/es\/wp-content\/uploads\/2026\/02\/001-6-1536x863.jpeg 1536w, https:\/\/dimensionturistica.com\/es\/wp-content\/uploads\/2026\/02\/001-6-2048x1151.jpeg 2048w, https:\/\/dimensionturistica.com\/es\/wp-content\/uploads\/2026\/02\/001-6-750x422.jpeg 750w, https:\/\/dimensionturistica.com\/es\/wp-content\/uploads\/2026\/02\/001-6-1140x641.jpeg 1140w\" sizes=\"(max-width: 1024px) 100vw, 1024px\" \/><\/figure>\n<\/figure>\n\n\n\n<p>En este marco, se presentaron los objetivos estrat\u00e9gicos del Plan de Trabajo 2026\u20132027, orientados a consolidar el liderazgo gastron\u00f3mico de Baja California, fortalecer la conectividad, impulsar un turismo sostenible e incluyente, reforzar la promoci\u00f3n tur\u00edstica y afianzar la colaboraci\u00f3n binacional.<\/p>\n\n\n\n<p>En su intervenci\u00f3n, la subsecretaria de Turismo, Martha Dom\u00ednguez Uscanga, dio a conocer los ejes de acci\u00f3n y proyectos prioritarios de la dependencia, subrayando las estrategias enfocadas al desarrollo del turismo de reuniones, aventura y naturaleza, pesca deportiva, as\u00ed como los segmentos inmobiliario y gastron\u00f3mico.<\/p>\n\n\n\n<figure class=\"wp-block-gallery has-nested-images columns-default is-cropped wp-block-gallery-3 is-layout-flex wp-block-gallery-is-layout-flex\">\n<figure class=\"wp-block-image size-large\"><img decoding=\"async\" width=\"500\" height=\"280\" data-id=\"1109547\" src=\"https:\/\/dimensionturistica.com\/es\/wp-content\/uploads\/2026\/02\/8CALI.jpg\" alt=\"\" class=\"wp-image-1109547\" srcset=\"https:\/\/dimensionturistica.com\/es\/wp-content\/uploads\/2026\/02\/8CALI.jpg 500w, https:\/\/dimensionturistica.com\/es\/wp-content\/uploads\/2026\/02\/8CALI-300x168.jpg 300w\" sizes=\"(max-width: 500px) 100vw, 500px\" \/><\/figure>\n<\/figure>\n\n\n\n<p>Asimismo, el secretario Badiola realiz\u00f3 la presentaci\u00f3n de su equipo de trabajo en las diversas \u00e1reas que integran la dependencia estatal, destacando el compromiso de las y los servidores p\u00fablicos, asegurando que las y los integrantes del sector tur\u00edstico cuentan con un aliado en la Secretar\u00eda de Turismo de Baja California, as\u00ed como en el equipo que lo acompa\u00f1a, con plena disposici\u00f3n para escuchar, mantener un di\u00e1logo permanente y fungir como enlace para la atenci\u00f3n y canalizaci\u00f3n de sus planteamientos.<\/p>\n\n\n\n<figure class=\"wp-block-gallery has-nested-images columns-default is-cropped wp-block-gallery-4 is-layout-flex wp-block-gallery-is-layout-flex\">\n<figure class=\"wp-block-image size-large\"><img decoding=\"async\" width=\"500\" height=\"281\" data-id=\"1109548\" src=\"https:\/\/dimensionturistica.com\/es\/wp-content\/uploads\/2026\/02\/1CALI.jpg\" alt=\"\" class=\"wp-image-1109548\" srcset=\"https:\/\/dimensionturistica.com\/es\/wp-content\/uploads\/2026\/02\/1CALI.jpg 500w, https:\/\/dimensionturistica.com\/es\/wp-content\/uploads\/2026\/02\/1CALI-300x169.jpg 300w\" sizes=\"(max-width: 500px) 100vw, 500px\" \/><\/figure>\n<\/figure>\n\n\n\n<p>Finalmente, hizo un llamado a unir esfuerzos, conocimientos y experiencias para fortalecerse tanto como especialistas como sociedad, reiterando que el trabajo conjunto es fundamental para consolidar un sector tur\u00edstico m\u00e1s s\u00f3lido y mejor preparado para los retos actuales y futuros.<\/p>\n\n\n\n<figure class=\"wp-block-gallery has-nested-images columns-default is-cropped wp-block-gallery-5 is-layout-flex wp-block-gallery-is-layout-flex\">\n<figure class=\"wp-block-image size-large\"><img decoding=\"async\" width=\"1024\" height=\"576\" data-id=\"1109549\" src=\"https:\/\/dimensionturistica.com\/es\/wp-content\/uploads\/2026\/02\/001-3-1024x576.jpeg\" alt=\"\" class=\"wp-image-1109549\" srcset=\"https:\/\/dimensionturistica.com\/es\/wp-content\/uploads\/2026\/02\/001-3-1024x576.jpeg 1024w, https:\/\/dimensionturistica.com\/es\/wp-content\/uploads\/2026\/02\/001-3-300x169.jpeg 300w, https:\/\/dimensionturistica.com\/es\/wp-content\/uploads\/2026\/02\/001-3-768x432.jpeg 768w, https:\/\/dimensionturistica.com\/es\/wp-content\/uploads\/2026\/02\/001-3-1536x864.jpeg 1536w, https:\/\/dimensionturistica.com\/es\/wp-content\/uploads\/2026\/02\/001-3-2048x1152.jpeg 2048w, https:\/\/dimensionturistica.com\/es\/wp-content\/uploads\/2026\/02\/001-3-750x422.jpeg 750w, https:\/\/dimensionturistica.com\/es\/wp-content\/uploads\/2026\/02\/001-3-1140x641.jpeg 1140w\" sizes=\"(max-width: 1024px) 100vw, 1024px\" \/><\/figure>\n<\/figure>\n\n\n\n<p>El evento cont\u00f3 con la presencia de la presidenta municipal del H. X Ayuntamiento de Playas de Rosarito, Mar\u00eda del Roc\u00edo Adame Mu\u00f1oz; de Teresita del Ni\u00f1o Jes\u00fas Ruiz Mendoza, diputada presidenta de la Comisi\u00f3n de Turismo e Inversi\u00f3n de la XXV Legislatura del Congreso del Estado, as\u00ed como de autoridades, representantes y personalidades del sector tur\u00edstico de Baja California.<\/p>\n","protected":false},"excerpt":{"rendered":"<p>Con el prop\u00f3sito de fortalecer el desarrollo tur\u00edstico de Baja California y en congruencia con la visi\u00f3n de la gobernadora Marina del Pilar Avila Olmeda, el secretario de Turismo, Miguel \u00c1ngel Badiola Monta\u00f1o, present\u00f3 el Plan de Trabajo 2026\u20132027 ante integrantes de la cadena de valor tur\u00edstica. Durante su mensaje, el secretario destac\u00f3 que el [&hellip;]<\/p>\n","protected":false},"author":1,"featured_media":0,"comment_status":"open","ping_status":"closed","sticky":false,"template":"","format":"standard","meta":{"om_disable_all_campaigns":false,"jnews-multi-image_gallery":[],"jnews_single_post":[],"jnews_primary_category":[],"jnews_social_meta":[],"footnotes":""},"categories":[39],"tags":[],"class_list":["post-1109542","post","type-post","status-publish","format-standard","hentry","category-viajes"],"_links":{"self":[{"href":"https:\/\/dimensionturistica.com\/es\/wp-json\/wp\/v2\/posts\/1109542","targetHints":{"allow":["GET"]}}],"collection":[{"href":"https:\/\/dimensionturistica.com\/es\/wp-json\/wp\/v2\/posts"}],"about":[{"href":"https:\/\/dimensionturistica.com\/es\/wp-json\/wp\/v2\/types\/post"}],"author":[{"embeddable":true,"href":"https:\/\/dimensionturistica.com\/es\/wp-json\/wp\/v2\/users\/1"}],"replies":[{"embeddable":true,"href":"https:\/\/dimensionturistica.com\/es\/wp-json\/wp\/v2\/comments?post=1109542"}],"version-history":[{"count":1,"href":"https:\/\/dimensionturistica.com\/es\/wp-json\/wp\/v2\/posts\/1109542\/revisions"}],"predecessor-version":[{"id":1109550,"href":"https:\/\/dimensionturistica.com\/es\/wp-json\/wp\/v2\/posts\/1109542\/revisions\/1109550"}],"wp:attachment":[{"href":"https:\/\/dimensionturistica.com\/es\/wp-json\/wp\/v2\/media?parent=1109542"}],"wp:term":[{"taxonomy":"category","embeddable":true,"href":"https:\/\/dimensionturistica.com\/es\/wp-json\/wp\/v2\/categories?post=1109542"},{"taxonomy":"post_tag","embeddable":true,"href":"https:\/\/dimensionturistica.com\/es\/wp-json\/wp\/v2\/tags?post=1109542"}],"curies":[{"name":"wp","href":"https:\/\/api.w.org\/{rel}","templated":true}]}}