{"id":1109273,"date":"2026-02-09T01:15:58","date_gmt":"2026-02-09T01:15:58","guid":{"rendered":"https:\/\/dimensionturistica.com\/es\/?p=1109273"},"modified":"2026-02-09T01:15:58","modified_gmt":"2026-02-09T01:15:58","slug":"pedro-alonso-nino-brilla-en-mijas-24-25","status":"publish","type":"post","link":"https:\/\/dimensionturistica.com\/es\/pedro-alonso-nino-brilla-en-mijas-24-25\/","title":{"rendered":"Pedro Alonso Ni\u00f1o brilla en Mijas 24-25."},"content":{"rendered":"<h3>Descubriendo Mijas: Un Para\u00edso Cultural y Gastron\u00f3mico<\/h3>\n<p>Mijas, un encantador pueblo andaluz suspendido entre la monta\u00f1a y el mar Mediterr\u00e1neo, se ha convertido en un destino irresistible para los amantes de la cultura, el arte y la buena gastronom\u00eda. Este pintoresco enclave, con su arquitectura blanca y laberintos de calles empedradas, no solo refleja la esencia de la Costa del Sol, sino que tambi\u00e9n alberga eventos que catapultan su atractivo a nuevas dimensiones.<\/p>\n<p>Recientemente, Mijas ha sido el escenario de una celebraci\u00f3n que ha dejado una huella imborrable en la comunidad local y en los visitantes que han tenido la suerte de asistir. Un evento que ha reunido a talentos emergentes y a la cultura regional en un festival vibrante que, m\u00e1s all\u00e1 de su faceta festiva, ha promovido un espacio de apoyo y exposici\u00f3n para artistas locales. Hubo m\u00fasica, arte y gastronom\u00eda local en un formato que no solo deleit\u00f3 los sentidos, sino que tambi\u00e9n fortaleci\u00f3 el tejido cultural de la comarca.<\/p>\n<p>La muestra a la que los asistentes tuvieron acceso incluy\u00f3 una diversidad impresionante de propuestas art\u00edsticas y gastron\u00f3micas. Los restaurantes locales se unieron para ofrecer lo mejor de la cocina andaluza, desde tapas tradicionales hasta innovaciones que combinan sabores aut\u00f3ctonos con t\u00e9cnicas modernas. Esta fusi\u00f3n no solo pone de manifiesto el talento de los chefs, sino que tambi\u00e9n invita a los visitantes a vivir una experiencia que va m\u00e1s all\u00e1 de simplemente comer: se trata de celebrar la rica herencia culinaria de la regi\u00f3n.<\/p>\n<p>Pero Mijas no se detiene en lo gastron\u00f3mico. Sus calles se convirtieron en un escenario donde la m\u00fasica, el arte y el talento local se entrelazaron. Desde artistas en vivo hasta exposiciones de arte en espacios inesperados, la creatividad de Mijas brill\u00f3 con fuerza. Este tipo de din\u00e1micas no solo enriquece la oferta tur\u00edstica, sino que tambi\u00e9n crea un sentido de comunidad, mostrando c\u00f3mo las tradiciones y las nuevas expresiones art\u00edsticas pueden coexistir y florecer.<\/p>\n<p>Lejos de las multitudes de los destinos tur\u00edsticos m\u00e1s conocidos, Mijas se revela como un lugar donde se puede disfrutar de la esencia de Andaluc\u00eda. Las colinas que rodean el pueblo ofrecen vistas impresionantes, mientras que las playas cercanas invitan a relajarse al sol en un entorno de ensue\u00f1o. Para los que buscan una escapada cultural, este encantador destino ofrece la combinaci\u00f3n perfecta de actividades, desde asistir a un festival vibrante hasta explorar galer\u00edas de arte y disfrutar de una buena comida.<\/p>\n<p>En conclusi\u00f3n, Mijas es un destino que enamora a turistas y locales por igual. Su reciente \u00e9xito en la celebraci\u00f3n de la cultura y la gastronom\u00eda resalta su compromiso de seguir siendo un sitio de encuentro para aquellos que buscan lo aut\u00e9ntico. Sin duda, este pueblo andaluz promete ser el lugar ideal para descubrir el verdadero esp\u00edritu de la Costa del Sol, un rinc\u00f3n donde cada visita se convierte en una experiencia inolvidable. As\u00ed que, si a\u00fan no lo has visitado, \u00a1no pierdas la oportunidad de sumergirte en este vibrantemente bello lugar!<\/p>\n<p><em> &#8221; Fuentes columnadigital.com &#8221; <\/em><\/p>\n","protected":false},"excerpt":{"rendered":"<p>Descubriendo Mijas: Un Para\u00edso Cultural y Gastron\u00f3mico Mijas, un encantador pueblo andaluz suspendido entre la monta\u00f1a y el mar Mediterr\u00e1neo, se ha convertido en un destino irresistible para los amantes de la cultura, el arte y la buena gastronom\u00eda. Este pintoresco enclave, con su arquitectura blanca y laberintos de calles empedradas, no solo refleja la [&hellip;]<\/p>\n","protected":false},"author":4,"featured_media":1109274,"comment_status":"open","ping_status":"closed","sticky":false,"template":"","format":"standard","meta":{"om_disable_all_campaigns":false,"jnews-multi-image_gallery":[],"jnews_single_post":[],"jnews_primary_category":[],"jnews_social_meta":[],"footnotes":""},"categories":[39],"tags":[6495,2448,233985,4506,662,664,724,6643,21708,267066,22401,5544,2222,32367,544,1032],"class_list":["post-1109273","post","type-post","status-publish","format-standard","has-post-thumbnail","hentry","category-viajes","tag-6495","tag-celebracion","tag-columna-digital","tag-competicion","tag-cultura","tag-deporte","tag-eventos","tag-historia","tag-mijas","tag-pedro-alonso-nino","tag-rendimiento","tag-resiliencia","tag-tradicion","tag-triunfo","tag-turismo","tag-victoria"],"_links":{"self":[{"href":"https:\/\/dimensionturistica.com\/es\/wp-json\/wp\/v2\/posts\/1109273","targetHints":{"allow":["GET"]}}],"collection":[{"href":"https:\/\/dimensionturistica.com\/es\/wp-json\/wp\/v2\/posts"}],"about":[{"href":"https:\/\/dimensionturistica.com\/es\/wp-json\/wp\/v2\/types\/post"}],"author":[{"embeddable":true,"href":"https:\/\/dimensionturistica.com\/es\/wp-json\/wp\/v2\/users\/4"}],"replies":[{"embeddable":true,"href":"https:\/\/dimensionturistica.com\/es\/wp-json\/wp\/v2\/comments?post=1109273"}],"version-history":[{"count":1,"href":"https:\/\/dimensionturistica.com\/es\/wp-json\/wp\/v2\/posts\/1109273\/revisions"}],"predecessor-version":[{"id":1109275,"href":"https:\/\/dimensionturistica.com\/es\/wp-json\/wp\/v2\/posts\/1109273\/revisions\/1109275"}],"wp:featuredmedia":[{"embeddable":true,"href":"https:\/\/dimensionturistica.com\/es\/wp-json\/wp\/v2\/media\/1109274"}],"wp:attachment":[{"href":"https:\/\/dimensionturistica.com\/es\/wp-json\/wp\/v2\/media?parent=1109273"}],"wp:term":[{"taxonomy":"category","embeddable":true,"href":"https:\/\/dimensionturistica.com\/es\/wp-json\/wp\/v2\/categories?post=1109273"},{"taxonomy":"post_tag","embeddable":true,"href":"https:\/\/dimensionturistica.com\/es\/wp-json\/wp\/v2\/tags?post=1109273"}],"curies":[{"name":"wp","href":"https:\/\/api.w.org\/{rel}","templated":true}]}}