{"id":1109143,"date":"2026-02-08T17:54:21","date_gmt":"2026-02-08T17:54:21","guid":{"rendered":"https:\/\/dimensionturistica.com\/es\/?p=1109143"},"modified":"2026-02-08T17:54:21","modified_gmt":"2026-02-08T17:54:21","slug":"culmino-con-un-gran-exito-banorte-nacion-de-vinos-2026-evento-que-se-consolida-como-un-encuentro-del-vino-mexicano-mas-importante-y-exclusivo-del-pais","status":"publish","type":"post","link":"https:\/\/dimensionturistica.com\/es\/culmino-con-un-gran-exito-banorte-nacion-de-vinos-2026-evento-que-se-consolida-como-un-encuentro-del-vino-mexicano-mas-importante-y-exclusivo-del-pais\/","title":{"rendered":"Culmino con un gran \u00e9xito Banorte naci\u00f3n de vinos 2026. Evento que se consolida como un encuentro del Vino Mexicano m\u00e1s importante y exclusivo del pa\u00eds"},"content":{"rendered":"\n<figure class=\"wp-block-gallery has-nested-images columns-default is-cropped wp-block-gallery-1 is-layout-flex wp-block-gallery-is-layout-flex\">\n<figure class=\"wp-block-image size-large\"><img decoding=\"async\" width=\"500\" height=\"332\" data-id=\"1109144\" src=\"https:\/\/dimensionturistica.com\/es\/wp-content\/uploads\/2026\/02\/55VINOS.jpg\" alt=\"\" class=\"wp-image-1109144\" srcset=\"https:\/\/dimensionturistica.com\/es\/wp-content\/uploads\/2026\/02\/55VINOS.jpg 500w, https:\/\/dimensionturistica.com\/es\/wp-content\/uploads\/2026\/02\/55VINOS-300x199.jpg 300w\" sizes=\"(max-width: 500px) 100vw, 500px\" \/><\/figure>\n<\/figure>\n\n\n\n<p>Ante la presencia de m\u00e1s de 4,000 personas entre los dos d\u00edas de evento, Banorte Naci\u00f3n de Vinos 2025 se consolid\u00f3 como el evento de vino mexicano m\u00e1s importante del pa\u00eds. Con un total de 85 bodegas de vino mexicano presentes, Banorte Naci\u00f3n de Vinos se consolida una vez m\u00e1s como el evento m\u00e1s relevante del pa\u00eds tanto para los propietarios y en\u00f3logos de las principales bodegas de vino del pa\u00eds como para lo amantes del vino que se dieron cita en el Campo Marte.<\/p>\n\n\n\n<figure class=\"wp-block-gallery has-nested-images columns-default is-cropped wp-block-gallery-2 is-layout-flex wp-block-gallery-is-layout-flex\">\n<figure class=\"wp-block-image size-large\"><img decoding=\"async\" width=\"1024\" height=\"768\" data-id=\"1109145\" src=\"https:\/\/dimensionturistica.com\/es\/wp-content\/uploads\/2026\/02\/1N4A7725-1024x768.jpg\" alt=\"\" class=\"wp-image-1109145\" srcset=\"https:\/\/dimensionturistica.com\/es\/wp-content\/uploads\/2026\/02\/1N4A7725-1024x768.jpg 1024w, https:\/\/dimensionturistica.com\/es\/wp-content\/uploads\/2026\/02\/1N4A7725-300x225.jpg 300w, https:\/\/dimensionturistica.com\/es\/wp-content\/uploads\/2026\/02\/1N4A7725-768x576.jpg 768w, https:\/\/dimensionturistica.com\/es\/wp-content\/uploads\/2026\/02\/1N4A7725-1536x1152.jpg 1536w, https:\/\/dimensionturistica.com\/es\/wp-content\/uploads\/2026\/02\/1N4A7725-750x563.jpg 750w, https:\/\/dimensionturistica.com\/es\/wp-content\/uploads\/2026\/02\/1N4A7725-1140x855.jpg 1140w, https:\/\/dimensionturistica.com\/es\/wp-content\/uploads\/2026\/02\/1N4A7725.jpg 2048w\" sizes=\"(max-width: 1024px) 100vw, 1024px\" \/><\/figure>\n<\/figure>\n\n\n\n<p>Daniela Mijares, directora general de Paladar, resalt\u00f3 que \u201cEn esta edici\u00f3n, Banorte Naci\u00f3n de Vinos se consolida como la plataforma m\u00e1s importante del vino mexicano: un espacio abierto de celebraci\u00f3n, descubrimiento y encuentro, donde el vino se vive sin barreras.<\/p>\n\n\n\n<figure class=\"wp-block-gallery has-nested-images columns-default is-cropped wp-block-gallery-3 is-layout-flex wp-block-gallery-is-layout-flex\">\n<figure class=\"wp-block-image size-large\"><img decoding=\"async\" width=\"500\" height=\"281\" data-id=\"1109146\" src=\"https:\/\/dimensionturistica.com\/es\/wp-content\/uploads\/2026\/02\/1VINO.jpg\" alt=\"\" class=\"wp-image-1109146\" srcset=\"https:\/\/dimensionturistica.com\/es\/wp-content\/uploads\/2026\/02\/1VINO.jpg 500w, https:\/\/dimensionturistica.com\/es\/wp-content\/uploads\/2026\/02\/1VINO-300x169.jpg 300w\" sizes=\"(max-width: 500px) 100vw, 500px\" \/><\/figure>\n<\/figure>\n\n\n\n<p>Banorte Naci\u00f3n de Vinos acerca el vino mexicano a apasionados, profesionales y nuevas audiencias, invita a explorar y aprender sin miedo, y al mismo tiempo hace industria, detonando relaciones reales y reflejando la visi\u00f3n de Paladar de impulsar la gastronom\u00eda y la enolog\u00eda mexicanas como motores de cultura, conexi\u00f3n y sentido de comunidad\u201d.<\/p>\n\n\n\n<figure class=\"wp-block-gallery has-nested-images columns-default is-cropped wp-block-gallery-4 is-layout-flex wp-block-gallery-is-layout-flex\">\n<figure class=\"wp-block-image size-large\"><img decoding=\"async\" width=\"500\" height=\"281\" data-id=\"1109147\" src=\"https:\/\/dimensionturistica.com\/es\/wp-content\/uploads\/2026\/02\/4VINO.jpg\" alt=\"\" class=\"wp-image-1109147\" srcset=\"https:\/\/dimensionturistica.com\/es\/wp-content\/uploads\/2026\/02\/4VINO.jpg 500w, https:\/\/dimensionturistica.com\/es\/wp-content\/uploads\/2026\/02\/4VINO-300x169.jpg 300w\" sizes=\"(max-width: 500px) 100vw, 500px\" \/><\/figure>\n<\/figure>\n\n\n\n<p>Carla Juan Chelala, Directora General de Mercadotecnia de Grupo Financiero Banorte mencion\u00f3 que: &#8220;Una vez m\u00e1s, Banorte Naci\u00f3n de Vinos excede las expectativas, presentando un evento de alt\u00edsimo nivel que se consolida como el gran encuentro de vino en este pa\u00eds.<\/p>\n\n\n\n<p>Para Grupo Financiero Banorte, es un gran privilegio poder presentar una celebraci\u00f3n como \u00e9sta y poder ser testigos en primera fila de la fuerza que ha cobrado la industria del vino en M\u00e9xico gracias al trabajo de mexicanos apasionados por este producto tan fascinante que es el vino. Celebramos el trabajo de mujeres y hombres, en\u00f3logas, en\u00f3logos, productores, sommeliers y cada eslab\u00f3n de la cadena que \u2013sumado al creciente inter\u00e9s de los consumidores\u2013 hacen cada vez m\u00e1s fuerte la Naci\u00f3n de Vinos&#8221;.<\/p>\n\n\n\n<figure class=\"wp-block-gallery has-nested-images columns-default is-cropped wp-block-gallery-5 is-layout-flex wp-block-gallery-is-layout-flex\">\n<figure class=\"wp-block-image size-large\"><img decoding=\"async\" width=\"1024\" height=\"768\" data-id=\"1109148\" src=\"https:\/\/dimensionturistica.com\/es\/wp-content\/uploads\/2026\/02\/1N4A7733-1024x768.jpg\" alt=\"\" class=\"wp-image-1109148\" srcset=\"https:\/\/dimensionturistica.com\/es\/wp-content\/uploads\/2026\/02\/1N4A7733-1024x768.jpg 1024w, https:\/\/dimensionturistica.com\/es\/wp-content\/uploads\/2026\/02\/1N4A7733-300x225.jpg 300w, https:\/\/dimensionturistica.com\/es\/wp-content\/uploads\/2026\/02\/1N4A7733-768x576.jpg 768w, https:\/\/dimensionturistica.com\/es\/wp-content\/uploads\/2026\/02\/1N4A7733-1536x1152.jpg 1536w, https:\/\/dimensionturistica.com\/es\/wp-content\/uploads\/2026\/02\/1N4A7733-750x563.jpg 750w, https:\/\/dimensionturistica.com\/es\/wp-content\/uploads\/2026\/02\/1N4A7733-1140x855.jpg 1140w, https:\/\/dimensionturistica.com\/es\/wp-content\/uploads\/2026\/02\/1N4A7733.jpg 2048w\" sizes=\"(max-width: 1024px) 100vw, 1024px\" \/><\/figure>\n<\/figure>\n\n\n\n<p>Por su parte, Luciana Francisco, Head de Marketing para BMW Latinoamerica, mencion\u00f3 que: \u201cPara BMW estar presente en Banorte Naci\u00f3n de Vinos es una oportunidad de apoyar inciativas de alto impacto que comulguen con los valores de marca de BMW\u201d. La firma alemana presenta Banorte Naci\u00f3n de Vinos por segundo a\u00f1o consecutivo. En el evento se presentaron veh\u00edculos BMW, tal como el M2, un deportivo dise\u00f1ado por el mexicano Jos\u00e9 Casas y producido en la planta de San Luis Potos\u00ed.<\/p>\n\n\n\n<figure class=\"wp-block-gallery has-nested-images columns-default is-cropped wp-block-gallery-6 is-layout-flex wp-block-gallery-is-layout-flex\">\n<figure class=\"wp-block-image size-large\"><img decoding=\"async\" width=\"500\" height=\"281\" data-id=\"1109149\" src=\"https:\/\/dimensionturistica.com\/es\/wp-content\/uploads\/2026\/02\/6VINO.jpg\" alt=\"\" class=\"wp-image-1109149\" srcset=\"https:\/\/dimensionturistica.com\/es\/wp-content\/uploads\/2026\/02\/6VINO.jpg 500w, https:\/\/dimensionturistica.com\/es\/wp-content\/uploads\/2026\/02\/6VINO-300x169.jpg 300w\" sizes=\"(max-width: 500px) 100vw, 500px\" \/><\/figure>\n<\/figure>\n\n\n\n<p>El mi\u00e9rcoles 28 de enero se llev\u00f3 a cabo el Espacio B2B de Banorte Naci\u00f3n de Vinos 2026, un encuentro estrat\u00e9gico dise\u00f1ado para detonar negocios y fortalecer el mercado del vino mexicano, donde m\u00e1s de 200 tomadores de decisi\u00f3n \u2014sommeliers, compradores, restauranteros y distribuidores\u2014 sostuvieron reuniones uno a uno con m\u00e1s de 80 bodegas, en un formato enfocado a la generaci\u00f3n de relaciones comerciales reales, la apertura de nuevos canales y la creaci\u00f3n de oportunidades de mercado; curado y convocado por los sommeliers Sandra Fern\u00e1ndez y Andr\u00e9s Amor, en colaboraci\u00f3n con Paladar, Espacio B2B logr\u00f3 trascender la degustaci\u00f3n para convertirse en una verdadera plataforma de&nbsp; vinculaci\u00f3n comercial, validada y celebrada tanto por bodegueros como por los principales actores del canal. \u201cLas conexiones que se generan durante Espacio B2B son determinantes para que Banorte Naci\u00f3n de Vinos se vuelva ese primer gran momento del a\u00f1o para que las bodegas y sus compradores establezcan una serie de relaciones comerciales que potencializan el valor del evento como un catalizador de la industria y un referente en la estrategia comercial de cada una de las bodegas presentes en la Naci\u00f3n\u201d, se\u00f1al\u00f3 la sommelier Sandra Fern\u00e1ndez.<\/p>\n\n\n\n<p>Al finalizar el Espacio B2B se llevaron a cabo dos momentos clave, ante la presencia de medios de comunicaci\u00f3n, instancias gubernamentales y representantes de las bodegas participantes. En primer lugar, la Lic. B\u00e1rbara Botello Santib\u00e1\u00f1ez, Directora General de Marca Nacional \u201cHecho en M\u00e9xico\u201d de la Secretar\u00eda de Econom\u00eda, encabez\u00f3 la ceremonia de entrega del sello Hecho en M\u00e9xico a Banorte Naci\u00f3n de Vinos, en reconocimiento a su contribuci\u00f3n al fortalecimiento de la industria vitivin\u00edcola nacional, a la consolidaci\u00f3n del mercado interno y a su papel como una plataforma que articula cadena de valor, identidad productiva y orgullo por el producto bien hecho en M\u00e9xico, en representaci\u00f3n del Lic. Marcelo Ebrard, Secretario de Econom\u00eda de M\u00e9xico.<\/p>\n\n\n\n<figure class=\"wp-block-gallery has-nested-images columns-default is-cropped wp-block-gallery-7 is-layout-flex wp-block-gallery-is-layout-flex\">\n<figure class=\"wp-block-image size-large\"><img decoding=\"async\" width=\"500\" height=\"333\" data-id=\"1109150\" src=\"https:\/\/dimensionturistica.com\/es\/wp-content\/uploads\/2026\/02\/8VINO.jpg\" alt=\"\" class=\"wp-image-1109150\" srcset=\"https:\/\/dimensionturistica.com\/es\/wp-content\/uploads\/2026\/02\/8VINO.jpg 500w, https:\/\/dimensionturistica.com\/es\/wp-content\/uploads\/2026\/02\/8VINO-300x200.jpg 300w\" sizes=\"(max-width: 500px) 100vw, 500px\" \/><\/figure>\n<\/figure>\n\n\n\n<p>Posteriormente se celebr\u00f3 la entrega de los Premios Naci\u00f3n: en primera cuenta, el premio de Sustentabilidad y Medio Ambiente \u2013presentado por BMW\u2013 a la vin\u00edcola Mogor Bad\u00e1n, de Baja California, por su filosof\u00eda de sustentabilidad y su compromiso con el medio ambiente, recibido por la gran en\u00f3loga Natalia Bad\u00e1n, una de las mujeres m\u00e1s respetadas en la industria y pionera del vino en el Valle de Guadalupe. Por otro lado, se entreg\u00f3 el Premio Naci\u00f3n a la Trayectoria Enol\u00f3gica, otorgado este a\u00f1o a Hugo D\u2019Acosta, de Casa de Piedra, en\u00f3logo, mentor y una de las figuras m\u00e1s determinantes en la historia del vino mexicano. Ambos premios fueron votados por todas las bodegas participantes en la s\u00e9ptima edici\u00f3n de Banorte Naci\u00f3n de Vinos.<\/p>\n\n\n\n<figure class=\"wp-block-gallery has-nested-images columns-default is-cropped wp-block-gallery-8 is-layout-flex wp-block-gallery-is-layout-flex\">\n<figure class=\"wp-block-image size-large\"><img decoding=\"async\" width=\"500\" height=\"332\" data-id=\"1109151\" src=\"https:\/\/dimensionturistica.com\/es\/wp-content\/uploads\/2026\/02\/11VINOS.jpg\" alt=\"\" class=\"wp-image-1109151\" srcset=\"https:\/\/dimensionturistica.com\/es\/wp-content\/uploads\/2026\/02\/11VINOS.jpg 500w, https:\/\/dimensionturistica.com\/es\/wp-content\/uploads\/2026\/02\/11VINOS-300x199.jpg 300w\" sizes=\"(max-width: 500px) 100vw, 500px\" \/><\/figure>\n<\/figure>\n\n\n\n<p>Este a\u00f1o, Banorte Naci\u00f3n de Vinos incorpor\u00f3 un esquema de venta directa de vino dise\u00f1ado como una herramienta de impulso al consumo y fortalecimiento del mercado interno, con precios preferenciales para los asistentes y un beneficio adicional del 10% al pagar con tarjetas Banorte. M\u00e1s que un objetivo comercial del evento, esta iniciativa busca extender la experiencia m\u00e1s all\u00e1 de Naci\u00f3n, incentivar la compra de vino mexicano y traducir el inter\u00e9s del p\u00fablico en apoyo tangible al.vino mexicano.<\/p>\n\n\n\n<p>Como referente de la industria vin\u00edcola nacional, la Secretar\u00eda de Turismo del gobierno de Baja California se sum\u00f3 desde el primer vistazo al evento, con una experiencia inmersiva en el lobby, en donde se present\u00f3 el concepto del a\u00f1o, inspirado en el sol del atardecer en los siete valles vin\u00edcolas de Baja California. Al respecto, el Secretario de Turismo de Baja California, el Lic. Miguel \u00c1ngel Badiola se\u00f1al\u00f3 que: \u201cBanorte Naci\u00f3n de Vinos est\u00e1 consolidado como la plataforma m\u00e1s importante a nivel nacional que celebra lo mejor del vino mexicano y que, al mismo tiempo, proyecta a Baja California como el coraz\u00f3n del enoturismo nacional. La vinicultura en nuestro estado es una actividad transversal que impulsa al turismo, la gastronom\u00eda y la agricultura, sin dejar de lado el cuidado al medio ambiente; generando una cadena de valor que fortalece el desarrollo econ\u00f3mico de la regi\u00f3n y el bienestar de nuestra gente\u201d.<\/p>\n\n\n\n<figure class=\"wp-block-gallery has-nested-images columns-default is-cropped wp-block-gallery-9 is-layout-flex wp-block-gallery-is-layout-flex\">\n<figure class=\"wp-block-image size-large\"><img decoding=\"async\" width=\"500\" height=\"333\" data-id=\"1109152\" src=\"https:\/\/dimensionturistica.com\/es\/wp-content\/uploads\/2026\/02\/7VINO.jpg\" alt=\"\" class=\"wp-image-1109152\" srcset=\"https:\/\/dimensionturistica.com\/es\/wp-content\/uploads\/2026\/02\/7VINO.jpg 500w, https:\/\/dimensionturistica.com\/es\/wp-content\/uploads\/2026\/02\/7VINO-300x200.jpg 300w\" sizes=\"(max-width: 500px) 100vw, 500px\" \/><\/figure>\n<\/figure>\n\n\n\n<p>Como parte de la experiencia gastron\u00f3mica de este a\u00f1o, Banorte Naci\u00f3n de Vinos present\u00f3 ocho restaurantes \u2013Itacate del Mar, Carmela y Sal, Pargot, Bartola, Siembra, Al Andal\u00fas, Zeru y La Docena, \u2013, adem\u00e1s de cuatro reconocidos cocktail bars: Bar Mauro, FOMA, Caf\u00e9 de Nadie y Long Story Short. En la terraza Heineken, el maridaje entre cerveza y cocina lo puso el restaurante Comal Oculto, de la Ciudad de M\u00e9xico, reconocido en 2025 por la Gu\u00eda Michelin.<\/p>\n\n\n\n<p>El evento culmin\u00f3 con la presencia de la ic\u00f3nica banda La Sonora Santanera, en un momento que convoc\u00f3 a todos los asistentes a bailar en medio del escenario temas cl\u00e1sicos como \u201cLa Boa\u201d, \u201cPerfume de Gardenias\u201d, \u201cAmor de Cabaret\u201d, entre otras.<\/p>\n\n\n\n<p>Banorte Naci\u00f3n de Vinos es un evento que vive gracias a sus patrocinadores y aliados: Grupo Financiero Banorte, BMW, Secretar\u00eda de Turismo de Baja California, Secretar\u00eda de Turismo de San Luis Potos\u00ed, Heineken, Hotel Camino Real Polanco, Dolores Premium, Lieb, El Califa, Hisense, EcoShell y Soft Restaurant.<\/p>\n\n\n\n<figure class=\"wp-block-gallery has-nested-images columns-default is-cropped wp-block-gallery-10 is-layout-flex wp-block-gallery-is-layout-flex\">\n<figure class=\"wp-block-image size-large\"><img decoding=\"async\" width=\"500\" height=\"281\" data-id=\"1109154\" src=\"https:\/\/dimensionturistica.com\/es\/wp-content\/uploads\/2026\/02\/5VINO.jpg\" alt=\"\" class=\"wp-image-1109154\" srcset=\"https:\/\/dimensionturistica.com\/es\/wp-content\/uploads\/2026\/02\/5VINO.jpg 500w, https:\/\/dimensionturistica.com\/es\/wp-content\/uploads\/2026\/02\/5VINO-300x169.jpg 300w\" sizes=\"(max-width: 500px) 100vw, 500px\" \/><\/figure>\n<\/figure>\n\n\n\n<p>Banorte Naci\u00f3n de Vinos, presentado por BMW, es un evento de Paladar, la agencia de vinculaci\u00f3n gastron\u00f3mica l\u00edder en M\u00e9xico y Latinoam\u00e9rica. Paladar es responsable y propietaria de grandes marcas como M\u00fci, plataforma de pop-ups gastron\u00f3micos; Taco Chilango, el festival de tacos m\u00e1s grande del pa\u00eds; y \u00c9pico Live Cooking, el evento de cocina m\u00e1s importante de M\u00e9xico en Monterrey; adem\u00e1s de la arquitectura, dise\u00f1o y ejecuci\u00f3n de m\u00e1s de 150 experiencias gatron\u00f3micas para grandes anunciantes durante el a\u00f1o. Paladar es una empresa de Driven.<\/p>\n","protected":false},"excerpt":{"rendered":"<p>Ante la presencia de m\u00e1s de 4,000 personas entre los dos d\u00edas de evento, Banorte Naci\u00f3n de Vinos 2025 se consolid\u00f3 como el evento de vino mexicano m\u00e1s importante del pa\u00eds. Con un total de 85 bodegas de vino mexicano presentes, Banorte Naci\u00f3n de Vinos se consolida una vez m\u00e1s como el evento m\u00e1s relevante [&hellip;]<\/p>\n","protected":false},"author":1,"featured_media":0,"comment_status":"open","ping_status":"closed","sticky":false,"template":"","format":"standard","meta":{"om_disable_all_campaigns":false,"jnews-multi-image_gallery":[],"jnews_single_post":[],"jnews_primary_category":[],"jnews_social_meta":[],"footnotes":""},"categories":[43],"tags":[],"class_list":["post-1109143","post","type-post","status-publish","format-standard","hentry","category-gourmet"],"_links":{"self":[{"href":"https:\/\/dimensionturistica.com\/es\/wp-json\/wp\/v2\/posts\/1109143","targetHints":{"allow":["GET"]}}],"collection":[{"href":"https:\/\/dimensionturistica.com\/es\/wp-json\/wp\/v2\/posts"}],"about":[{"href":"https:\/\/dimensionturistica.com\/es\/wp-json\/wp\/v2\/types\/post"}],"author":[{"embeddable":true,"href":"https:\/\/dimensionturistica.com\/es\/wp-json\/wp\/v2\/users\/1"}],"replies":[{"embeddable":true,"href":"https:\/\/dimensionturistica.com\/es\/wp-json\/wp\/v2\/comments?post=1109143"}],"version-history":[{"count":1,"href":"https:\/\/dimensionturistica.com\/es\/wp-json\/wp\/v2\/posts\/1109143\/revisions"}],"predecessor-version":[{"id":1109155,"href":"https:\/\/dimensionturistica.com\/es\/wp-json\/wp\/v2\/posts\/1109143\/revisions\/1109155"}],"wp:attachment":[{"href":"https:\/\/dimensionturistica.com\/es\/wp-json\/wp\/v2\/media?parent=1109143"}],"wp:term":[{"taxonomy":"category","embeddable":true,"href":"https:\/\/dimensionturistica.com\/es\/wp-json\/wp\/v2\/categories?post=1109143"},{"taxonomy":"post_tag","embeddable":true,"href":"https:\/\/dimensionturistica.com\/es\/wp-json\/wp\/v2\/tags?post=1109143"}],"curies":[{"name":"wp","href":"https:\/\/api.w.org\/{rel}","templated":true}]}}