{"id":1109124,"date":"2026-02-08T16:38:54","date_gmt":"2026-02-08T16:38:54","guid":{"rendered":"https:\/\/dimensionturistica.com\/es\/?p=1109124"},"modified":"2026-02-08T16:38:54","modified_gmt":"2026-02-08T16:38:54","slug":"la-propiedad-se-alza-como-hotel-insignia-para-los-viajes-hibridos-como-primera-propiedad-en-mexico-bajo-la-renovada-propuesta-de-crowne-plaza","status":"publish","type":"post","link":"https:\/\/dimensionturistica.com\/es\/la-propiedad-se-alza-como-hotel-insignia-para-los-viajes-hibridos-como-primera-propiedad-en-mexico-bajo-la-renovada-propuesta-de-crowne-plaza\/","title":{"rendered":"La propiedad se alza como hotel insignia para los viajes h\u00edbridos, como primera propiedad en M\u00e9xico bajo la renovada propuesta de Crowne Plaza."},"content":{"rendered":"\n<figure class=\"wp-block-gallery has-nested-images columns-default is-cropped wp-block-gallery-1 is-layout-flex wp-block-gallery-is-layout-flex\">\n<figure class=\"wp-block-image size-large\"><img decoding=\"async\" width=\"500\" height=\"142\" data-id=\"1109125\" src=\"https:\/\/dimensionturistica.com\/es\/wp-content\/uploads\/2026\/02\/6CROENW.jpg\" alt=\"\" class=\"wp-image-1109125\" srcset=\"https:\/\/dimensionturistica.com\/es\/wp-content\/uploads\/2026\/02\/6CROENW.jpg 500w, https:\/\/dimensionturistica.com\/es\/wp-content\/uploads\/2026\/02\/6CROENW-300x85.jpg 300w\" sizes=\"(max-width: 500px) 100vw, 500px\" \/><\/figure>\n<\/figure>\n\n\n\n<p>Crowne Plaza M\u00e9rida celebr\u00f3 oficialmente su inauguraci\u00f3n con un acto protocolario de corte de list\u00f3n, en presencia de autoridades gubernamentales, representantes del sector tur\u00edstico y medios de comunicaci\u00f3n, marcando un hito al convertirse en el primer hotel en M\u00e9xico en realizar su conversi\u00f3n bajo la renovada propuesta de valor de la ic\u00f3nica marca Crowne Plaza, una de las m\u00e1s celebradas de la cadena internacional IHG Hotels &amp; Resorts, en el segmento premium a nivel global.<\/p>\n\n\n\n<p>Con m\u00e1s de 40 a\u00f1os de legado internacional, Crowne Plaza es una marca hotelera de servicio completo que responde a las nuevas formas de viajar, trabajar y conectar, con un enfoque en flexibilidad, conectividad y bienestar. Ofreciendo experiencias que inspiran tanto a viajeros corporativos, como de placer y ocio<\/p>\n\n\n\n<figure class=\"wp-block-gallery has-nested-images columns-default is-cropped wp-block-gallery-2 is-layout-flex wp-block-gallery-is-layout-flex\">\n<figure class=\"wp-block-image size-large\"><img decoding=\"async\" width=\"500\" height=\"243\" data-id=\"1109126\" src=\"https:\/\/dimensionturistica.com\/es\/wp-content\/uploads\/2026\/02\/4CROWNE.jpg\" alt=\"\" class=\"wp-image-1109126\" srcset=\"https:\/\/dimensionturistica.com\/es\/wp-content\/uploads\/2026\/02\/4CROWNE.jpg 500w, https:\/\/dimensionturistica.com\/es\/wp-content\/uploads\/2026\/02\/4CROWNE-300x146.jpg 300w\" sizes=\"(max-width: 500px) 100vw, 500px\" \/><\/figure>\n<\/figure>\n\n\n\n<p>\u201cEstamos muy entusiasmados de traer a M\u00e9rida una marca global como Crowne Plaza, que redefine la experiencia hotelera premium y se adapta a las necesidades del viajero contempor\u00e1neo, acorde a la modernidad y a las nuevas din\u00e1micas del hu\u00e9sped informado, diverso y exigente\u201d, destacaron directivos del hotel durante la rueda de prensa.<\/p>\n\n\n\n<p>Crowne Plaza M\u00e9rida marcar\u00e1 la diferencia, enfoc\u00e1ndose en atender al viajero h\u00edbrido, un perfil que fusiona de manera natural el bienestar y la productividad, valorando tanto el \u00e9xito profesional como la calidad de vida. Por lo que, cada viaje se convierte en una oportunidad para recargar energ\u00edas, conectar y disfrutar emociones m\u00e1s significativas, ya sea por negocios, placer o una conjugaci\u00f3n de ambos.<\/p>\n\n\n\n<figure class=\"wp-block-gallery has-nested-images columns-default is-cropped wp-block-gallery-3 is-layout-flex wp-block-gallery-is-layout-flex\">\n<figure class=\"wp-block-image size-large\"><img decoding=\"async\" width=\"500\" height=\"760\" data-id=\"1109127\" src=\"https:\/\/dimensionturistica.com\/es\/wp-content\/uploads\/2026\/02\/2CROWNE.jpg\" alt=\"\" class=\"wp-image-1109127\" srcset=\"https:\/\/dimensionturistica.com\/es\/wp-content\/uploads\/2026\/02\/2CROWNE.jpg 500w, https:\/\/dimensionturistica.com\/es\/wp-content\/uploads\/2026\/02\/2CROWNE-197x300.jpg 197w\" sizes=\"(max-width: 500px) 100vw, 500px\" \/><\/figure>\n<\/figure>\n\n\n\n<p>Crowne Plaza M\u00e9rida ofrece 136 habitaciones, dise\u00f1adas para brindar confort, funcionalidad y descanso de nuestro hu\u00e9sped global, as\u00ed como con cinco salones para eventos y reuniones, equipados para atender encuentros corporativos, sociales y convenciones. Estos espacios est\u00e1n respaldados por especialistas en su \u00e1rea y con los est\u00e1ndares de la marca, que acompa\u00f1an cada proyecto con conocimiento experto para garantizar eventos exitosos.<\/p>\n\n\n\n<p>La conversi\u00f3n del hotel represent\u00f3 una importante inversi\u00f3n en infraestructura, tecnolog\u00eda y seguridad, incorporando sistemas de \u00faltima generaci\u00f3n que aseguran calidad, confort y tranquilidad para los hu\u00e9spedes, cumpliendo con las exigencias internacionales de la marca.<\/p>\n\n\n\n<p>Uno de los pilares estrat\u00e9gicos de Crowne Plaza M\u00e9rida es su propuesta gastron\u00f3mica a trav\u00e9s del restaurante Aroma Lima, un concepto que combina platillos tradicionales yucatecos con cocina internacional, ofreciendo una experiencia culinaria que resalta los sabores locales y satisface a un viajero diverso, tanto nacional como internacional.<\/p>\n\n\n\n<figure class=\"wp-block-gallery has-nested-images columns-default is-cropped wp-block-gallery-4 is-layout-flex wp-block-gallery-is-layout-flex\">\n<figure class=\"wp-block-image size-large\"><img decoding=\"async\" width=\"500\" height=\"334\" data-id=\"1109128\" src=\"https:\/\/dimensionturistica.com\/es\/wp-content\/uploads\/2026\/02\/3CROWNE.jpg\" alt=\"\" class=\"wp-image-1109128\" srcset=\"https:\/\/dimensionturistica.com\/es\/wp-content\/uploads\/2026\/02\/3CROWNE.jpg 500w, https:\/\/dimensionturistica.com\/es\/wp-content\/uploads\/2026\/02\/3CROWNE-300x200.jpg 300w\" sizes=\"(max-width: 500px) 100vw, 500px\" \/><\/figure>\n<\/figure>\n\n\n\n<p>Con una ubicaci\u00f3n privilegiada en el complejo Mid Center, sobre Prolongaci\u00f3n Paseo de Montejo, Crowne Plaza M\u00e9rida conecta en minutos con el aeropuerto de la ciudad, los principales centros de congresos y convenciones, zonas comerciales, restaurantes de cocina internacional, zonas de playa, sitios arqueol\u00f3gicos, el centro hist\u00f3rico de la ciudad, plazas comerciales, grandes almacenes y oferta gastron\u00f3mica con fluidez y conveniencia.<\/p>\n\n\n\n<p>El dise\u00f1o del hotel pone especial \u00e9nfasis en los espacios de colaboraci\u00f3n y productividad, integrando amplios salones de reuniones, mesas compartidas (Table Share), salas de trabajo para grupos (The Huddle), rincones de trabajo (The Nook) y cabinas individuales (The Single Pod). Estos espacios ubicados en \u00e1reas sociales y el foyer del hotel, permiten a los hu\u00e9spedes realizar llamadas, videoconferencias o trabajar de forma c\u00f3moda, con conectividad eficiente y accesos pr\u00e1cticos para la carga de dispositivos electr\u00f3nicos<\/p>\n\n\n\n<p>Como parte de su identidad local y compromiso con la sustentabilidad y nuestra comunidad, el hotel incorpora en su dise\u00f1o arte elaborado con fibras de henequ\u00e9n, resaltando una tradici\u00f3n profundamente arraigada en la historia yucateca de la \u00e9poca del \u201coro verde\u201d, generando adem\u00e1s un impacto positivo en las comunidades de artesanos de la regi\u00f3n.<\/p>\n\n\n\n<figure class=\"wp-block-gallery has-nested-images columns-default is-cropped wp-block-gallery-5 is-layout-flex wp-block-gallery-is-layout-flex\">\n<figure class=\"wp-block-image size-large\"><img decoding=\"async\" width=\"500\" height=\"331\" data-id=\"1109129\" src=\"https:\/\/dimensionturistica.com\/es\/wp-content\/uploads\/2026\/02\/image_processing20260205-8-uqb24j.png\" alt=\"\" class=\"wp-image-1109129\" srcset=\"https:\/\/dimensionturistica.com\/es\/wp-content\/uploads\/2026\/02\/image_processing20260205-8-uqb24j.png 500w, https:\/\/dimensionturistica.com\/es\/wp-content\/uploads\/2026\/02\/image_processing20260205-8-uqb24j-300x199.png 300w\" sizes=\"(max-width: 500px) 100vw, 500px\" \/><\/figure>\n<\/figure>\n\n\n\n<p>La identidad yucateca tambi\u00e9n se refleja a trav\u00e9s del uso de la madera y la filigrana en tejidos, integrados en los espacios p\u00fablicos del hotel, creados especialmente para celebrarla hospitalidad, el talento humano y el orgullo local que distinguen a este nuevo referente hotelero en la ciudad.<\/p>\n\n\n\n<p>El hotel contar\u00e1 con tarifas preferenciales para eventos programados en la ciudad, como el WTA M\u00e9rida Open, el Concierto de Shakira y otras actividades de relevancia en la capital yucateca.<\/p>\n\n\n\n<p>Crowne Plaza M\u00e9rida ofrece experiencias integrales y conectadas a trav\u00e9s de IHG One Rewards, el programa de lealtad que une a todas las marcas del portafolio global de IHG, permitiendo acumular y canjear puntos de manera flexible, as\u00ed como acceder a beneficios escalables para disfrutar de una experiencia personalizada, sin importar el destino o la marca que elijan, o el motivo de su viaje.<\/p>\n","protected":false},"excerpt":{"rendered":"<p>Crowne Plaza M\u00e9rida celebr\u00f3 oficialmente su inauguraci\u00f3n con un acto protocolario de corte de list\u00f3n, en presencia de autoridades gubernamentales, representantes del sector tur\u00edstico y medios de comunicaci\u00f3n, marcando un hito al convertirse en el primer hotel en M\u00e9xico en realizar su conversi\u00f3n bajo la renovada propuesta de valor de la ic\u00f3nica marca Crowne Plaza, [&hellip;]<\/p>\n","protected":false},"author":1,"featured_media":0,"comment_status":"open","ping_status":"closed","sticky":false,"template":"","format":"standard","meta":{"om_disable_all_campaigns":false,"jnews-multi-image_gallery":[],"jnews_single_post":{"format":"standard"},"jnews_primary_category":[],"jnews_social_meta":[],"footnotes":""},"categories":[39],"tags":[],"class_list":["post-1109124","post","type-post","status-publish","format-standard","hentry","category-viajes"],"_links":{"self":[{"href":"https:\/\/dimensionturistica.com\/es\/wp-json\/wp\/v2\/posts\/1109124","targetHints":{"allow":["GET"]}}],"collection":[{"href":"https:\/\/dimensionturistica.com\/es\/wp-json\/wp\/v2\/posts"}],"about":[{"href":"https:\/\/dimensionturistica.com\/es\/wp-json\/wp\/v2\/types\/post"}],"author":[{"embeddable":true,"href":"https:\/\/dimensionturistica.com\/es\/wp-json\/wp\/v2\/users\/1"}],"replies":[{"embeddable":true,"href":"https:\/\/dimensionturistica.com\/es\/wp-json\/wp\/v2\/comments?post=1109124"}],"version-history":[{"count":1,"href":"https:\/\/dimensionturistica.com\/es\/wp-json\/wp\/v2\/posts\/1109124\/revisions"}],"predecessor-version":[{"id":1109130,"href":"https:\/\/dimensionturistica.com\/es\/wp-json\/wp\/v2\/posts\/1109124\/revisions\/1109130"}],"wp:attachment":[{"href":"https:\/\/dimensionturistica.com\/es\/wp-json\/wp\/v2\/media?parent=1109124"}],"wp:term":[{"taxonomy":"category","embeddable":true,"href":"https:\/\/dimensionturistica.com\/es\/wp-json\/wp\/v2\/categories?post=1109124"},{"taxonomy":"post_tag","embeddable":true,"href":"https:\/\/dimensionturistica.com\/es\/wp-json\/wp\/v2\/tags?post=1109124"}],"curies":[{"name":"wp","href":"https:\/\/api.w.org\/{rel}","templated":true}]}}