{"id":1109074,"date":"2026-02-08T13:40:26","date_gmt":"2026-02-08T13:40:26","guid":{"rendered":"https:\/\/dimensionturistica.com\/es\/?p=1109074"},"modified":"2026-02-08T13:40:26","modified_gmt":"2026-02-08T13:40:26","slug":"6-camisetas-de-los-90-ideales-para-combinar-con-jeans-rectos-en-primavera-2026","status":"publish","type":"post","link":"https:\/\/dimensionturistica.com\/es\/6-camisetas-de-los-90-ideales-para-combinar-con-jeans-rectos-en-primavera-2026\/","title":{"rendered":"6 camisetas de los 90 ideales para combinar con jeans rectos en primavera 2026"},"content":{"rendered":"<h3>Retro: La Vuelta de las Blusas de los 90 en Zara<\/h3>\n<p>En el vibrante mundo de la moda, las tendencias suelen dar giros inesperados, y este 2026 no es la excepci\u00f3n. Zara, uno de los referentes indiscutibles en el sector, ha decidido rendir homenaje a una de las d\u00e9cadas m\u00e1s ic\u00f3nicas: los a\u00f1os 90. La marca presenta una colecci\u00f3n de blusas que no solo captura la esencia de esa \u00e9poca, sino que tambi\u00e9n se fusiona a la perfecci\u00f3n con la est\u00e9tica contempor\u00e1nea. <\/p>\n<h4>\u00bfPor Qu\u00e9 los 90?<\/h4>\n<p>Los a\u00f1os 90 fueron una d\u00e9cada de experimentaci\u00f3n y versatilidad en la moda. Influencias grunge, minimalistas y chic coexistieron y crearon un rico tapiz de estilos. Las blusas de esta temporada evocan esa nostalgia sin caer en la redes del pasado, ofreciendo un dise\u00f1o fresco que promete satisfacer el gusto de los amantes de la moda.<\/p>\n<h4>Blusas que Marcan la Diferencia<\/h4>\n<p>Zara ha lanzado una serie de blusas que se destacan por su diversidad de cortes y texturas. Desde opciones de manga larga hasta blusas sin mangas, cada pieza est\u00e1 dise\u00f1ada para adaptarse a diferentes ocasiones, desde una salida casual hasta una cita nocturna. La gama de colores es igualmente sorprendente, con tonos pastel que suavizan cualquier look y estampados audaces que llaman la atenci\u00f3n.<\/p>\n<p>Una caracter\u00edstica distintiva de estas blusas es su versatilidad; se pueden combinar f\u00e1cilmente con diferentes estilos de jeans, siendo los jeans rectos una elecci\u00f3n ideal. Esta relaci\u00f3n sim\u00e9trica entre las piezas permite crear una silueta equilibrada y moderna, haciendo que el conjunto sea perfecto para cualquier momento del d\u00eda.<\/p>\n<h4>Estilo y Comodidad<\/h4>\n<p>La comodidad se ha vuelto un pilar fundamental en la moda actual, y Zara ha sabido integrar este aspecto en su nueva colecci\u00f3n. Las blusas est\u00e1n confeccionadas en tejidos ligeros que proporcionan libertad de movimiento, a la vez que mantienen un aire sofisticado. As\u00ed, no solo se trata de lucir bien, sino tambi\u00e9n de sentirse bien.<\/p>\n<h4>La Influencia en las Redes Sociales<\/h4>\n<p>Las redes sociales han jugado un papel clave en la resurrecci\u00f3n de las tendencias de los 90. Influencers y fashionistas est\u00e1n adoptando estas piezas y creando looks que r\u00e1pidamente se vuelven virales. La combinaci\u00f3n de blusas de estilo retro con jeans rectos se ha popularizado en plataformas como Instagram y TikTok, generando un eco en la audiencia joven que busca autenticidad y estilo.<\/p>\n<h4>\u00bfListo para la Primavera?<\/h4>\n<p>A medida que se acerca la primavera, la oportunidad de revivir esta est\u00e9tica noventera est\u00e1 m\u00e1s presente que nunca. La colecci\u00f3n de Zara se convierte en una opci\u00f3n irresistible para quienes desean actualizar su guardarropa sin renunciar a la individualidad y la creatividad que caracteriza a cada uno. <\/p>\n<p>No hay duda de que las blusas de los 90 han regresado, y con ellas, la promesa de un estilo que, aunque nost\u00e1lgico, sigue moderniz\u00e1ndose y adapt\u00e1ndose a la actualidad. Mantente atento a la colecci\u00f3n y prep\u00e1rate para hacer una declaraci\u00f3n de estilo esta temporada.<\/p>\n<p><em> &#8221; Fuentes www.vogue.mx &#8221; <\/em><\/p>\n","protected":false},"excerpt":{"rendered":"<p>Retro: La Vuelta de las Blusas de los 90 en Zara En el vibrante mundo de la moda, las tendencias suelen dar giros inesperados, y este 2026 no es la excepci\u00f3n. Zara, uno de los referentes indiscutibles en el sector, ha decidido rendir homenaje a una de las d\u00e9cadas m\u00e1s ic\u00f3nicas: los a\u00f1os 90. La [&hellip;]<\/p>\n","protected":false},"author":14,"featured_media":1109075,"comment_status":"open","ping_status":"closed","sticky":false,"template":"","format":"standard","meta":{"om_disable_all_campaigns":false,"jnews-multi-image_gallery":[],"jnews_single_post":[],"jnews_primary_category":[],"jnews_social_meta":[],"footnotes":""},"categories":[144872],"tags":[88277,200333,206176,16596,201997,659,239477,201620,2182,15320],"class_list":["post-1109074","post","type-post","status-publish","format-standard","has-post-thumbnail","hentry","category-fashion","tag-90s","tag-blusas","tag-estilo-retro","tag-jeans","tag-jeans-rectos","tag-moda","tag-primavera-2026","tag-ropa-femenina","tag-tendencias","tag-zara"],"_links":{"self":[{"href":"https:\/\/dimensionturistica.com\/es\/wp-json\/wp\/v2\/posts\/1109074","targetHints":{"allow":["GET"]}}],"collection":[{"href":"https:\/\/dimensionturistica.com\/es\/wp-json\/wp\/v2\/posts"}],"about":[{"href":"https:\/\/dimensionturistica.com\/es\/wp-json\/wp\/v2\/types\/post"}],"author":[{"embeddable":true,"href":"https:\/\/dimensionturistica.com\/es\/wp-json\/wp\/v2\/users\/14"}],"replies":[{"embeddable":true,"href":"https:\/\/dimensionturistica.com\/es\/wp-json\/wp\/v2\/comments?post=1109074"}],"version-history":[{"count":1,"href":"https:\/\/dimensionturistica.com\/es\/wp-json\/wp\/v2\/posts\/1109074\/revisions"}],"predecessor-version":[{"id":1109076,"href":"https:\/\/dimensionturistica.com\/es\/wp-json\/wp\/v2\/posts\/1109074\/revisions\/1109076"}],"wp:featuredmedia":[{"embeddable":true,"href":"https:\/\/dimensionturistica.com\/es\/wp-json\/wp\/v2\/media\/1109075"}],"wp:attachment":[{"href":"https:\/\/dimensionturistica.com\/es\/wp-json\/wp\/v2\/media?parent=1109074"}],"wp:term":[{"taxonomy":"category","embeddable":true,"href":"https:\/\/dimensionturistica.com\/es\/wp-json\/wp\/v2\/categories?post=1109074"},{"taxonomy":"post_tag","embeddable":true,"href":"https:\/\/dimensionturistica.com\/es\/wp-json\/wp\/v2\/tags?post=1109074"}],"curies":[{"name":"wp","href":"https:\/\/api.w.org\/{rel}","templated":true}]}}