{"id":1108953,"date":"2026-02-08T03:16:11","date_gmt":"2026-02-08T03:16:11","guid":{"rendered":"https:\/\/dimensionturistica.com\/es\/?p=1108953"},"modified":"2026-02-08T03:16:11","modified_gmt":"2026-02-08T03:16:11","slug":"corte-bob-japones-la-tendencia-perfecta-para-renovar-tu-estilo-esta-primavera-2026","status":"publish","type":"post","link":"https:\/\/dimensionturistica.com\/es\/corte-bob-japones-la-tendencia-perfecta-para-renovar-tu-estilo-esta-primavera-2026\/","title":{"rendered":"Corte bob japon\u00e9s: la tendencia perfecta para renovar tu estilo esta primavera 2026"},"content":{"rendered":"<h3>El Corte Bob Japon\u00e9s: Tendencia Imperdible para la Primavera 2026<\/h3>\n<p>Con la llegada de la primavera, el mundo de la moda y la belleza se transforma, presentando nuevas tendencias que invitan a la renovaci\u00f3n. Este a\u00f1o, uno de los cortes de cabello m\u00e1s destacados es el bob japon\u00e9s, una opci\u00f3n que evoca elegancia y frescura, y que ha sido adoptada por diversas celebridades en todo el mundo. Este estilo no solo es vers\u00e1til, sino que tambi\u00e9n se adapta perfectamente a la estaci\u00f3n, ofreciendo una apariencia juvenil y moderna.<\/p>\n<h4>Caracter\u00edsticas del Bob Japon\u00e9s<\/h4>\n<p>El bob japon\u00e9s se distingue por su estructura precisa y su acabado pulido. Este corte, que puede variar en longitud y nivel de asimetr\u00eda, se adapta a diferentes tipos de rostros. La clave est\u00e1 en la t\u00e9cnica de corte, que suele ser m\u00e1s recta y con un ligero desfilado en las puntas, aportando movimiento y dinamismo al cabello. Los flequillos tambi\u00e9n juegan un papel importante, ya que pueden complementar este look y darle un toque \u00fanico.<\/p>\n<h4>\u00bfC\u00f3mo Llevarlo?<\/h4>\n<ol>\n<li>\n<p><strong>Texturas Naturales<\/strong>: El bob japon\u00e9s brilla cuando se combina con una textura natural. Para lograr este efecto, se recomienda utilizar productos que resalten el brillo del cabello, evitando el alisado extremo. Las ondas suaves o un acabado con textura a\u00f1aden un aire relajado y fresco.<\/p>\n<\/li>\n<li>\n<p><strong>Color y Reflejos<\/strong>: La primavera es la \u00e9poca perfecta para experimentar con colores y reflejos. Los tonos pastel y los balayages suaves son ideales para dar vida al bob japon\u00e9s, aportando luminosidad y frescura a la imagen.<\/p>\n<\/li>\n<li>\n<p><strong>Accesorios y Estilos<\/strong>: Complementar este corte con accesorios puede transformar el look. Diademas, pa\u00f1uelos y horquillas est\u00e1n en tendencia, permitiendo personalizar el estilo y adaptarlo a diferentes ocasiones. Para un evento formal, un bob pulido con una diadema puede ser el toque final perfecto.<\/p>\n<\/li>\n<\/ol>\n<h4>Celebrities que Marcan el Ritmo<\/h4>\n<p>Diversas celebridades han adoptado el bob japon\u00e9s, convirti\u00e9ndolo en un s\u00edmbolo de estilo. Actrices y modelos ic\u00f3nicas muestran c\u00f3mo este corte puede reinventarse, ya sea en eventos de alfombra roja o en su d\u00eda a d\u00eda. Desde looks cl\u00e1sicos hasta atrevidos, estas personalidades inspiran a sus seguidores a experimentar con su cabello y adoptar la tendencia.<\/p>\n<p>Adem\u00e1s, las influencers est\u00e1n llevando el bob japon\u00e9s a nuevas alturas en sus plataformas digitales, ofreciendo tutoriales y consejos pr\u00e1cticos para lograr el look deseado. Esta interacci\u00f3n constante con sus seguidores ayuda a mantener el inter\u00e9s en este estilo, impulsando la viralidad de la tendencia.<\/p>\n<h4>\u00bfQui\u00e9nes Pueden Usarlo?<\/h4>\n<p>El bob japon\u00e9s es inclusivo y puede ser lucido por diferentes tipos de personas. Desde quienes tienen el cabello lacio hasta aquellos con ondas naturales, este corte se puede personalizar para resaltar lo mejor de cada individuo. Los estilistas recomiendan considerar la textura y volumen del cabello al optar por este estilo, asegurando que se ajuste perfectamente a cada quien.<\/p>\n<h3>Un Estilo que Atrae Miradas<\/h3>\n<p>Con su elegancia atemporal y su capacidad de adaptarse a diferentes personalidades, el bob japon\u00e9s se perfila como el corte de cabello estrella de la primavera 2026. Su facilidad para llevarlo y su versatilidad lo convierten en una opci\u00f3n ideal para quienes buscan un cambio refrescante esta temporada.<\/p>\n<p>Explorar esta tendencia no solo es una manera de reinventarse, sino tambi\u00e9n de abrazar la belleza en su m\u00e1xima expresi\u00f3n. La primavera est\u00e1 aqu\u00ed y el bob japon\u00e9s se erige como un s\u00edmbolo de frescura y modernidad, listo para atraer todas las miradas.<\/p>\n<p><em> &#8221; Fuentes www.vogue.mx &#8221; <\/em><\/p>\n","protected":false},"excerpt":{"rendered":"<p>El Corte Bob Japon\u00e9s: Tendencia Imperdible para la Primavera 2026 Con la llegada de la primavera, el mundo de la moda y la belleza se transforma, presentando nuevas tendencias que invitan a la renovaci\u00f3n. Este a\u00f1o, uno de los cortes de cabello m\u00e1s destacados es el bob japon\u00e9s, una opci\u00f3n que evoca elegancia y frescura, [&hellip;]<\/p>\n","protected":false},"author":14,"featured_media":1108954,"comment_status":"open","ping_status":"closed","sticky":false,"template":"","format":"standard","meta":{"om_disable_all_campaigns":false,"jnews-multi-image_gallery":[],"jnews_single_post":[],"jnews_primary_category":[],"jnews_social_meta":[],"footnotes":""},"categories":[144872],"tags":[267019,202422,201310,200508,210799,267020,202184,239477,230504,202426],"class_list":["post-1108953","post","type-post","status-publish","format-standard","has-post-thumbnail","hentry","category-fashion","tag-bob-japones","tag-cambio-de-look","tag-corte-de-cabello","tag-cortes-de-cabello","tag-estilo-japones","tag-moda-de-primavera","tag-peinados","tag-primavera-2026","tag-primavera-verano-2026","tag-tendencias-de-cabello"],"_links":{"self":[{"href":"https:\/\/dimensionturistica.com\/es\/wp-json\/wp\/v2\/posts\/1108953","targetHints":{"allow":["GET"]}}],"collection":[{"href":"https:\/\/dimensionturistica.com\/es\/wp-json\/wp\/v2\/posts"}],"about":[{"href":"https:\/\/dimensionturistica.com\/es\/wp-json\/wp\/v2\/types\/post"}],"author":[{"embeddable":true,"href":"https:\/\/dimensionturistica.com\/es\/wp-json\/wp\/v2\/users\/14"}],"replies":[{"embeddable":true,"href":"https:\/\/dimensionturistica.com\/es\/wp-json\/wp\/v2\/comments?post=1108953"}],"version-history":[{"count":1,"href":"https:\/\/dimensionturistica.com\/es\/wp-json\/wp\/v2\/posts\/1108953\/revisions"}],"predecessor-version":[{"id":1108955,"href":"https:\/\/dimensionturistica.com\/es\/wp-json\/wp\/v2\/posts\/1108953\/revisions\/1108955"}],"wp:featuredmedia":[{"embeddable":true,"href":"https:\/\/dimensionturistica.com\/es\/wp-json\/wp\/v2\/media\/1108954"}],"wp:attachment":[{"href":"https:\/\/dimensionturistica.com\/es\/wp-json\/wp\/v2\/media?parent=1108953"}],"wp:term":[{"taxonomy":"category","embeddable":true,"href":"https:\/\/dimensionturistica.com\/es\/wp-json\/wp\/v2\/categories?post=1108953"},{"taxonomy":"post_tag","embeddable":true,"href":"https:\/\/dimensionturistica.com\/es\/wp-json\/wp\/v2\/tags?post=1108953"}],"curies":[{"name":"wp","href":"https:\/\/api.w.org\/{rel}","templated":true}]}}