{"id":1108820,"date":"2026-02-07T17:55:08","date_gmt":"2026-02-07T17:55:08","guid":{"rendered":"https:\/\/dimensionturistica.com\/es\/?p=1108820"},"modified":"2026-02-07T17:55:08","modified_gmt":"2026-02-07T17:55:08","slug":"pan-american-world-airways-elige-la-tecnologia-de-amadeus-para-el-regreso-del-iconico-operador-a-los-cielos","status":"publish","type":"post","link":"https:\/\/dimensionturistica.com\/es\/pan-american-world-airways-elige-la-tecnologia-de-amadeus-para-el-regreso-del-iconico-operador-a-los-cielos\/","title":{"rendered":"Pan American World Airways\u00ae elige la tecnolog\u00eda de Amadeus para el regreso del ic\u00f3nico operador a los cielos"},"content":{"rendered":"\n<p><\/p>\n\n\n\n<figure class=\"wp-block-gallery has-nested-images columns-default is-cropped wp-block-gallery-1 is-layout-flex wp-block-gallery-is-layout-flex\">\n<figure class=\"wp-block-image size-large\"><img decoding=\"async\" width=\"500\" height=\"261\" data-id=\"1108821\" src=\"https:\/\/dimensionturistica.com\/es\/wp-content\/uploads\/2026\/02\/5AMADEUS.jpg\" alt=\"\" class=\"wp-image-1108821\" srcset=\"https:\/\/dimensionturistica.com\/es\/wp-content\/uploads\/2026\/02\/5AMADEUS.jpg 500w, https:\/\/dimensionturistica.com\/es\/wp-content\/uploads\/2026\/02\/5AMADEUS-300x157.jpg 300w\" sizes=\"(max-width: 500px) 100vw, 500px\" \/><\/figure>\n<\/figure>\n\n\n\n<p>Pan American World Airways\u00ae y el proveedor de tecnolog\u00eda transformadora Amadeus han firmado una Carta de Acuerdo (LOA, por sus siglas en ingl\u00e9s) para respaldar el regreso de la ic\u00f3nica Pan American World Airways\u00ae (Pan Am\u00ae) al servicio regular. La renovada Pan Am\u00ae ha seleccionado a Amadeus como su socio estrat\u00e9gico de tecnolog\u00eda para impulsar el relanzamiento de la aerol\u00ednea y apoyar su visi\u00f3n de un viaje a\u00e9reo moderno y centrado en el cliente. Gracias a las soluciones integradas de TI de Amadeus, Pan Am\u00ae estar\u00e1 equipada para ofrecer una experiencia premium de ventas, garantizando al mismo tiempo operaciones confiables y eficientes para sus clientes.<\/p>\n\n\n\n<p>La aerol\u00ednea est\u00e1 programando su regreso a los cielos y trabajando en el lanzamiento oficial de Pan Am\u00ae, sujeto a todas las certificaciones y aprobaciones de la FAA y el DOT de los Estados Unidos. Amadeus ser\u00e1 la base de sus capacidades esenciales de pasajeros y operaciones, respaldando todo, desde la reserva y gesti\u00f3n de inventario sin fricciones hasta los servicios durante el d\u00eda del viaje.<\/p>\n\n\n\n<figure class=\"wp-block-gallery has-nested-images columns-default is-cropped wp-block-gallery-2 is-layout-flex wp-block-gallery-is-layout-flex\">\n<figure class=\"wp-block-image size-large\"><img decoding=\"async\" width=\"500\" height=\"275\" data-id=\"1108822\" src=\"https:\/\/dimensionturistica.com\/es\/wp-content\/uploads\/2026\/02\/3AMADEUS.jpg\" alt=\"\" class=\"wp-image-1108822\" srcset=\"https:\/\/dimensionturistica.com\/es\/wp-content\/uploads\/2026\/02\/3AMADEUS.jpg 500w, https:\/\/dimensionturistica.com\/es\/wp-content\/uploads\/2026\/02\/3AMADEUS-300x165.jpg 300w\" sizes=\"(max-width: 500px) 100vw, 500px\" \/><\/figure>\n<\/figure>\n\n\n\n<p>Pan Am\u00ae tambi\u00e9n ha seleccionado a Amadeus como su socio de distribuci\u00f3n y aprovechar\u00e1 tanto las tecnolog\u00edas NDC como los canales tradicionales para maximizar su visibilidad y alcance en los canales de venta globales.<\/p>\n\n\n\n<p>Pan Am\u00ae es considerada ampliamente como la aerol\u00ednea que defini\u00f3 la era dorada de los vuelos a reacci\u00f3n, alcanzando su apogeo en la d\u00e9cada de los 60 como el transportista internacional m\u00e1s prestigioso del mundo. Sin\u00f3nimo de servicio de primera clase y estilo &#8220;jet-set&#8221; a bordo de los Boeing 707 y 747, la marca transform\u00f3 el acto de volar en un s\u00edmbolo de lujo moderno y conectividad global.<\/p>\n\n\n\n<p>Ed Wegel, Chief Executive Officer &amp; Co-Founder de Pan American World Airways\u00ae, comenta: \u201cPan Am\u00ae es m\u00e1s que una marca; es el nombre m\u00e1s ic\u00f3nico en la historia de la aviaci\u00f3n comercial, y su regreso debe estar impulsado por tecnolog\u00eda de primer nivel. Asociarnos con Amadeus nos da una base de clase mundial para construir una aerol\u00ednea moderna, competitiva y enfocada en el cliente, que honre el legado de Pan Am mientras ofrece la innovaci\u00f3n y confiabilidad que esperan los viajeros de hoy\u201d.<\/p>\n\n\n\n<figure class=\"wp-block-gallery has-nested-images columns-default is-cropped wp-block-gallery-3 is-layout-flex wp-block-gallery-is-layout-flex\">\n<figure class=\"wp-block-image size-large\"><img decoding=\"async\" width=\"500\" height=\"281\" data-id=\"1108823\" src=\"https:\/\/dimensionturistica.com\/es\/wp-content\/uploads\/2026\/02\/1AMADEUS.jpg\" alt=\"\" class=\"wp-image-1108823\" srcset=\"https:\/\/dimensionturistica.com\/es\/wp-content\/uploads\/2026\/02\/1AMADEUS.jpg 500w, https:\/\/dimensionturistica.com\/es\/wp-content\/uploads\/2026\/02\/1AMADEUS-300x169.jpg 300w\" sizes=\"(max-width: 500px) 100vw, 500px\" \/><\/figure>\n<\/figure>\n\n\n\n<p>Kamal Singhee, SVP, Aerol\u00edneas, Norteam\u00e9rica, Amadeus, agrega: \u201cNos sentimos honrados de que la legendaria marca Pan Am\u00ae est\u00e9 lista para regresar a los cielos operando sobre la plataforma tecnol\u00f3gica de Amadeus, preparada para el futuro, combinando el rico legado de la aerol\u00ednea con una oferta moderna de ventas, propuestas personalizadas y una experiencia digital sin interrupciones\u201d.<\/p>\n","protected":false},"excerpt":{"rendered":"<p>Pan American World Airways\u00ae y el proveedor de tecnolog\u00eda transformadora Amadeus han firmado una Carta de Acuerdo (LOA, por sus siglas en ingl\u00e9s) para respaldar el regreso de la ic\u00f3nica Pan American World Airways\u00ae (Pan Am\u00ae) al servicio regular. La renovada Pan Am\u00ae ha seleccionado a Amadeus como su socio estrat\u00e9gico de tecnolog\u00eda para impulsar [&hellip;]<\/p>\n","protected":false},"author":1,"featured_media":0,"comment_status":"open","ping_status":"closed","sticky":false,"template":"","format":"standard","meta":{"om_disable_all_campaigns":false,"jnews-multi-image_gallery":[],"jnews_single_post":[],"jnews_primary_category":[],"jnews_social_meta":[],"footnotes":""},"categories":[39],"tags":[],"class_list":["post-1108820","post","type-post","status-publish","format-standard","hentry","category-viajes"],"_links":{"self":[{"href":"https:\/\/dimensionturistica.com\/es\/wp-json\/wp\/v2\/posts\/1108820","targetHints":{"allow":["GET"]}}],"collection":[{"href":"https:\/\/dimensionturistica.com\/es\/wp-json\/wp\/v2\/posts"}],"about":[{"href":"https:\/\/dimensionturistica.com\/es\/wp-json\/wp\/v2\/types\/post"}],"author":[{"embeddable":true,"href":"https:\/\/dimensionturistica.com\/es\/wp-json\/wp\/v2\/users\/1"}],"replies":[{"embeddable":true,"href":"https:\/\/dimensionturistica.com\/es\/wp-json\/wp\/v2\/comments?post=1108820"}],"version-history":[{"count":1,"href":"https:\/\/dimensionturistica.com\/es\/wp-json\/wp\/v2\/posts\/1108820\/revisions"}],"predecessor-version":[{"id":1108824,"href":"https:\/\/dimensionturistica.com\/es\/wp-json\/wp\/v2\/posts\/1108820\/revisions\/1108824"}],"wp:attachment":[{"href":"https:\/\/dimensionturistica.com\/es\/wp-json\/wp\/v2\/media?parent=1108820"}],"wp:term":[{"taxonomy":"category","embeddable":true,"href":"https:\/\/dimensionturistica.com\/es\/wp-json\/wp\/v2\/categories?post=1108820"},{"taxonomy":"post_tag","embeddable":true,"href":"https:\/\/dimensionturistica.com\/es\/wp-json\/wp\/v2\/tags?post=1108820"}],"curies":[{"name":"wp","href":"https:\/\/api.w.org\/{rel}","templated":true}]}}