{"id":1108799,"date":"2026-02-07T16:48:51","date_gmt":"2026-02-07T16:48:51","guid":{"rendered":"https:\/\/dimensionturistica.com\/es\/?p=1108799"},"modified":"2026-02-07T16:48:51","modified_gmt":"2026-02-07T16:48:51","slug":"san-valentin-entre-ciudad-y-escapada-una-forma-distinta-de-celebrar-en-pareja","status":"publish","type":"post","link":"https:\/\/dimensionturistica.com\/es\/san-valentin-entre-ciudad-y-escapada-una-forma-distinta-de-celebrar-en-pareja\/","title":{"rendered":"San Valent\u00edn entre ciudad y escapada: una forma distinta de celebrar en pareja"},"content":{"rendered":"\n<p><\/p>\n\n\n\n<figure class=\"wp-block-gallery has-nested-images columns-default is-cropped wp-block-gallery-1 is-layout-flex wp-block-gallery-is-layout-flex\">\n<figure class=\"wp-block-image size-large\"><img decoding=\"async\" width=\"500\" height=\"342\" data-id=\"1108803\" src=\"https:\/\/dimensionturistica.com\/es\/wp-content\/uploads\/2026\/02\/1nh.jpg\" alt=\"\" class=\"wp-image-1108803\" srcset=\"https:\/\/dimensionturistica.com\/es\/wp-content\/uploads\/2026\/02\/1nh.jpg 500w, https:\/\/dimensionturistica.com\/es\/wp-content\/uploads\/2026\/02\/1nh-300x205.jpg 300w\" sizes=\"(max-width: 500px) 100vw, 500px\" \/><\/figure>\n<\/figure>\n\n\n\n<p>Minor Hotels, grupo l\u00edder global en hospitalidad con m\u00e1s de 640 propiedades en 59 pa\u00edses anuncia con motivo del D\u00eda de San Valent\u00edn que los hoteles NH, NH Collection y Avani en M\u00e9xico incorporan a su agenda de temporada una propuesta de hospitalidad enfocada en estancias dise\u00f1adas para compartir tiempo en pareja, en distintos destinos urbanos y tur\u00edsticos del pa\u00eds.<\/p>\n\n\n\n<p>La iniciativa forma parte del programa \u201cYou &amp;amp; Me\u201d, una experiencia disponible en hoteles participantes que integra alojamiento para dos personas y una serie de atenciones pensadas para acompa\u00f1ar la estancia del 13 al 15 de febrero. Entre los elementos contemplados se encuentran: desayuno para dos personas, estacionamiento, amenidad de bienvenida en la habitaci\u00f3n y una botella de vino espumoso, as\u00ed como flexibilidad en horarios de entrada y salida.<\/p>\n\n\n\n<figure class=\"wp-block-gallery has-nested-images columns-default is-cropped wp-block-gallery-2 is-layout-flex wp-block-gallery-is-layout-flex\">\n<figure class=\"wp-block-image size-large\"><img decoding=\"async\" width=\"500\" height=\"643\" data-id=\"1108804\" src=\"https:\/\/dimensionturistica.com\/es\/wp-content\/uploads\/2026\/02\/5nh.jpg\" alt=\"\" class=\"wp-image-1108804\" srcset=\"https:\/\/dimensionturistica.com\/es\/wp-content\/uploads\/2026\/02\/5nh.jpg 500w, https:\/\/dimensionturistica.com\/es\/wp-content\/uploads\/2026\/02\/5nh-233x300.jpg 233w\" sizes=\"(max-width: 500px) 100vw, 500px\" \/><\/figure>\n<\/figure>\n\n\n\n<p>Por otro lado, para los clientes que acudan al restaurante en las mismas fechas, podr\u00e1n disfrutar del desayuno al 2 x 1, el cual incluye una variedad de platillos como jugos, frutas, panader\u00eda, carnes fr\u00edas, huevos al gusto, as\u00ed como antojitos mexicanos en \u201cLa esquina del ma\u00edz\u201d, un concepto gastron\u00f3mico que honra la riqueza cultural y culinaria de M\u00e9xico a trav\u00e9s de su ingrediente m\u00e1s representativo: el ma\u00edz.<\/p>\n\n\n\n<p>En M\u00e9xico, el D\u00eda de San Valent\u00edn se vive como una celebraci\u00f3n que trasciende el gesto rom\u00e1ntico para convertirse en un ritual cotidiano: flores que aparecen en el trayecto al trabajo, cenas improvisadas despu\u00e9s de la jornada y escapadas breves que permiten salir de la rutina sin ir demasiado lejos. M\u00e1s que una fecha marcada por grandes planes suele tratarse de crear momentos significativos, donde el tiempo compartido cobra mayor valor que el escenario.<\/p>\n\n\n\n<p>En los \u00faltimos a\u00f1os, esta forma de celebrar ha evolucionado hacia experiencias m\u00e1s \u00edntimas y personales. Las parejas mexicanas privilegian espacios que inviten a pausar, desconectarse del ritmo urbano y redescubrir la ciudad desde otro \u00e1ngulo, ya sea a trav\u00e9s de una noche fuera de casa, un desayuno sin prisas o una estancia que permita prolongar la celebraci\u00f3n m\u00e1s all\u00e1 del 14 de febrero.<\/p>\n\n\n\n<p>Gracias a este tipo de celebraciones es que NH, NH Collection y Avani desarrollan en M\u00e9xico acciones a lo largo del a\u00f1o, con el objetivo de adaptar su oferta a fechas relevantes del calendario y responder a las nuevas formas de viajar y festejar, particularmente en entornos urbanos.<\/p>\n\n\n\n<p>El programa \u201cYou &amp;amp; Me\u201d estar\u00e1 disponible durante el periodo de San Valent\u00edn en hoteles seleccionados del pa\u00eds, con condiciones que pueden variar seg\u00fan la ubicaci\u00f3n y disponibilidad de cada propiedad.<\/p>\n","protected":false},"excerpt":{"rendered":"<p>Minor Hotels, grupo l\u00edder global en hospitalidad con m\u00e1s de 640 propiedades en 59 pa\u00edses anuncia con motivo del D\u00eda de San Valent\u00edn que los hoteles NH, NH Collection y Avani en M\u00e9xico incorporan a su agenda de temporada una propuesta de hospitalidad enfocada en estancias dise\u00f1adas para compartir tiempo en pareja, en distintos destinos [&hellip;]<\/p>\n","protected":false},"author":1,"featured_media":0,"comment_status":"open","ping_status":"closed","sticky":false,"template":"","format":"standard","meta":{"om_disable_all_campaigns":false,"jnews-multi-image_gallery":[],"jnews_single_post":{"format":"standard"},"jnews_primary_category":[],"jnews_social_meta":[],"footnotes":""},"categories":[144872],"tags":[],"class_list":["post-1108799","post","type-post","status-publish","format-standard","hentry","category-fashion"],"_links":{"self":[{"href":"https:\/\/dimensionturistica.com\/es\/wp-json\/wp\/v2\/posts\/1108799","targetHints":{"allow":["GET"]}}],"collection":[{"href":"https:\/\/dimensionturistica.com\/es\/wp-json\/wp\/v2\/posts"}],"about":[{"href":"https:\/\/dimensionturistica.com\/es\/wp-json\/wp\/v2\/types\/post"}],"author":[{"embeddable":true,"href":"https:\/\/dimensionturistica.com\/es\/wp-json\/wp\/v2\/users\/1"}],"replies":[{"embeddable":true,"href":"https:\/\/dimensionturistica.com\/es\/wp-json\/wp\/v2\/comments?post=1108799"}],"version-history":[{"count":1,"href":"https:\/\/dimensionturistica.com\/es\/wp-json\/wp\/v2\/posts\/1108799\/revisions"}],"predecessor-version":[{"id":1108805,"href":"https:\/\/dimensionturistica.com\/es\/wp-json\/wp\/v2\/posts\/1108799\/revisions\/1108805"}],"wp:attachment":[{"href":"https:\/\/dimensionturistica.com\/es\/wp-json\/wp\/v2\/media?parent=1108799"}],"wp:term":[{"taxonomy":"category","embeddable":true,"href":"https:\/\/dimensionturistica.com\/es\/wp-json\/wp\/v2\/categories?post=1108799"},{"taxonomy":"post_tag","embeddable":true,"href":"https:\/\/dimensionturistica.com\/es\/wp-json\/wp\/v2\/tags?post=1108799"}],"curies":[{"name":"wp","href":"https:\/\/api.w.org\/{rel}","templated":true}]}}