{"id":1108787,"date":"2026-02-07T16:29:20","date_gmt":"2026-02-07T16:29:20","guid":{"rendered":"https:\/\/dimensionturistica.com\/es\/?p=1108787"},"modified":"2026-02-07T16:29:20","modified_gmt":"2026-02-07T16:29:20","slug":"impulsa-gobierno-de-morelos-transformacion-turistica-con-programa-maestro","status":"publish","type":"post","link":"https:\/\/dimensionturistica.com\/es\/impulsa-gobierno-de-morelos-transformacion-turistica-con-programa-maestro\/","title":{"rendered":"Impulsa Gobierno de Morelos transformaci\u00f3n tur\u00edstica con Programa Maestro"},"content":{"rendered":"\n<figure class=\"wp-block-gallery has-nested-images columns-default is-cropped wp-block-gallery-1 is-layout-flex wp-block-gallery-is-layout-flex\">\n<figure class=\"wp-block-image size-large\"><img decoding=\"async\" width=\"500\" height=\"139\" data-id=\"1108788\" src=\"https:\/\/dimensionturistica.com\/es\/wp-content\/uploads\/2026\/02\/unnamed-3.png\" alt=\"\" class=\"wp-image-1108788\" srcset=\"https:\/\/dimensionturistica.com\/es\/wp-content\/uploads\/2026\/02\/unnamed-3.png 500w, https:\/\/dimensionturistica.com\/es\/wp-content\/uploads\/2026\/02\/unnamed-3-300x83.png 300w\" sizes=\"(max-width: 500px) 100vw, 500px\" \/><\/figure>\n<\/figure>\n\n\n\n<p>La gobernadora del estado de Morelos, Margarita Gonz\u00e1lez Saravia, encabez\u00f3 la presentaci\u00f3n del Programa Maestro de Desarrollo Tur\u00edstico, elaborado de manera conjunta por la Secretar\u00eda de Turismo y representantes del sector, con el prop\u00f3sito de contar con una herramienta de planeaci\u00f3n que ordene el crecimiento del turismo y fortalezca su impacto en empleo digno, participaci\u00f3n comunitaria y sostenibilidad ambiental.<\/p>\n\n\n\n<figure class=\"wp-block-gallery has-nested-images columns-default is-cropped wp-block-gallery-2 is-layout-flex wp-block-gallery-is-layout-flex\"><\/figure>\n\n\n\n<figure class=\"wp-block-gallery has-nested-images columns-default is-cropped wp-block-gallery-3 is-layout-flex wp-block-gallery-is-layout-flex\">\n<figure class=\"wp-block-image size-large\"><img decoding=\"async\" width=\"500\" height=\"373\" data-id=\"1108789\" src=\"https:\/\/dimensionturistica.com\/es\/wp-content\/uploads\/2026\/02\/1morelos.jpg\" alt=\"\" class=\"wp-image-1108789\" srcset=\"https:\/\/dimensionturistica.com\/es\/wp-content\/uploads\/2026\/02\/1morelos.jpg 500w, https:\/\/dimensionturistica.com\/es\/wp-content\/uploads\/2026\/02\/1morelos-300x224.jpg 300w\" sizes=\"(max-width: 500px) 100vw, 500px\" \/><\/figure>\n<\/figure>\n\n\n\n<p>El acto oficial se realiz\u00f3 en el Centro Cultural Teopanzolco (CCT), en Cuernavaca, donde se dieron cita representantes empresariales, presidentas y presidentes municipales, diputadas y diputados locales, prestadores de servicios, emprendedores y cocineras tradicionales, as\u00ed como Bernardo Cueto Riestra, presidente de la Asociaci\u00f3n de Secretarios de Turismo de M\u00e9xico (ASETUR) y secretario de Turismo de Quintana Roo.<\/p>\n\n\n\n<p>&nbsp;Durante su mensaje, la titular del Poder Ejecutivo subray\u00f3 que esta estrategia participativa \u201cmarcar\u00e1 el rumbo para los pr\u00f3ximos cinco a\u00f1os\u201d, y enfatiz\u00f3 la importancia de evaluar avances y metas para fortalecer un sector que constituye uno de los polos econ\u00f3micos m\u00e1s relevantes en la entidad.<\/p>\n\n\n\n<p>Afirm\u00f3 que Morelos ocupa el d\u00e9cimo lugar nacional entre los destinos sin playa y precis\u00f3 que, de acuerdo con datos del Observatorio Tur\u00edstico Morelense, en 2025 se recibieron 11 millones de visitantes, cifra que confirma la preferencia del p\u00fablico por la entidad.<\/p>\n\n\n\n<p>La presentaci\u00f3n t\u00e9cnica del Programa Maestro estuvo a cargo del secretario de Turismo, Daniel Altafi Valladares, quien explic\u00f3 que el documento establece dos ejes estrat\u00e9gicos: Turismo para el Desarrollo Comunitario, orientado a impulsar prosperidad compartida mediante empleo local e integraci\u00f3n de Micro, Peque\u00f1as y Medianas Empresas (MiPyMEs), y Morelos Tur\u00edstico Sostenible, enfocado en gesti\u00f3n ambiental, ordenamiento territorial y reducci\u00f3n de impactos en destinos prioritarios.<\/p>\n\n\n\n<figure class=\"wp-block-gallery has-nested-images columns-default is-cropped wp-block-gallery-4 is-layout-flex wp-block-gallery-is-layout-flex\">\n<figure class=\"wp-block-image size-large\"><img decoding=\"async\" width=\"500\" height=\"328\" data-id=\"1108790\" src=\"https:\/\/dimensionturistica.com\/es\/wp-content\/uploads\/2026\/02\/7morelos.jpg\" alt=\"\" class=\"wp-image-1108790\" srcset=\"https:\/\/dimensionturistica.com\/es\/wp-content\/uploads\/2026\/02\/7morelos.jpg 500w, https:\/\/dimensionturistica.com\/es\/wp-content\/uploads\/2026\/02\/7morelos-300x197.jpg 300w\" sizes=\"(max-width: 500px) 100vw, 500px\" \/><\/figure>\n<\/figure>\n\n\n\n<p>Altafi Valladares se\u00f1al\u00f3 que el programa define una ruta t\u00e9cnica y medible para elevar la calidad de los servicios tur\u00edsticos y fortalecer la competitividad del estado, mediante capacitaci\u00f3n, certificaci\u00f3n, desarrollo de capacidades locales e infraestructura con impacto social y territorial.<\/p>\n\n\n\n<figure class=\"wp-block-gallery has-nested-images columns-default is-cropped wp-block-gallery-5 is-layout-flex wp-block-gallery-is-layout-flex\">\n<figure class=\"wp-block-image size-large\"><img decoding=\"async\" width=\"500\" height=\"334\" data-id=\"1108791\" src=\"https:\/\/dimensionturistica.com\/es\/wp-content\/uploads\/2026\/02\/unnamed-2.jpg\" alt=\"\" class=\"wp-image-1108791\" srcset=\"https:\/\/dimensionturistica.com\/es\/wp-content\/uploads\/2026\/02\/unnamed-2.jpg 500w, https:\/\/dimensionturistica.com\/es\/wp-content\/uploads\/2026\/02\/unnamed-2-300x200.jpg 300w\" sizes=\"(max-width: 500px) 100vw, 500px\" \/><\/figure>\n<\/figure>\n\n\n\n<p>En representaci\u00f3n del sector tur\u00edstico, la cocinera tradicional Margarita C\u00e1rdenas Nava reconoci\u00f3 la unidad y el trabajo coordinado entre el Gobierno estatal y los distintos actores del ramo, lo que permiti\u00f3 consolidar un documento de alto valor estrat\u00e9gico para el futuro del turismo en Morelos.<\/p>\n\n\n\n<p>Con la puesta en marcha de este instrumento, Morelos consolida una ruta clara para fortalecer el turismo como motor econ\u00f3mico y social, al impulsar un crecimiento ordenado que coloca en el centro a las comunidades y asegura un desarrollo equilibrado a mediano y largo plazo.<\/p>\n","protected":false},"excerpt":{"rendered":"<p>La gobernadora del estado de Morelos, Margarita Gonz\u00e1lez Saravia, encabez\u00f3 la presentaci\u00f3n del Programa Maestro de Desarrollo Tur\u00edstico, elaborado de manera conjunta por la Secretar\u00eda de Turismo y representantes del sector, con el prop\u00f3sito de contar con una herramienta de planeaci\u00f3n que ordene el crecimiento del turismo y fortalezca su impacto en empleo digno, participaci\u00f3n [&hellip;]<\/p>\n","protected":false},"author":1,"featured_media":0,"comment_status":"open","ping_status":"closed","sticky":false,"template":"","format":"standard","meta":{"om_disable_all_campaigns":false,"jnews-multi-image_gallery":[],"jnews_single_post":[],"jnews_primary_category":[],"jnews_social_meta":[],"footnotes":""},"categories":[39],"tags":[],"class_list":["post-1108787","post","type-post","status-publish","format-standard","hentry","category-viajes"],"_links":{"self":[{"href":"https:\/\/dimensionturistica.com\/es\/wp-json\/wp\/v2\/posts\/1108787","targetHints":{"allow":["GET"]}}],"collection":[{"href":"https:\/\/dimensionturistica.com\/es\/wp-json\/wp\/v2\/posts"}],"about":[{"href":"https:\/\/dimensionturistica.com\/es\/wp-json\/wp\/v2\/types\/post"}],"author":[{"embeddable":true,"href":"https:\/\/dimensionturistica.com\/es\/wp-json\/wp\/v2\/users\/1"}],"replies":[{"embeddable":true,"href":"https:\/\/dimensionturistica.com\/es\/wp-json\/wp\/v2\/comments?post=1108787"}],"version-history":[{"count":1,"href":"https:\/\/dimensionturistica.com\/es\/wp-json\/wp\/v2\/posts\/1108787\/revisions"}],"predecessor-version":[{"id":1108792,"href":"https:\/\/dimensionturistica.com\/es\/wp-json\/wp\/v2\/posts\/1108787\/revisions\/1108792"}],"wp:attachment":[{"href":"https:\/\/dimensionturistica.com\/es\/wp-json\/wp\/v2\/media?parent=1108787"}],"wp:term":[{"taxonomy":"category","embeddable":true,"href":"https:\/\/dimensionturistica.com\/es\/wp-json\/wp\/v2\/categories?post=1108787"},{"taxonomy":"post_tag","embeddable":true,"href":"https:\/\/dimensionturistica.com\/es\/wp-json\/wp\/v2\/tags?post=1108787"}],"curies":[{"name":"wp","href":"https:\/\/api.w.org\/{rel}","templated":true}]}}