{"id":1108729,"date":"2026-02-07T13:25:09","date_gmt":"2026-02-07T13:25:09","guid":{"rendered":"https:\/\/dimensionturistica.com\/es\/?p=1108729"},"modified":"2026-02-07T13:25:09","modified_gmt":"2026-02-07T13:25:09","slug":"marcas-de-belleza-los-mejores-looks-de-la-semana-12","status":"publish","type":"post","link":"https:\/\/dimensionturistica.com\/es\/marcas-de-belleza-los-mejores-looks-de-la-semana-12\/","title":{"rendered":"Marcas de Belleza: Los Mejores Looks de la Semana"},"content":{"rendered":"<h3>Belleza al M\u00e1ximo: Las Tendencias M\u00e1s Impactantes de la Semana<\/h3>\n<p>La moda y la belleza son un reflejo vibrante de la creatividad y la innovaci\u00f3n. Esta semana, el universo est\u00e9tico ha brillado intensamente con looks que han capturado la atenci\u00f3n en las pasarelas y redes sociales. Desde rostros luminosos hasta efectos de color audaces, exploramos las tendencias m\u00e1s impactantes que dominaron la escena.<\/p>\n<h4>1. <strong>Frescura Natural con un Toque Glamoroso<\/strong><\/h4>\n<p>El minimalismo se vuelve glamoroso con bases ligeras y toques suaves de iluminador. Este look resalta la belleza natural, fusionando la frescura con un acabado radiante que refleja una confianza desinhibida. Las celebridades han optado por sombras en tonos neutros, destacando la frescura del cutis. La clave est\u00e1 en mantener el equilibrio, utilizando productos que realzan sin cubrir en exceso.<\/p>\n<h4>2. <strong>Colores Vibrantes para Destacar<\/strong><\/h4>\n<p>La paleta de colores se ha llenado de energ\u00eda, con labiales en tonos intensos como el fucsia y el rojo vibrante. Estas elecciones no solo aportan un aire audaz, sino que tambi\u00e9n transforman cualquier look sencillo en una declaraci\u00f3n de estilo. Los delineadores de colores, en particular, est\u00e1n marcando su territorio, llevando la est\u00e9tica a nuevos niveles. Imaginar un delineado en azul el\u00e9ctrico o verde esmeralda se convierte en una realidad avasalladora.<\/p>\n<h4>3. <strong>Efectos Met\u00e1licos y Brillantes<\/strong><\/h4>\n<p>Los acabados met\u00e1licos est\u00e1n marcando una tendencia fuerte esta semana, con sombras que brillan como joyas. El uso de brillos sutiles en los p\u00e1rpados da un giro contempor\u00e1neo a los looks cl\u00e1sicos. Estas tonalidades reflejantes no solo capturan la luz, sino que tambi\u00e9n aportan un aire festivo ideal para cualquier ocasi\u00f3n, elevando la apariencia a un nuevo nivel de sofisticaci\u00f3n.<\/p>\n<h4>4. <strong>Peluquer\u00eda que Roba Miradas<\/strong><\/h4>\n<p>Las tendencias capilares tambi\u00e9n han hecho olas, con estilos que combinan creatividad y elegancia. Desde trenzas perfekcionadas hasta suaves ondas de playa, la versatilidad es clave. Los accesorios, como pasadores decorativos y diademas, se est\u00e1n utilizando para a\u00f1adir ese toque final que transforma un estilo b\u00e1sico en algo digno de pasarela.<\/p>\n<h4>5. <strong>Cejas en el Centro del Escenario<\/strong><\/h4>\n<p>Las cejas siguen siendo protagonistas, con formas bien definidas que enmarcan el rostro con gracia. El uso de geles fijadores y l\u00e1pices ha permitido crear cejas que parecen naturales, pero con un acabados pulido y contempor\u00e1neo. Esta atenci\u00f3n a los detalles demuestra que cada aspecto del look cuenta, contribuyendo a una est\u00e9tica cohesionada.<\/p>\n<h4>6. <strong>Skincare como Base Fundamental<\/strong><\/h4>\n<p>El cuidado de la piel ha tomado un rol protag\u00f3nico, convirti\u00e9ndose en la base para cualquier look de belleza. Las rutinas de skincare se est\u00e1n simplificando a productos esenciales que aseguran un cutis radiante y saludable. Las tendencias de recursos naturales y sostenibles est\u00e1n marcando el camino hacia un enfoque m\u00e1s consciente y efectivo en el cuidado personal.<\/p>\n<h3>En Resumen<\/h3>\n<p>El mundo de la belleza est\u00e1 en constante evoluci\u00f3n, donde cada semana trae consigo nuevas tendencias fascinantes y creativas. La combinaci\u00f3n de frescura, colores vibrantes, y t\u00e9cnicas innovadoras est\u00e1n dibujando un escenario cautivador. De esta manera, cada elecci\u00f3n de maquillaje y stylist se transforma en una manifestaci\u00f3n personal que deja huella en el universo de la moda. \u00a1Permanece atento, porque las sorpresas no han hecho m\u00e1s que comenzar!<\/p>\n<p><em> &#8221; Fuentes www.vogue.com &#8221; <\/em><\/p>\n","protected":false},"excerpt":{"rendered":"<p>Belleza al M\u00e1ximo: Las Tendencias M\u00e1s Impactantes de la Semana La moda y la belleza son un reflejo vibrante de la creatividad y la innovaci\u00f3n. Esta semana, el universo est\u00e9tico ha brillado intensamente con looks que han capturado la atenci\u00f3n en las pasarelas y redes sociales. Desde rostros luminosos hasta efectos de color audaces, exploramos [&hellip;]<\/p>\n","protected":false},"author":14,"featured_media":1108730,"comment_status":"open","ping_status":"closed","sticky":false,"template":"","format":"standard","meta":{"om_disable_all_campaigns":false,"jnews-multi-image_gallery":[],"jnews_single_post":[],"jnews_primary_category":[],"jnews_social_meta":[],"footnotes":""},"categories":[144872],"tags":[208639,72867,201306,204028,200440,190460,166,198593,120189,217117,372,373,198563],"class_list":["post-1108729","post","type-post","status-publish","format-standard","has-post-thumbnail","hentry","category-fashion","tag-_votingservice_app","tag-beauty","tag-beauty-looks","tag-beauty-marks","tag-beauty-trends","tag-cosmetics","tag-fashion","tag-makeup","tag-skincare","tag-storytypenews-trending","tag-style","tag-web","tag-weekly-roundup"],"_links":{"self":[{"href":"https:\/\/dimensionturistica.com\/es\/wp-json\/wp\/v2\/posts\/1108729","targetHints":{"allow":["GET"]}}],"collection":[{"href":"https:\/\/dimensionturistica.com\/es\/wp-json\/wp\/v2\/posts"}],"about":[{"href":"https:\/\/dimensionturistica.com\/es\/wp-json\/wp\/v2\/types\/post"}],"author":[{"embeddable":true,"href":"https:\/\/dimensionturistica.com\/es\/wp-json\/wp\/v2\/users\/14"}],"replies":[{"embeddable":true,"href":"https:\/\/dimensionturistica.com\/es\/wp-json\/wp\/v2\/comments?post=1108729"}],"version-history":[{"count":1,"href":"https:\/\/dimensionturistica.com\/es\/wp-json\/wp\/v2\/posts\/1108729\/revisions"}],"predecessor-version":[{"id":1108731,"href":"https:\/\/dimensionturistica.com\/es\/wp-json\/wp\/v2\/posts\/1108729\/revisions\/1108731"}],"wp:featuredmedia":[{"embeddable":true,"href":"https:\/\/dimensionturistica.com\/es\/wp-json\/wp\/v2\/media\/1108730"}],"wp:attachment":[{"href":"https:\/\/dimensionturistica.com\/es\/wp-json\/wp\/v2\/media?parent=1108729"}],"wp:term":[{"taxonomy":"category","embeddable":true,"href":"https:\/\/dimensionturistica.com\/es\/wp-json\/wp\/v2\/categories?post=1108729"},{"taxonomy":"post_tag","embeddable":true,"href":"https:\/\/dimensionturistica.com\/es\/wp-json\/wp\/v2\/tags?post=1108729"}],"curies":[{"name":"wp","href":"https:\/\/api.w.org\/{rel}","templated":true}]}}