{"id":1108615,"date":"2026-02-07T05:24:06","date_gmt":"2026-02-07T05:24:06","guid":{"rendered":"https:\/\/dimensionturistica.com\/es\/?p=1108615"},"modified":"2026-02-07T05:24:06","modified_gmt":"2026-02-07T05:24:06","slug":"amal-clooney-y-versace-se-preparan-para-los-juegos-olimpicos-de-2026","status":"publish","type":"post","link":"https:\/\/dimensionturistica.com\/es\/amal-clooney-y-versace-se-preparan-para-los-juegos-olimpicos-de-2026\/","title":{"rendered":"Amal Clooney y Versace se preparan para los Juegos Ol\u00edmpicos de 2026."},"content":{"rendered":"<h3>La Elegancia y el Deporte: Un Vistazo a los Juegos Ol\u00edmpicos de Invierno 2026<\/h3>\n<p>A medida que nos acercamos a los Juegos Ol\u00edmpicos de Invierno 2026, la emoci\u00f3n no solo radica en los deportes, sino tambi\u00e9n en c\u00f3mo la cultura y la moda se entrelazan en este evento global. Este a\u00f1o, la atenci\u00f3n se centra en figuras ic\u00f3nicas como Amal Clooney, una destacada abogada y activista de los derechos humanos, y la emblem\u00e1tica casa de moda Versace, que se est\u00e1n preparando para dejar su huella en el evento.<\/p>\n<p>Imaginemos un escenario donde la nieve y el hielo se convierten en el tel\u00f3n de fondo perfecto para la exposici\u00f3n de la alta costura. En un mundo donde el deporte y el estilo convergen, los Ol\u00edmpicos no solo son el \u00e1mbito para establecer r\u00e9cords, sino tambi\u00e9n una pasarela de innovaci\u00f3n art\u00edstica y expresi\u00f3n personal. Clooney, con su capacidad para atraer la atenci\u00f3n sobre temas cr\u00edticos y su indiscutible elegancia, promete ser una embajadora perfecta de este esp\u00edritu.<\/p>\n<p>Versace, una marca sin\u00f3nimo de lujo y dise\u00f1o audaz, se est\u00e1 preparando para aportar su propio sello distintivo a la ceremonia y otros eventos relacionados. La combinaci\u00f3n de la prestigiosa firma con una figura p\u00fablica como Clooney podr\u00eda redefinir el concepto del embajador ol\u00edmpico, convirti\u00e9ndolo en un s\u00edmbolo de belleza, fuerza y compromiso social.<\/p>\n<p>A medida que se acerca la fecha del evento, la ciudad anfitriona, Mil\u00e1n, se est\u00e1 transformando para recibir a atletas y visitantes de todo el mundo. Las calles se adornan con esculturas de hielo y luces brillantes, mientras que los escaparates de las tiendas de alta costura muestran colecciones inspiradas en el esp\u00edritu ol\u00edmpico. La oportunidad de presenciar c\u00f3mo el deporte y la moda se entrelazan es un atractivo adicional para los turistas que planean visitar la ciudad.<\/p>\n<p>Los Juegos Ol\u00edmpicos prometen ser no solo un espect\u00e1culo deportivo, sino tambi\u00e9n una celebraci\u00f3n de la creatividad y la diversidad cultural. Los organizadores est\u00e1n trabajando para asegurar que la sostenibilidad est\u00e9 en el coraz\u00f3n del evento, una iniciativa que resuena profundamente en la comunidad global actual.<\/p>\n<p>As\u00ed, la combinaci\u00f3n de deportes de \u00e9lite, la elegancia de la moda, y la defensa de valores como la igualdad y la sostenibilidad hace de los Juegos Ol\u00edmpicos de Invierno 2026 un evento verdaderamente especial. No s\u00f3lo se trata de competir, sino de conectar, inspirar y celebrar la humanidad a trav\u00e9s de una combinaci\u00f3n \u00fanica de talento y creatividad.<\/p>\n<p>Si eres un amante del turismo, la moda o el deporte, este es el momento perfecto para planificar tu visita. No solo experimentar\u00e1s la emoci\u00f3n de los juegos, sino que tambi\u00e9n te sumergir\u00e1s en una experiencia cultural rica que trasciende el tiempo y el espacio. \u00a1Mil\u00e1n te espera con los brazos abiertos y una promesa de momentos inolvidables!<\/p>\n<p><em> &#8221; Fuentes columnadigital.com &#8221; <\/em><\/p>\n","protected":false},"excerpt":{"rendered":"<p>La Elegancia y el Deporte: Un Vistazo a los Juegos Ol\u00edmpicos de Invierno 2026 A medida que nos acercamos a los Juegos Ol\u00edmpicos de Invierno 2026, la emoci\u00f3n no solo radica en los deportes, sino tambi\u00e9n en c\u00f3mo la cultura y la moda se entrelazan en este evento global. Este a\u00f1o, la atenci\u00f3n se centra [&hellip;]<\/p>\n","protected":false},"author":4,"featured_media":1108616,"comment_status":"open","ping_status":"closed","sticky":false,"template":"","format":"standard","meta":{"om_disable_all_campaigns":false,"jnews-multi-image_gallery":[],"jnews_single_post":[],"jnews_primary_category":[],"jnews_social_meta":[],"footnotes":""},"categories":[39],"tags":[55723,198504,10805,6446,17674,233985,97392,3743,7758,20661,12492,9370,266912,659,266913,18068],"class_list":["post-1108615","post","type-post","status-publish","format-standard","has-post-thumbnail","hentry","category-viajes","tag-55723","tag-amal-clooney","tag-atletismo","tag-celebridades","tag-coleccion","tag-columna-digital","tag-dimension-turistica-magazine","tag-diseno","tag-estilo","tag-eventos-deportivos","tag-juegos-olimpicos","tag-milan","tag-milan-cortina","tag-moda","tag-olimpicos-2026","tag-versace"],"_links":{"self":[{"href":"https:\/\/dimensionturistica.com\/es\/wp-json\/wp\/v2\/posts\/1108615","targetHints":{"allow":["GET"]}}],"collection":[{"href":"https:\/\/dimensionturistica.com\/es\/wp-json\/wp\/v2\/posts"}],"about":[{"href":"https:\/\/dimensionturistica.com\/es\/wp-json\/wp\/v2\/types\/post"}],"author":[{"embeddable":true,"href":"https:\/\/dimensionturistica.com\/es\/wp-json\/wp\/v2\/users\/4"}],"replies":[{"embeddable":true,"href":"https:\/\/dimensionturistica.com\/es\/wp-json\/wp\/v2\/comments?post=1108615"}],"version-history":[{"count":1,"href":"https:\/\/dimensionturistica.com\/es\/wp-json\/wp\/v2\/posts\/1108615\/revisions"}],"predecessor-version":[{"id":1108617,"href":"https:\/\/dimensionturistica.com\/es\/wp-json\/wp\/v2\/posts\/1108615\/revisions\/1108617"}],"wp:featuredmedia":[{"embeddable":true,"href":"https:\/\/dimensionturistica.com\/es\/wp-json\/wp\/v2\/media\/1108616"}],"wp:attachment":[{"href":"https:\/\/dimensionturistica.com\/es\/wp-json\/wp\/v2\/media?parent=1108615"}],"wp:term":[{"taxonomy":"category","embeddable":true,"href":"https:\/\/dimensionturistica.com\/es\/wp-json\/wp\/v2\/categories?post=1108615"},{"taxonomy":"post_tag","embeddable":true,"href":"https:\/\/dimensionturistica.com\/es\/wp-json\/wp\/v2\/tags?post=1108615"}],"curies":[{"name":"wp","href":"https:\/\/api.w.org\/{rel}","templated":true}]}}