{"id":1108612,"date":"2026-02-07T04:47:36","date_gmt":"2026-02-07T04:47:36","guid":{"rendered":"https:\/\/dimensionturistica.com\/es\/?p=1108612"},"modified":"2026-02-07T04:47:36","modified_gmt":"2026-02-07T04:47:36","slug":"amal-clooney-y-su-coleccion-de-versace-se-preparan-para-los-juegos-olimpicos-de-milan-cortina-2026","status":"publish","type":"post","link":"https:\/\/dimensionturistica.com\/es\/amal-clooney-y-su-coleccion-de-versace-se-preparan-para-los-juegos-olimpicos-de-milan-cortina-2026\/","title":{"rendered":"Amal Clooney y su colecci\u00f3n de Versace se preparan para los Juegos Ol\u00edmpicos de Mil\u00e1n-Cortina 2026."},"content":{"rendered":"<h3>Amal Clooney: El Estilo y la Elegancia en la Moda Ol\u00edmpica<\/h3>\n<p>El mundo de la moda y el deporte se entrelaza de manera espectacular con la participaci\u00f3n de Amal Clooney en un evento de gran relevancia internacional: los Juegos Ol\u00edmpicos de Mil\u00e1n-Cortina 2026. La reconocida abogada y activista ha sido un rostro clave en la promoci\u00f3n de la higiene visual y el estilo, y su elecci\u00f3n del dise\u00f1o de Versace ha elevado las expectativas de moda en este contexto deportivo.<\/p>\n<h4>Una Elecci\u00f3n Vanguardista<\/h4>\n<p>Amal Clooney ha optado por un dise\u00f1o que refleja no solo su personalidad, sino tambi\u00e9n la sofisticaci\u00f3n de la casa Versace. La colaboraci\u00f3n entre ambas figuras destaca la importancia del buen gusto y el impacto visual en eventos de esta magnitud, marcando un precedente en c\u00f3mo los trajes pueden ser tanto funcionales como ic\u00f3nicos. La cr\u00edtica de moda ha elogiado su capacidad para fusionar est\u00e9tica y significado, lo que agrega una capa adicional a la conversaci\u00f3n sobre el vestuario en eventos deportivos.<\/p>\n<h4>Visibilidad y Poder<\/h4>\n<p>El traje seleccionado por Clooney no es solo una elecci\u00f3n de moda, sino un gesto de empoderamiento que resuena m\u00e1s all\u00e1 de la pasarela. En un mundo donde la visibilidad de la mujer en el \u00e1mbito p\u00fablico sigue siendo un tema candente, Clooney utiliza la moda como medio para transmitir un mensaje de confianza y fortaleza. Cada detalle del dise\u00f1o, desde las l\u00edneas hasta la paleta de colores, est\u00e1 cuidadosamente pensado para subrayar estas cualidades.<\/p>\n<h4>Impacto en la Cultura Pop<\/h4>\n<p>Este evento no solo es una oportunidad para ver a figuras prominentes en el \u00e1mbito de la moda; tambi\u00e9n sirve como un trampol\u00edn para el di\u00e1logo cultural sobre lo que representa la moda en los deportes. A medida que se acerca la fecha de los Juegos Ol\u00edmpicos, el inter\u00e9s por las elecciones de vestimenta se intensifica, generando un seguimiento que trasciende el \u00e1mbito deportivo. La atenci\u00f3n al estilo de Amal Clooney est\u00e1 destinada a convertirse en un tema de conversaci\u00f3n que capturar\u00e1 la atenci\u00f3n de medios de comunicaci\u00f3n y redes sociales.<\/p>\n<h4>Futuro de la Moda Deportiva<\/h4>\n<p>La elecci\u00f3n de Clooney resalta un cambio en la percepci\u00f3n de la moda dentro del \u00e1mbito deportivo. Ya no se trata solo de funcionalidad; la moda est\u00e1 asumiendo un papel protag\u00f3nico que complementa el rendimiento atl\u00e9tico. \u00bfQu\u00e9 significa esto para la pr\u00f3xima generaci\u00f3n de dise\u00f1adores y atletas? La fusi\u00f3n de estos mundos obligar\u00e1 a repensar el dise\u00f1o y la vestimenta en futuras competencias.<\/p>\n<p>En conclusi\u00f3n, la combinaci\u00f3n de Amal Clooney y Versace promete llevar la moda ol\u00edmpica a nuevas alturas. La expectativa en torno a su elecci\u00f3n de vestuario anticipa un espect\u00e1culo visual que podr\u00eda reconfigurar el futuro de la moda en el deporte. Con cada paso que da, Clooney sigue reafirmando su lugar en este vibrante di\u00e1logo cultural, elevando no solo su propia imagen, sino el impacto de la moda en el escenario global.<\/p>\n<p><em> &#8221; Fuentes www.vogue.com &#8221; <\/em><\/p>\n","protected":false},"excerpt":{"rendered":"<p>Amal Clooney: El Estilo y la Elegancia en la Moda Ol\u00edmpica El mundo de la moda y el deporte se entrelaza de manera espectacular con la participaci\u00f3n de Amal Clooney en un evento de gran relevancia internacional: los Juegos Ol\u00edmpicos de Mil\u00e1n-Cortina 2026. La reconocida abogada y activista ha sido un rostro clave en la [&hellip;]<\/p>\n","protected":false},"author":14,"featured_media":1108613,"comment_status":"open","ping_status":"closed","sticky":false,"template":"","format":"standard","meta":{"om_disable_all_campaigns":false,"jnews-multi-image_gallery":[],"jnews_single_post":[],"jnews_primary_category":[],"jnews_social_meta":[],"footnotes":""},"categories":[144872],"tags":[266911,198504,198487,18839,260031,243952,166,9370,239012,18068],"class_list":["post-1108612","post","type-post","status-publish","format-standard","has-post-thumbnail","hentry","category-fashion","tag-2026-olympics","tag-amal-clooney","tag-celebrity-style","tag-collection","tag-cortina","tag-event-preparation","tag-fashion","tag-milan","tag-olympic-games","tag-versace"],"_links":{"self":[{"href":"https:\/\/dimensionturistica.com\/es\/wp-json\/wp\/v2\/posts\/1108612","targetHints":{"allow":["GET"]}}],"collection":[{"href":"https:\/\/dimensionturistica.com\/es\/wp-json\/wp\/v2\/posts"}],"about":[{"href":"https:\/\/dimensionturistica.com\/es\/wp-json\/wp\/v2\/types\/post"}],"author":[{"embeddable":true,"href":"https:\/\/dimensionturistica.com\/es\/wp-json\/wp\/v2\/users\/14"}],"replies":[{"embeddable":true,"href":"https:\/\/dimensionturistica.com\/es\/wp-json\/wp\/v2\/comments?post=1108612"}],"version-history":[{"count":1,"href":"https:\/\/dimensionturistica.com\/es\/wp-json\/wp\/v2\/posts\/1108612\/revisions"}],"predecessor-version":[{"id":1108614,"href":"https:\/\/dimensionturistica.com\/es\/wp-json\/wp\/v2\/posts\/1108612\/revisions\/1108614"}],"wp:featuredmedia":[{"embeddable":true,"href":"https:\/\/dimensionturistica.com\/es\/wp-json\/wp\/v2\/media\/1108613"}],"wp:attachment":[{"href":"https:\/\/dimensionturistica.com\/es\/wp-json\/wp\/v2\/media?parent=1108612"}],"wp:term":[{"taxonomy":"category","embeddable":true,"href":"https:\/\/dimensionturistica.com\/es\/wp-json\/wp\/v2\/categories?post=1108612"},{"taxonomy":"post_tag","embeddable":true,"href":"https:\/\/dimensionturistica.com\/es\/wp-json\/wp\/v2\/tags?post=1108612"}],"curies":[{"name":"wp","href":"https:\/\/api.w.org\/{rel}","templated":true}]}}