{"id":1108501,"date":"2026-02-06T22:02:21","date_gmt":"2026-02-06T22:02:21","guid":{"rendered":"https:\/\/dimensionturistica.com\/es\/?p=1108501"},"modified":"2026-02-06T22:02:21","modified_gmt":"2026-02-06T22:02:21","slug":"el-viajero-moderno-prioriza-el-sentido-de-pertenencia-transformando-la-estancia-tradicional-en-hoteles-por-ecosistemas-residenciales-dinamicos","status":"publish","type":"post","link":"https:\/\/dimensionturistica.com\/es\/el-viajero-moderno-prioriza-el-sentido-de-pertenencia-transformando-la-estancia-tradicional-en-hoteles-por-ecosistemas-residenciales-dinamicos\/","title":{"rendered":"El viajero moderno prioriza el sentido de pertenencia, transformando la estancia tradicional en hoteles por ecosistemas residenciales din\u00e1micos."},"content":{"rendered":"\n<p><\/p>\n\n\n\n<figure class=\"wp-block-gallery has-nested-images columns-default is-cropped wp-block-gallery-1 is-layout-flex wp-block-gallery-is-layout-flex\">\n<figure class=\"wp-block-image size-large\"><img decoding=\"async\" width=\"500\" height=\"151\" data-id=\"1108502\" src=\"https:\/\/dimensionturistica.com\/es\/wp-content\/uploads\/2026\/02\/1NEZTA.jpg\" alt=\"\" class=\"wp-image-1108502\" srcset=\"https:\/\/dimensionturistica.com\/es\/wp-content\/uploads\/2026\/02\/1NEZTA.jpg 500w, https:\/\/dimensionturistica.com\/es\/wp-content\/uploads\/2026\/02\/1NEZTA-300x91.jpg 300w\" sizes=\"(max-width: 500px) 100vw, 500px\" \/><\/figure>\n<\/figure>\n\n\n\n<p>En los \u00faltimos a\u00f1os, la capital espa\u00f1ola se ha consolidado como el destino predilecto para el talento y el capital mexicano en Europa. Ya no se trata solo de turismo de museos y gastronom\u00eda; una nueva ola de profesionales, desde directivos hasta n\u00f3madas digitales, est\u00e1 cruzando el Atl\u00e1ntico para establecerse por per\u00edodos de tres a seis meses. Sin embargo, este flujo migratorio temporal se enfrenta a un muro: un mercado inmobiliario madrile\u00f1o altamente tensionado y un d\u00e9ficit de viviendas que combinen la calidez de un hogar con los servicios de un hotel de alta gama.<\/p>\n\n\n\n<p>El fin del alquiler tradicional para el extranjero<\/p>\n\n\n\n<figure class=\"wp-block-gallery has-nested-images columns-default is-cropped wp-block-gallery-2 is-layout-flex wp-block-gallery-is-layout-flex\">\n<figure class=\"wp-block-image size-large\"><img decoding=\"async\" width=\"500\" height=\"392\" data-id=\"1108503\" src=\"https:\/\/dimensionturistica.com\/es\/wp-content\/uploads\/2026\/02\/3NEZTA.jpg\" alt=\"\" class=\"wp-image-1108503\" srcset=\"https:\/\/dimensionturistica.com\/es\/wp-content\/uploads\/2026\/02\/3NEZTA.jpg 500w, https:\/\/dimensionturistica.com\/es\/wp-content\/uploads\/2026\/02\/3NEZTA-300x235.jpg 300w\" sizes=\"(max-width: 500px) 100vw, 500px\" \/><\/figure>\n<\/figure>\n\n\n\n<p>Para el mexicano que llega a Madrid, el proceso tradicional de arrendamiento puede ser una pesadilla burocr\u00e1tica. Avales bancarios complejos, contratos r\u00edgidos y apartamentos que carecen de la infraestructura tecnol\u00f3gica necesaria para trabajar de forma remota son los obst\u00e1culos m\u00e1s comunes.<\/p>\n\n\n\n<p>En respuesta a esto, est\u00e1n surgiendo ecosistemas residenciales dise\u00f1ados espec\u00edficamente para estancias de media duraci\u00f3n. Proyectos como Nestanza Homes han identificado que el lujo moderno no es solo el m\u00e1rmol o la ubicaci\u00f3n en el exclusivo barrio de Palacio, sino la agilidad.<\/p>\n\n\n\n<p>Poder llegar a un loft totalmente equipado, con cerraduras inteligentes y sin la fricci\u00f3n de gestionar servicios de limpieza o mantenimiento por separado, es lo que realmente define el estatus de los viajeros o n\u00f3madas digitales en 2026.<\/p>\n\n\n\n<p>Uno de los cambios m\u00e1s dr\u00e1sticos en el comportamiento del viajero es la b\u00fasqueda de pertenencia. El aislamiento de una habitaci\u00f3n de hotel ha sido sustituido por edificios que funcionan como clubes sociales privados. El concepto de &#8220;vivienda como servicio&#8221; ahora integra:<\/p>\n\n\n\n<figure class=\"wp-block-gallery has-nested-images columns-default is-cropped wp-block-gallery-3 is-layout-flex wp-block-gallery-is-layout-flex\">\n<figure class=\"wp-block-image size-large\"><img decoding=\"async\" width=\"1024\" height=\"636\" data-id=\"1108504\" src=\"https:\/\/dimensionturistica.com\/es\/wp-content\/uploads\/2026\/02\/2-1024x636.jpeg\" alt=\"\" class=\"wp-image-1108504\" srcset=\"https:\/\/dimensionturistica.com\/es\/wp-content\/uploads\/2026\/02\/2-1024x636.jpeg 1024w, https:\/\/dimensionturistica.com\/es\/wp-content\/uploads\/2026\/02\/2-300x186.jpeg 300w, https:\/\/dimensionturistica.com\/es\/wp-content\/uploads\/2026\/02\/2-768x477.jpeg 768w, https:\/\/dimensionturistica.com\/es\/wp-content\/uploads\/2026\/02\/2-1536x953.jpeg 1536w, https:\/\/dimensionturistica.com\/es\/wp-content\/uploads\/2026\/02\/2-750x465.jpeg 750w, https:\/\/dimensionturistica.com\/es\/wp-content\/uploads\/2026\/02\/2-1140x708.jpeg 1140w, https:\/\/dimensionturistica.com\/es\/wp-content\/uploads\/2026\/02\/2.jpeg 1600w\" sizes=\"(max-width: 1024px) 100vw, 1024px\" \/><\/figure>\n<\/figure>\n\n\n\n<p>\u25cf&nbsp; Espacios de bienestar: Gimnasios privados que eliminan la necesidad de membres\u00edas externas.<\/p>\n\n\n\n<p>\u25cf&nbsp; Networking org\u00e1nico: \u00c1reas de co-working y cocinas comunitarias donde un consultor de Ciudad de M\u00e9xico puede conectar con un emprendedor local.<\/p>\n\n\n\n<p>\u25cf&nbsp; Eficiencia energ\u00e9tica: Un valor creciente para el viajero consciente que busca edificios con gesti\u00f3n de residuos y sistemas de climatizaci\u00f3n inteligentes.<\/p>\n\n\n\n<p>&#8220;Nos hemos enfocado en dise\u00f1ar un modelo de estancias largas (m\u00ednimo un mes de duraci\u00f3n) de acceso r\u00e1pido y sin esfuerzo, donde el precio de mercado se encuentre con una calidad superior. Nuestra propuesta es un compromiso de cuidado constante: desde la entrega de la llave hasta el seguimiento personal diario, garantizamos un hogar donde el inquilino siempre se siente respaldado por su arrendador&#8221;, explica Santiago V\u00e1zquez, vicedirector de Nestanza Homes.<\/p>\n\n\n\n<p>Un puente residencial en expansi\u00f3n<\/p>\n\n\n\n<figure class=\"wp-block-gallery has-nested-images columns-default is-cropped wp-block-gallery-4 is-layout-flex wp-block-gallery-is-layout-flex\">\n<figure class=\"wp-block-image size-large\"><img decoding=\"async\" width=\"1024\" height=\"682\" data-id=\"1108505\" src=\"https:\/\/dimensionturistica.com\/es\/wp-content\/uploads\/2026\/02\/1-1024x682.jpeg\" alt=\"\" class=\"wp-image-1108505\" srcset=\"https:\/\/dimensionturistica.com\/es\/wp-content\/uploads\/2026\/02\/1-1024x682.jpeg 1024w, https:\/\/dimensionturistica.com\/es\/wp-content\/uploads\/2026\/02\/1-300x200.jpeg 300w, https:\/\/dimensionturistica.com\/es\/wp-content\/uploads\/2026\/02\/1-768x512.jpeg 768w, https:\/\/dimensionturistica.com\/es\/wp-content\/uploads\/2026\/02\/1-1536x1023.jpeg 1536w, https:\/\/dimensionturistica.com\/es\/wp-content\/uploads\/2026\/02\/1-750x500.jpeg 750w, https:\/\/dimensionturistica.com\/es\/wp-content\/uploads\/2026\/02\/1-1140x760.jpeg 1140w, https:\/\/dimensionturistica.com\/es\/wp-content\/uploads\/2026\/02\/1.jpeg 1600w\" sizes=\"(max-width: 1024px) 100vw, 1024px\" \/><\/figure>\n<\/figure>\n\n\n\n<p>La tendencia indica que este modelo de &#8220;hogar inteligente&#8221; no har\u00e1 m\u00e1s que crecer. El \u00e9xito de estos formatos en zonas estrat\u00e9gicas de Madrid como La Latina o el Palacio Real ha despertado el inter\u00e9s de inversores por replicar el modelo en otras latitudes. De hecho, la visi\u00f3n de operadoras como Nestanza Homes apunta a un movimiento circular: profesionalizar el alquiler de lujo en Espa\u00f1a para luego traer esos mismos est\u00e1ndares de gesti\u00f3n y hospitalidad de vuelta a las principales ciudades de M\u00e9xico.<\/p>\n\n\n\n<p>\u201cPara el viajero contempor\u00e1neo, la frontera entre trabajar y vivir se ha desdibujado. Madrid ofrece cultura y seguridad; estas nuevas propuestas residenciales ponen la infraestructura para que el cambio de c\u00f3digo postal no signifique una p\u00e9rdida en la calidad de vida\u201d, finaliza Santiago V\u00e1zquez.<\/p>\n","protected":false},"excerpt":{"rendered":"<p>En los \u00faltimos a\u00f1os, la capital espa\u00f1ola se ha consolidado como el destino predilecto para el talento y el capital mexicano en Europa. Ya no se trata solo de turismo de museos y gastronom\u00eda; una nueva ola de profesionales, desde directivos hasta n\u00f3madas digitales, est\u00e1 cruzando el Atl\u00e1ntico para establecerse por per\u00edodos de tres a [&hellip;]<\/p>\n","protected":false},"author":1,"featured_media":0,"comment_status":"open","ping_status":"closed","sticky":false,"template":"","format":"standard","meta":{"om_disable_all_campaigns":false,"jnews-multi-image_gallery":[],"jnews_single_post":[],"jnews_primary_category":[],"jnews_social_meta":[],"footnotes":""},"categories":[39],"tags":[],"class_list":["post-1108501","post","type-post","status-publish","format-standard","hentry","category-viajes"],"_links":{"self":[{"href":"https:\/\/dimensionturistica.com\/es\/wp-json\/wp\/v2\/posts\/1108501","targetHints":{"allow":["GET"]}}],"collection":[{"href":"https:\/\/dimensionturistica.com\/es\/wp-json\/wp\/v2\/posts"}],"about":[{"href":"https:\/\/dimensionturistica.com\/es\/wp-json\/wp\/v2\/types\/post"}],"author":[{"embeddable":true,"href":"https:\/\/dimensionturistica.com\/es\/wp-json\/wp\/v2\/users\/1"}],"replies":[{"embeddable":true,"href":"https:\/\/dimensionturistica.com\/es\/wp-json\/wp\/v2\/comments?post=1108501"}],"version-history":[{"count":1,"href":"https:\/\/dimensionturistica.com\/es\/wp-json\/wp\/v2\/posts\/1108501\/revisions"}],"predecessor-version":[{"id":1108506,"href":"https:\/\/dimensionturistica.com\/es\/wp-json\/wp\/v2\/posts\/1108501\/revisions\/1108506"}],"wp:attachment":[{"href":"https:\/\/dimensionturistica.com\/es\/wp-json\/wp\/v2\/media?parent=1108501"}],"wp:term":[{"taxonomy":"category","embeddable":true,"href":"https:\/\/dimensionturistica.com\/es\/wp-json\/wp\/v2\/categories?post=1108501"},{"taxonomy":"post_tag","embeddable":true,"href":"https:\/\/dimensionturistica.com\/es\/wp-json\/wp\/v2\/tags?post=1108501"}],"curies":[{"name":"wp","href":"https:\/\/api.w.org\/{rel}","templated":true}]}}