{"id":1108480,"date":"2026-02-06T21:34:39","date_gmt":"2026-02-06T21:34:39","guid":{"rendered":"https:\/\/dimensionturistica.com\/es\/?p=1108480"},"modified":"2026-02-06T21:34:39","modified_gmt":"2026-02-06T21:34:39","slug":"el-color-como-aliado-de-la-intimidad-en-la-recamara","status":"publish","type":"post","link":"https:\/\/dimensionturistica.com\/es\/el-color-como-aliado-de-la-intimidad-en-la-recamara\/","title":{"rendered":"El color como aliado de la intimidad en la rec\u00e1mara"},"content":{"rendered":"\n<p><\/p>\n\n\n\n<figure class=\"wp-block-gallery has-nested-images columns-default is-cropped wp-block-gallery-1 is-layout-flex wp-block-gallery-is-layout-flex\">\n<figure class=\"wp-block-image size-large\"><img decoding=\"async\" width=\"500\" height=\"257\" data-id=\"1108481\" src=\"https:\/\/dimensionturistica.com\/es\/wp-content\/uploads\/2026\/02\/1PINTURAS.jpg\" alt=\"\" class=\"wp-image-1108481\" srcset=\"https:\/\/dimensionturistica.com\/es\/wp-content\/uploads\/2026\/02\/1PINTURAS.jpg 500w, https:\/\/dimensionturistica.com\/es\/wp-content\/uploads\/2026\/02\/1PINTURAS-300x154.jpg 300w\" sizes=\"(max-width: 500px) 100vw, 500px\" \/><\/figure>\n<\/figure>\n\n\n\n<p>La rec\u00e1mara es el espacio m\u00e1s \u00edntimo del hogar, no solo es donde descansamos, sino donde bajamos la guardia, donde el cuerpo se repara y la mente encuentra silencio. Por eso, su dise\u00f1o y especialmente el color, tiene un impacto directo en como nos sentimos, dormimos y conectamos con nosotros mismos y con quienes amamos.<\/p>\n\n\n\n<figure class=\"wp-block-gallery has-nested-images columns-default is-cropped wp-block-gallery-2 is-layout-flex wp-block-gallery-is-layout-flex\">\n<figure class=\"wp-block-image size-large\"><img decoding=\"async\" width=\"500\" height=\"420\" data-id=\"1108482\" src=\"https:\/\/dimensionturistica.com\/es\/wp-content\/uploads\/2026\/02\/3PINTURA.jpg\" alt=\"\" class=\"wp-image-1108482\" srcset=\"https:\/\/dimensionturistica.com\/es\/wp-content\/uploads\/2026\/02\/3PINTURA.jpg 500w, https:\/\/dimensionturistica.com\/es\/wp-content\/uploads\/2026\/02\/3PINTURA-300x252.jpg 300w\" sizes=\"(max-width: 500px) 100vw, 500px\" \/><\/figure>\n<\/figure>\n\n\n\n<p>Desde la psicolog\u00eda del color, los tonos que elegimos para este espacio influyen en el sistema nervioso, el ritmo del descanso y la sensaci\u00f3n de refugio. Colores suaves, profundos o envolventes, bien balanceados con luz natural, nos ayudan a reducir est\u00edmulos externos, creando una atm\u00f3sfera de contenci\u00f3n emocional. No se trata solo de est\u00e9tica, sino de bienestar.<\/p>\n\n\n\n<p>En este sentido, Sherwin-Williams, entiende el color como una herramienta de dise\u00f1o emocional, con tonos inspirados en la naturaleza, se logra fomentar la calma, la introspecci\u00f3n y la sensaci\u00f3n de seguridad.<\/p>\n\n\n\n<p>Upward SW 6239, es un azul gris suave, que remite a cielos tranquilos, perfecto para espacios donde quieres que la respiraci\u00f3n se alinee al ritmo del descanso.<\/p>\n\n\n\n<p>Alabaster SW 7008 y Shoji White SW 7042, son blancos c\u00e1lidos que no resultan fr\u00edos, sino acogedores y ligeros, ideales para armonizar con texturas naturales y textiles suaves.<\/p>\n\n\n\n<p>Evergreen Fog SW 9130, un verde gris\u00e1seo inspirado en la naturaleza, que crea una atm\u00f3sfera envolvente y calmada, conectando el interior con sensaciones de equilibrio y bienestar.<\/p>\n\n\n\n<figure class=\"wp-block-gallery has-nested-images columns-default is-cropped wp-block-gallery-3 is-layout-flex wp-block-gallery-is-layout-flex\">\n<figure class=\"wp-block-image size-large\"><img decoding=\"async\" width=\"500\" height=\"648\" data-id=\"1108483\" src=\"https:\/\/dimensionturistica.com\/es\/wp-content\/uploads\/2026\/02\/4PINTURA.jpg\" alt=\"\" class=\"wp-image-1108483\" srcset=\"https:\/\/dimensionturistica.com\/es\/wp-content\/uploads\/2026\/02\/4PINTURA.jpg 500w, https:\/\/dimensionturistica.com\/es\/wp-content\/uploads\/2026\/02\/4PINTURA-231x300.jpg 231w\" sizes=\"(max-width: 500px) 100vw, 500px\" \/><\/figure>\n<\/figure>\n\n\n\n<p>Drift of Mist SW 9166 y Repose Gray 7015, son tonos neutros c\u00e1lidos y suaves, que aportan una sensaci\u00f3n de refugio sin resultar mon\u00f3tonos, favoreciendo ambientes que invitan a la contemplaci\u00f3n y al descanso profundo.<\/p>\n\n\n\n<p>Quietude SW 6212 o tonos como Sea Salt SW 6204, ofrecen matices entre verde y azul que evocan calma costera, reflejando la luz natural y haciendo de la rec\u00e1mara un espacio m\u00e1s iluminado pero siempre tranquilo.<\/p>\n\n\n\n<p>Integrar estos colores con un dise\u00f1o que contemple texturas suaves, accesorios naturales y una iluminaci\u00f3n c\u00e1lida no solo da est\u00e9tica, sino tambi\u00e9n la sensaci\u00f3n de intimidad emocional y f\u00edsica. Elegir un color adecuado, es elegir una atm\u00f3sfera que apoye el descanso, la serenidad y el bienestar a largo plazo, elementos clave para una vida m\u00e1s equilibrada.<\/p>\n\n\n\n<figure class=\"wp-block-gallery has-nested-images columns-default is-cropped wp-block-gallery-4 is-layout-flex wp-block-gallery-is-layout-flex\">\n<figure class=\"wp-block-image size-large\"><img decoding=\"async\" width=\"740\" height=\"487\" data-id=\"1108484\" src=\"https:\/\/dimensionturistica.com\/es\/wp-content\/uploads\/2026\/02\/IMG_9122.webp\" alt=\"\" class=\"wp-image-1108484\" srcset=\"https:\/\/dimensionturistica.com\/es\/wp-content\/uploads\/2026\/02\/IMG_9122.webp 740w, https:\/\/dimensionturistica.com\/es\/wp-content\/uploads\/2026\/02\/IMG_9122-300x197.webp 300w\" sizes=\"(max-width: 740px) 100vw, 740px\" \/><\/figure>\n<\/figure>\n\n\n\n<p>Recuerda que para inspirarte m\u00e1s y conocer sobre el color, puedes seguirnos como @sherwinwillamsmexico, as\u00ed como, visitar alguna de las tiendas en donde la marca ofrece productos de alta tecnolog\u00eda que aseguran un acabado duradero y profesional con asesor\u00eda especializada y herramientas digitales como la app gratuita de ColorSnap\u00ae Visualizer<\/p>\n\n\n\n<p>Si tienes en mente alg\u00fan proyecto, puedes encontrar todo lo que necesitas en tu tienda Sherwin-Williams m\u00e1s cercana, encuentra la tuya en sherwin.com.mx Y si tienes dudas sobre aplicaci\u00f3n de alg\u00fan producto o sobre cu\u00e1l es el material correcto que necesitas para tu proyecto, puedes acercarte a los expertos de la marca para una asesor\u00eda personalizada y lograr as\u00ed, el resultado ideal para ti.<\/p>\n","protected":false},"excerpt":{"rendered":"<p>La rec\u00e1mara es el espacio m\u00e1s \u00edntimo del hogar, no solo es donde descansamos, sino donde bajamos la guardia, donde el cuerpo se repara y la mente encuentra silencio. Por eso, su dise\u00f1o y especialmente el color, tiene un impacto directo en como nos sentimos, dormimos y conectamos con nosotros mismos y con quienes amamos. [&hellip;]<\/p>\n","protected":false},"author":1,"featured_media":0,"comment_status":"open","ping_status":"closed","sticky":false,"template":"","format":"standard","meta":{"om_disable_all_campaigns":false,"jnews-multi-image_gallery":[],"jnews_single_post":[],"jnews_primary_category":[],"jnews_social_meta":[],"footnotes":""},"categories":[144872],"tags":[],"class_list":["post-1108480","post","type-post","status-publish","format-standard","hentry","category-fashion"],"_links":{"self":[{"href":"https:\/\/dimensionturistica.com\/es\/wp-json\/wp\/v2\/posts\/1108480","targetHints":{"allow":["GET"]}}],"collection":[{"href":"https:\/\/dimensionturistica.com\/es\/wp-json\/wp\/v2\/posts"}],"about":[{"href":"https:\/\/dimensionturistica.com\/es\/wp-json\/wp\/v2\/types\/post"}],"author":[{"embeddable":true,"href":"https:\/\/dimensionturistica.com\/es\/wp-json\/wp\/v2\/users\/1"}],"replies":[{"embeddable":true,"href":"https:\/\/dimensionturistica.com\/es\/wp-json\/wp\/v2\/comments?post=1108480"}],"version-history":[{"count":1,"href":"https:\/\/dimensionturistica.com\/es\/wp-json\/wp\/v2\/posts\/1108480\/revisions"}],"predecessor-version":[{"id":1108485,"href":"https:\/\/dimensionturistica.com\/es\/wp-json\/wp\/v2\/posts\/1108480\/revisions\/1108485"}],"wp:attachment":[{"href":"https:\/\/dimensionturistica.com\/es\/wp-json\/wp\/v2\/media?parent=1108480"}],"wp:term":[{"taxonomy":"category","embeddable":true,"href":"https:\/\/dimensionturistica.com\/es\/wp-json\/wp\/v2\/categories?post=1108480"},{"taxonomy":"post_tag","embeddable":true,"href":"https:\/\/dimensionturistica.com\/es\/wp-json\/wp\/v2\/tags?post=1108480"}],"curies":[{"name":"wp","href":"https:\/\/api.w.org\/{rel}","templated":true}]}}