{"id":1108320,"date":"2026-02-06T16:39:00","date_gmt":"2026-02-06T16:39:00","guid":{"rendered":"https:\/\/dimensionturistica.com\/es\/?p=1108320"},"modified":"2026-02-06T16:39:00","modified_gmt":"2026-02-06T16:39:00","slug":"en-el-corazon-del-paseo-de-la-reforma-los-paseantes-podran-gozar-de-un-domingo-para-enamorarte-con-esta-propuesta-de-arte-cultura-y-aire-libre-para-arrancar-el-2026","status":"publish","type":"post","link":"https:\/\/dimensionturistica.com\/es\/en-el-corazon-del-paseo-de-la-reforma-los-paseantes-podran-gozar-de-un-domingo-para-enamorarte-con-esta-propuesta-de-arte-cultura-y-aire-libre-para-arrancar-el-2026\/","title":{"rendered":"En el coraz\u00f3n del Paseo de la Reforma los paseantes podr\u00e1n gozar de un domingo para enamorarte con esta propuesta de arte, cultura y aire libre para arrancar el 2026"},"content":{"rendered":"\n<figure class=\"wp-block-gallery has-nested-images columns-default is-cropped wp-block-gallery-1 is-layout-flex wp-block-gallery-is-layout-flex\">\n<figure class=\"wp-block-image size-large\"><img decoding=\"async\" width=\"500\" height=\"316\" data-id=\"1108321\" src=\"https:\/\/dimensionturistica.com\/es\/wp-content\/uploads\/2026\/02\/1LOGO.jpg\" alt=\"\" class=\"wp-image-1108321\" srcset=\"https:\/\/dimensionturistica.com\/es\/wp-content\/uploads\/2026\/02\/1LOGO.jpg 500w, https:\/\/dimensionturistica.com\/es\/wp-content\/uploads\/2026\/02\/1LOGO-300x190.jpg 300w\" sizes=\"(max-width: 500px) 100vw, 500px\" \/><\/figure>\n<\/figure>\n\n\n\n<p>Enero se fue casi sin avisar, pero la CDMX apenas empieza a desplegar su agenda cultural. Si lo que buscas es un plan que combine movimiento, arte y momentos memorables, este primer domingo de febrero tiene todo para convertirse en tu favorito. Te recomendamos esta ruta para recorrer la ciudad con calma y dejarte sorprender.<\/p>\n\n\n\n<p>Parada 1. Ma\u00f1ana activa sobre Reforma<\/p>\n\n\n\n<figure class=\"wp-block-gallery has-nested-images columns-default is-cropped wp-block-gallery-2 is-layout-flex wp-block-gallery-is-layout-flex\">\n<figure class=\"wp-block-image size-large\"><img decoding=\"async\" width=\"500\" height=\"666\" data-id=\"1108322\" src=\"https:\/\/dimensionturistica.com\/es\/wp-content\/uploads\/2026\/02\/2LOGO.jpg\" alt=\"\" class=\"wp-image-1108322\" srcset=\"https:\/\/dimensionturistica.com\/es\/wp-content\/uploads\/2026\/02\/2LOGO.jpg 500w, https:\/\/dimensionturistica.com\/es\/wp-content\/uploads\/2026\/02\/2LOGO-225x300.jpg 225w\" sizes=\"(max-width: 500px) 100vw, 500px\" \/><\/figure>\n<\/figure>\n\n\n\n<p>Empieza el d\u00eda respirando distinto. El Paseo Dominical transforma avenida Reforma en un corredor de m\u00e1s de 60 kil\u00f3metros para caminar, correr, patinar o pedalear sin prisas. Solo necesitas unos tenis c\u00f3modos y ganas de recorrer una de las avenidas m\u00e1s ic\u00f3nicas de la ciudad mientras la ma\u00f1ana todav\u00eda est\u00e1 fresca.<\/p>\n\n\n\n<p>Tip local: \u00bfSin bici? Ecobici es una opci\u00f3n r\u00e1pida y, si no tienes cuenta, el INJUVE instala m\u00f3dulos a lo largo de Reforma donde puedes rentar una bicicleta gratis con solo presentar tu identificaci\u00f3n oficial.<\/p>\n\n\n\n<p>Parada 2. Arte urbano con mensaje<\/p>\n\n\n\n<p>Aprovecha el trayecto para detenerte en la Ruta de las Empresas, una exposici\u00f3n al aire libre impulsada por el Consejo de la Comunicaci\u00f3n y 17 empresas que usan el arte como lenguaje para reconocer la labor empresarial y su impacto social. El recorrido va del \u00c1ngel de la Independencia a la glorieta del Ahuehuete y estar\u00e1 disponible hasta el 6 de marzo.<\/p>\n\n\n\n<figure class=\"wp-block-gallery has-nested-images columns-default is-cropped wp-block-gallery-3 is-layout-flex wp-block-gallery-is-layout-flex\">\n<figure class=\"wp-block-image size-large\"><img decoding=\"async\" width=\"500\" height=\"666\" data-id=\"1108323\" src=\"https:\/\/dimensionturistica.com\/es\/wp-content\/uploads\/2026\/02\/4LOGO.jpg\" alt=\"\" class=\"wp-image-1108323\" srcset=\"https:\/\/dimensionturistica.com\/es\/wp-content\/uploads\/2026\/02\/4LOGO.jpg 500w, https:\/\/dimensionturistica.com\/es\/wp-content\/uploads\/2026\/02\/4LOGO-225x300.jpg 225w\" sizes=\"(max-width: 500px) 100vw, 500px\" \/><\/figure>\n<\/figure>\n\n\n\n<p>Imperdible: La escultura \u00a1Todos los d\u00edas LECHamos muchas ganas!, de Alpura, intervenida por el ilustrador y muralista mexicano Erick Nadam\u00e1s. La pieza destaca iniciativas con impacto positivo en arte, cultura y desarrollo social, y se encuentra frente al hotel Sofitel. Vale la pena detenerse y observar los detalles.<\/p>\n\n\n\n<p>Parada 3. \u00daltimas llamadas en Chapultepec<\/p>\n\n\n\n<p>Cuando el sol est\u00e9 m\u00e1s alto, mu\u00e9vete hacia el Bosque de Chapultepec. Es el momento perfecto para entrar a un museo y bajar el ritmo. En el Museo Tamayo, la exposici\u00f3n Futuros Arcaicos entra en su \u00faltimo mes y cerrar\u00e1 definitivamente el 1\u00b0 de marzo. \u00a1No te la pierdas!<\/p>\n\n\n\n<p>Si a\u00fan te queda energ\u00eda: El Museo Jumex tambi\u00e9n se despide de una muestra el pr\u00f3ximo 8 de febrero. La Petite Mort, de Gabriel de la Mora, recorre m\u00e1s de 20 a\u00f1os de trabajo del artista mexicano en una exposici\u00f3n intensa y muy personal.<\/p>\n\n\n\n<p>Parada 4. Un cierre dorado desde las alturas<\/p>\n\n\n\n<figure class=\"wp-block-gallery has-nested-images columns-default is-cropped wp-block-gallery-4 is-layout-flex wp-block-gallery-is-layout-flex\">\n<figure class=\"wp-block-image size-large\"><img decoding=\"async\" width=\"500\" height=\"666\" data-id=\"1108324\" src=\"https:\/\/dimensionturistica.com\/es\/wp-content\/uploads\/2026\/02\/8LOGO.jpg\" alt=\"\" class=\"wp-image-1108324\" srcset=\"https:\/\/dimensionturistica.com\/es\/wp-content\/uploads\/2026\/02\/8LOGO.jpg 500w, https:\/\/dimensionturistica.com\/es\/wp-content\/uploads\/2026\/02\/8LOGO-225x300.jpg 225w\" sizes=\"(max-width: 500px) 100vw, 500px\" \/><\/figure>\n<\/figure>\n\n\n\n<p>Para terminar el d\u00eda, ad\u00e9ntrate en la primera secci\u00f3n del Bosque y sube al Castillo de Chapultepec. El atardecer desde ah\u00ed regala una de las postales m\u00e1s bonitas de la ciudad. Rel\u00e1jate con una luz c\u00e1lida, vistas abiertas y una pausa necesaria antes de volver al ritmo cotidiano.<\/p>\n\n\n\n<p>Tip local: Los domingos la entrada es gratuita para p\u00fablico nacional y para extranjeros residentes en M\u00e9xico. No olvides que cierran a las 17:00 horas.<\/p>\n\n\n\n<p>Disfruta la CDMX y aprovecha su agenda cultural con sus espacios abiertos y todo lo que la ciudad ofrece para empezar el a\u00f1o con nuevos recorridos y buenas historias<\/p>\n","protected":false},"excerpt":{"rendered":"<p>Enero se fue casi sin avisar, pero la CDMX apenas empieza a desplegar su agenda cultural. Si lo que buscas es un plan que combine movimiento, arte y momentos memorables, este primer domingo de febrero tiene todo para convertirse en tu favorito. Te recomendamos esta ruta para recorrer la ciudad con calma y dejarte sorprender. [&hellip;]<\/p>\n","protected":false},"author":1,"featured_media":0,"comment_status":"open","ping_status":"closed","sticky":false,"template":"","format":"standard","meta":{"om_disable_all_campaigns":false,"jnews-multi-image_gallery":[],"jnews_single_post":[],"jnews_primary_category":[],"jnews_social_meta":[],"footnotes":""},"categories":[40],"tags":[],"class_list":["post-1108320","post","type-post","status-publish","format-standard","hentry","category-industria"],"_links":{"self":[{"href":"https:\/\/dimensionturistica.com\/es\/wp-json\/wp\/v2\/posts\/1108320","targetHints":{"allow":["GET"]}}],"collection":[{"href":"https:\/\/dimensionturistica.com\/es\/wp-json\/wp\/v2\/posts"}],"about":[{"href":"https:\/\/dimensionturistica.com\/es\/wp-json\/wp\/v2\/types\/post"}],"author":[{"embeddable":true,"href":"https:\/\/dimensionturistica.com\/es\/wp-json\/wp\/v2\/users\/1"}],"replies":[{"embeddable":true,"href":"https:\/\/dimensionturistica.com\/es\/wp-json\/wp\/v2\/comments?post=1108320"}],"version-history":[{"count":1,"href":"https:\/\/dimensionturistica.com\/es\/wp-json\/wp\/v2\/posts\/1108320\/revisions"}],"predecessor-version":[{"id":1108326,"href":"https:\/\/dimensionturistica.com\/es\/wp-json\/wp\/v2\/posts\/1108320\/revisions\/1108326"}],"wp:attachment":[{"href":"https:\/\/dimensionturistica.com\/es\/wp-json\/wp\/v2\/media?parent=1108320"}],"wp:term":[{"taxonomy":"category","embeddable":true,"href":"https:\/\/dimensionturistica.com\/es\/wp-json\/wp\/v2\/categories?post=1108320"},{"taxonomy":"post_tag","embeddable":true,"href":"https:\/\/dimensionturistica.com\/es\/wp-json\/wp\/v2\/tags?post=1108320"}],"curies":[{"name":"wp","href":"https:\/\/api.w.org\/{rel}","templated":true}]}}