{"id":1107673,"date":"2026-02-04T22:00:25","date_gmt":"2026-02-04T22:00:25","guid":{"rendered":"https:\/\/dimensionturistica.com\/es\/?p=1107673"},"modified":"2026-02-04T22:00:25","modified_gmt":"2026-02-04T22:00:25","slug":"british-fashion-council-nombra-a-omoda-como-socio-principal-del-london-fashion-week","status":"publish","type":"post","link":"https:\/\/dimensionturistica.com\/es\/british-fashion-council-nombra-a-omoda-como-socio-principal-del-london-fashion-week\/","title":{"rendered":"British Fashion Council nombra a OMODA como socio principal del London Fashion Week"},"content":{"rendered":"\n<figure class=\"wp-block-gallery has-nested-images columns-default is-cropped wp-block-gallery-1 is-layout-flex wp-block-gallery-is-layout-flex\">\n<figure class=\"wp-block-image size-large\"><img decoding=\"async\" width=\"479\" height=\"285\" data-id=\"1107674\" src=\"https:\/\/dimensionturistica.com\/es\/wp-content\/uploads\/2026\/02\/3OMODA-1.jpg\" alt=\"\" class=\"wp-image-1107674\" srcset=\"https:\/\/dimensionturistica.com\/es\/wp-content\/uploads\/2026\/02\/3OMODA-1.jpg 479w, https:\/\/dimensionturistica.com\/es\/wp-content\/uploads\/2026\/02\/3OMODA-1-300x178.jpg 300w\" sizes=\"(max-width: 479px) 100vw, 479px\" \/><\/figure>\n<\/figure>\n\n\n\n<p>El British Fashion Council (BFC) anunci\u00f3 a OMODA como nuevo Principal Partner de London Fashion Week (LFW), que se celebrar\u00e1 del jueves 19 al lunes 23 de febrero de 2026.<\/p>\n\n\n\n<p>La alianza busca reforzar el papel de la moda como un motor cultural con impacto global, y se construye sobre valores compartidos como el dise\u00f1o expresivo, la innovaci\u00f3n tecnol\u00f3gica y la celebraci\u00f3n de la individualidad.<\/p>\n\n\n\n<figure class=\"wp-block-gallery has-nested-images columns-default is-cropped wp-block-gallery-2 is-layout-flex wp-block-gallery-is-layout-flex\">\n<figure class=\"wp-block-image size-large\"><img decoding=\"async\" width=\"500\" height=\"422\" data-id=\"1107675\" src=\"https:\/\/dimensionturistica.com\/es\/wp-content\/uploads\/2026\/02\/1704694376584.jpg\" alt=\"\" class=\"wp-image-1107675\" srcset=\"https:\/\/dimensionturistica.com\/es\/wp-content\/uploads\/2026\/02\/1704694376584.jpg 500w, https:\/\/dimensionturistica.com\/es\/wp-content\/uploads\/2026\/02\/1704694376584-300x253.jpg 300w\" sizes=\"(max-width: 500px) 100vw, 500px\" \/><\/figure>\n<\/figure>\n\n\n\n<p>A trav\u00e9s de esta colaboraci\u00f3n, el BFC y OMODA impulsar\u00e1n una agenda que promueve creatividad, diversidad y nuevas formas de conectar con las audiencias.<\/p>\n\n\n\n<p>Presencia de OMODA en experiencias y contenido<\/p>\n\n\n\n<p>Como parte del acuerdo, OMODA apoyar\u00e1 a la dise\u00f1adora ROKSANDA en la realizaci\u00f3n de una cena \u00edntima durante la semana de la moda, adem\u00e1s de presentar un hub digital inmersivo en el BFC NEWGEN Show Space. La marca tambi\u00e9n desarrollar\u00e1 junto al British Fashion Council una serie de contenidos digitales, adem\u00e1s de colaborar en iniciativas orientadas a apoyar directamente a dise\u00f1adores.<\/p>\n\n\n\n<p>En paralelo, OMODA aprovechar\u00e1 la visibilidad del evento para presentar el nuevo OMODA 7 SHS (Sistema Super H\u00edbrido), adem\u00e1s de integrar OMODA 9 SHS (Sistema Super H\u00edbrido) en la experiencia de la semana.<\/p>\n\n\n\n<figure class=\"wp-block-gallery has-nested-images columns-default is-cropped wp-block-gallery-3 is-layout-flex wp-block-gallery-is-layout-flex\">\n<figure class=\"wp-block-image size-large\"><img decoding=\"async\" width=\"500\" height=\"336\" data-id=\"1107676\" src=\"https:\/\/dimensionturistica.com\/es\/wp-content\/uploads\/2026\/02\/11OMODA.jpg\" alt=\"\" class=\"wp-image-1107676\" srcset=\"https:\/\/dimensionturistica.com\/es\/wp-content\/uploads\/2026\/02\/11OMODA.jpg 500w, https:\/\/dimensionturistica.com\/es\/wp-content\/uploads\/2026\/02\/11OMODA-300x202.jpg 300w\" sizes=\"(max-width: 500px) 100vw, 500px\" \/><\/figure>\n<\/figure>\n\n\n\n<p>\u201cEl compromiso de OMODA con el dise\u00f1o y la innovaci\u00f3n lo convierte en un socio clave para London Fashion Week. Juntos, impulsaremos la individualidad y la creatividad, al tiempo que construimos un calendario de febrero que refleje la energ\u00eda, diversidad y ambici\u00f3n de la moda londinense\u201d. Coment\u00f3 Laura Weir, hief Executive del British Fashion Council.<\/p>\n\n\n\n<p>Por su parte, Victor Zhang, Country Director de OMODA UK, se\u00f1al\u00f3: \u201cLondon Fashion Week es una celebraci\u00f3n de la creatividad y el dise\u00f1o: valores que est\u00e1n en el centro de OMODA como marca. Como Principal Partner, nos enorgullece formar parte de un momento cultural que impulsa el dise\u00f1o audaz y la autoexpresi\u00f3n, en el coraz\u00f3n de la capital. Con el OMODA 7 SHS y el OMODA 9 SHS presentes durante toda la semana, mostramos veh\u00edculos que combinan estilo, lujo y flexibilidad h\u00edbrida, dise\u00f1ados para acompa\u00f1arte desde momentos de primera fila hasta la vida cotidiana con confianza y facilidad\u201d.<\/p>\n\n\n\n<p>Contexto global de Grupo Chirey<\/p>\n\n\n\n<figure class=\"wp-block-gallery has-nested-images columns-default is-cropped wp-block-gallery-4 is-layout-flex wp-block-gallery-is-layout-flex\"><\/figure>\n\n\n\n<figure class=\"wp-block-gallery has-nested-images columns-default is-cropped wp-block-gallery-5 is-layout-flex wp-block-gallery-is-layout-flex\">\n<figure class=\"wp-block-image size-large\"><img decoding=\"async\" width=\"506\" height=\"356\" data-id=\"1107677\" src=\"https:\/\/dimensionturistica.com\/es\/wp-content\/uploads\/2026\/02\/58OMODA.jpg\" alt=\"\" class=\"wp-image-1107677\" srcset=\"https:\/\/dimensionturistica.com\/es\/wp-content\/uploads\/2026\/02\/58OMODA.jpg 506w, https:\/\/dimensionturistica.com\/es\/wp-content\/uploads\/2026\/02\/58OMODA-300x211.jpg 300w\" sizes=\"(max-width: 506px) 100vw, 506px\" \/><\/figure>\n<\/figure>\n\n\n\n<p>En 2025, Grupo Chirey, empresa matriz de OMODA y JAECOO, se ubic\u00f3 en el lugar 233 del ranking Fortune Global 500, registrando el ascenso m\u00e1s r\u00e1pido entre las compa\u00f1\u00edas automotrices a nivel global. En ese mismo periodo, el grupo mantuvo su posici\u00f3n como el mayor exportador chino de veh\u00edculos de pasajeros durante 23 a\u00f1os consecutivos.<\/p>\n\n\n\n<p>Para 2025, OMODA y JAECOO expandieron su presencia a 64 mercados en regiones como Europa, Asia, Australia, \u00c1frica, Am\u00e9rica Latina y Medio Oriente. En el campo de nuevas energ\u00edas, la marca impulsa su portafolio con la tecnolog\u00eda SHS (Sistema Super H\u00edbrido), l\u00edder mundial en rango de autonom\u00eda combinada.<\/p>\n\n\n\n<figure class=\"wp-block-gallery has-nested-images columns-default is-cropped wp-block-gallery-6 is-layout-flex wp-block-gallery-is-layout-flex\">\n<figure class=\"wp-block-image size-large\"><img decoding=\"async\" width=\"500\" height=\"152\" data-id=\"1107678\" src=\"https:\/\/dimensionturistica.com\/es\/wp-content\/uploads\/2026\/02\/7OMODA.jpg\" alt=\"\" class=\"wp-image-1107678\" srcset=\"https:\/\/dimensionturistica.com\/es\/wp-content\/uploads\/2026\/02\/7OMODA.jpg 500w, https:\/\/dimensionturistica.com\/es\/wp-content\/uploads\/2026\/02\/7OMODA-300x91.jpg 300w\" sizes=\"(max-width: 500px) 100vw, 500px\" \/><\/figure>\n<\/figure>\n\n\n\n<p>Conoce m\u00e1s de Chirey I OMODA I JAECOO en nuestras cuentas oficiales:<\/p>\n\n\n\n<p>Facebook: CHIREY I&nbsp; OMODA JAECOO<\/p>\n\n\n\n<p>Instagram: CHIREY I OMODA JAECOO<\/p>\n\n\n\n<p>TikTok: CHIREY I OMODA JAECOO<\/p>\n\n\n\n<p>Sitios:www.chirey.mx&nbsp; www.omoda.mx&nbsp; www.jaecoo.mx&nbsp;<\/p>\n","protected":false},"excerpt":{"rendered":"<p>El British Fashion Council (BFC) anunci\u00f3 a OMODA como nuevo Principal Partner de London Fashion Week (LFW), que se celebrar\u00e1 del jueves 19 al lunes 23 de febrero de 2026. La alianza busca reforzar el papel de la moda como un motor cultural con impacto global, y se construye sobre valores compartidos como el dise\u00f1o [&hellip;]<\/p>\n","protected":false},"author":1,"featured_media":0,"comment_status":"open","ping_status":"closed","sticky":false,"template":"","format":"standard","meta":{"om_disable_all_campaigns":false,"jnews-multi-image_gallery":[],"jnews_single_post":[],"jnews_primary_category":[],"jnews_social_meta":[],"footnotes":""},"categories":[40],"tags":[],"class_list":["post-1107673","post","type-post","status-publish","format-standard","hentry","category-industria"],"_links":{"self":[{"href":"https:\/\/dimensionturistica.com\/es\/wp-json\/wp\/v2\/posts\/1107673","targetHints":{"allow":["GET"]}}],"collection":[{"href":"https:\/\/dimensionturistica.com\/es\/wp-json\/wp\/v2\/posts"}],"about":[{"href":"https:\/\/dimensionturistica.com\/es\/wp-json\/wp\/v2\/types\/post"}],"author":[{"embeddable":true,"href":"https:\/\/dimensionturistica.com\/es\/wp-json\/wp\/v2\/users\/1"}],"replies":[{"embeddable":true,"href":"https:\/\/dimensionturistica.com\/es\/wp-json\/wp\/v2\/comments?post=1107673"}],"version-history":[{"count":1,"href":"https:\/\/dimensionturistica.com\/es\/wp-json\/wp\/v2\/posts\/1107673\/revisions"}],"predecessor-version":[{"id":1107679,"href":"https:\/\/dimensionturistica.com\/es\/wp-json\/wp\/v2\/posts\/1107673\/revisions\/1107679"}],"wp:attachment":[{"href":"https:\/\/dimensionturistica.com\/es\/wp-json\/wp\/v2\/media?parent=1107673"}],"wp:term":[{"taxonomy":"category","embeddable":true,"href":"https:\/\/dimensionturistica.com\/es\/wp-json\/wp\/v2\/categories?post=1107673"},{"taxonomy":"post_tag","embeddable":true,"href":"https:\/\/dimensionturistica.com\/es\/wp-json\/wp\/v2\/tags?post=1107673"}],"curies":[{"name":"wp","href":"https:\/\/api.w.org\/{rel}","templated":true}]}}